{"id":1958,"date":"2024-05-17T15:57:11","date_gmt":"2024-05-17T15:57:11","guid":{"rendered":"https:\/\/torredonjimenoactualidad.com\/?p=1958"},"modified":"2024-05-17T15:57:13","modified_gmt":"2024-05-17T15:57:13","slug":"detenido-un-joven-acusado-de-robar-en-el-interior-de-cuatro-viviendas-deshabitadas-de-jamilena","status":"publish","type":"post","link":"https:\/\/torredonjimenoactualidad.com\/index.php\/2024\/05\/17\/detenido-un-joven-acusado-de-robar-en-el-interior-de-cuatro-viviendas-deshabitadas-de-jamilena\/","title":{"rendered":"Detenido un joven acusado de robar en el interior de cuatro viviendas deshabitadas de Jamilena"},"content":{"rendered":"\n<p>La Guardia Civil ha detenido a un joven de Jamilena , de 19 a\u00f1os, como presunto autor de cuatro delitos de robo en interior de viviendas y un delito de ocupaci\u00f3n de inmueble.<\/p>\n\n\n\n<p>Las investigaciones comenzaron a ra\u00edz del requerimiento de la Guardia Civil, por el titular de una vivienda de Jamilena, que se encontraba deshabitada pero en cuyo interior hab\u00eda localizado diverso mobiliario, electrodom\u00e9sticos y objetos, de los que desconoc\u00eda su procedencia.<\/p>\n\n\n\n<p>A ra\u00edz de las investigaciones llevadas a cabo por agentes de la Guardia Civil de Jamilena y Martos, se pudo comprobar que el mobiliario, electrodom\u00e9sticos y dem\u00e1s objetos encontrados en la citada vivienda, hab\u00edan sido robados en viviendas pr\u00f3ximas que tambi\u00e9n estaban deshabitadas.<\/p>\n\n\n\n<p>El detenido, supuestamente ocupaba una vivienda y acced\u00eda a trav\u00e9s de patios o por escalo, a otras casas cercanas para sustraer y llevarse mobiliario, electrodom\u00e9sticos y objetos, que dejaba almacenados en la vivienda que previamente hab\u00eda ocupado ilegalmente.<\/p>\n","protected":false},"excerpt":{"rendered":"<p>La Guardia Civil ha detenido a un joven de Jamilena , de 19 a\u00f1os, como presunto autor de cuatro delitos de robo en interior de viviendas y un delito de ocupaci\u00f3n de inmueble. Las investigaciones comenzaron a ra\u00edz del requerimiento de la Guardia Civil, por el titular de una vivienda de Jamilena, que se encontraba &hellip;<\/p>\n<p class=\"read-more\"> <a class=\"\" href=\"https:\/\/torredonjimenoactualidad.com\/index.php\/2024\/05\/17\/detenido-un-joven-acusado-de-robar-en-el-interior-de-cuatro-viviendas-deshabitadas-de-jamilena\/\"> <span class=\"screen-reader-text\">Detenido un joven acusado de robar en el interior de cuatro viviendas deshabitadas de Jamilena<\/span> Leer m\u00e1s &raquo;<\/a><\/p>\n","protected":false},"author":3,"featured_media":1959,"comment_status":"closed","ping_status":"open","sticky":false,"template":"","format":"standard","meta":{"site-sidebar-layout":"default","site-content-layout":"default","ast-global-header-display":"","ast-main-header-display":"","ast-hfb-above-header-display":"","ast-hfb-below-header-display":"","ast-hfb-mobile-header-display":"","site-post-title":"","ast-breadcrumbs-content":"","ast-featured-img":"","footer-sml-layout":"","theme-transparent-header-meta":"","adv-header-id-meta":"","stick-header-meta":"","header-above-stick-meta":"","header-main-stick-meta":"","header-below-stick-meta":"","footnotes":""},"categories":[8],"tags":[],"class_list":["post-1958","post","type-post","status-publish","format-standard","has-post-thumbnail","hentry","category-provincia"],"yoast_head":"<!-- This site is optimized with the Yoast SEO plugin v20.8 - https:\/\/yoast.com\/wordpress\/plugins\/seo\/ -->\n<title>Detenido un joven acusado de robar en el interior de cuatro viviendas deshabitadas de Jamilena - Torredonjimeno Actualidad<\/title>\n<meta name=\"robots\" content=\"index, follow, max-snippet:-1, max-image-preview:large, max-video-preview:-1\" \/>\n<link rel=\"canonical\" href=\"https:\/\/torredonjimenoactualidad.com\/index.php\/2024\/05\/17\/detenido-un-joven-acusado-de-robar-en-el-interior-de-cuatro-viviendas-deshabitadas-de-jamilena\/\" \/>\n<meta property=\"og:locale\" content=\"es_ES\" \/>\n<meta property=\"og:type\" content=\"article\" \/>\n<meta property=\"og:title\" content=\"Detenido un joven acusado de robar en el interior de cuatro viviendas deshabitadas de Jamilena - Torredonjimeno Actualidad\" \/>\n<meta property=\"og:description\" content=\"La Guardia Civil ha detenido a un joven de Jamilena , de 19 a\u00f1os, como presunto autor de cuatro delitos de robo en interior de viviendas y un delito de ocupaci\u00f3n de inmueble. Las investigaciones comenzaron a ra\u00edz del requerimiento de la Guardia Civil, por el titular de una vivienda de Jamilena, que se encontraba &hellip; Detenido un joven acusado de robar en el interior de cuatro viviendas deshabitadas de Jamilena Leer m\u00e1s &raquo;\" \/>\n<meta property=\"og:url\" content=\"https:\/\/torredonjimenoactualidad.com\/index.php\/2024\/05\/17\/detenido-un-joven-acusado-de-robar-en-el-interior-de-cuatro-viviendas-deshabitadas-de-jamilena\/\" \/>\n<meta property=\"og:site_name\" content=\"Torredonjimeno Actualidad\" \/>\n<meta property=\"article:published_time\" content=\"2024-05-17T15:57:11+00:00\" \/>\n<meta property=\"article:modified_time\" content=\"2024-05-17T15:57:13+00:00\" \/>\n<meta property=\"og:image\" content=\"https:\/\/torredonjimenoactualidad.com\/wp-content\/uploads\/2024\/05\/fotonoticia_20240517144130_1920.jpg\" \/>\n\t<meta property=\"og:image:width\" content=\"1920\" \/>\n\t<meta property=\"og:image:height\" content=\"1097\" \/>\n\t<meta property=\"og:image:type\" content=\"image\/jpeg\" \/>\n<meta name=\"author\" content=\"Redaccion\" \/>\n<meta name=\"twitter:card\" content=\"summary_large_image\" \/>\n<meta name=\"twitter:label1\" content=\"Escrito por\" \/>\n\t<meta name=\"twitter:data1\" content=\"Redaccion\" \/>\n\t<meta name=\"twitter:label2\" content=\"Tiempo de lectura\" \/>\n\t<meta name=\"twitter:data2\" content=\"1 minuto\" \/>\n<script type=\"application\/ld+json\" class=\"yoast-schema-graph\">{\"@context\":\"https:\/\/schema.org\",\"@graph\":[{\"@type\":\"Article\",\"@id\":\"https:\/\/torredonjimenoactualidad.com\/index.php\/2024\/05\/17\/detenido-un-joven-acusado-de-robar-en-el-interior-de-cuatro-viviendas-deshabitadas-de-jamilena\/#article\",\"isPartOf\":{\"@id\":\"https:\/\/torredonjimenoactualidad.com\/index.php\/2024\/05\/17\/detenido-un-joven-acusado-de-robar-en-el-interior-de-cuatro-viviendas-deshabitadas-de-jamilena\/\"},\"author\":{\"name\":\"Redaccion\",\"@id\":\"https:\/\/torredonjimenoactualidad.com\/#\/schema\/person\/11f05803cdf40dbeb7f4fbf2365c9ac5\"},\"headline\":\"Detenido un joven acusado de robar en el interior de cuatro viviendas deshabitadas de Jamilena\",\"datePublished\":\"2024-05-17T15:57:11+00:00\",\"dateModified\":\"2024-05-17T15:57:13+00:00\",\"mainEntityOfPage\":{\"@id\":\"https:\/\/torredonjimenoactualidad.com\/index.php\/2024\/05\/17\/detenido-un-joven-acusado-de-robar-en-el-interior-de-cuatro-viviendas-deshabitadas-de-jamilena\/\"},\"wordCount\":183,\"publisher\":{\"@id\":\"https:\/\/torredonjimenoactualidad.com\/#organization\"},\"articleSection\":[\"provincia\"],\"inLanguage\":\"es\"},{\"@type\":\"WebPage\",\"@id\":\"https:\/\/torredonjimenoactualidad.com\/index.php\/2024\/05\/17\/detenido-un-joven-acusado-de-robar-en-el-interior-de-cuatro-viviendas-deshabitadas-de-jamilena\/\",\"url\":\"https:\/\/torredonjimenoactualidad.com\/index.php\/2024\/05\/17\/detenido-un-joven-acusado-de-robar-en-el-interior-de-cuatro-viviendas-deshabitadas-de-jamilena\/\",\"name\":\"Detenido un joven acusado de robar en el interior de cuatro viviendas deshabitadas de Jamilena - Torredonjimeno Actualidad\",\"isPartOf\":{\"@id\":\"https:\/\/torredonjimenoactualidad.com\/#website\"},\"datePublished\":\"2024-05-17T15:57:11+00:00\",\"dateModified\":\"2024-05-17T15:57:13+00:00\",\"breadcrumb\":{\"@id\":\"https:\/\/torredonjimenoactualidad.com\/index.php\/2024\/05\/17\/detenido-un-joven-acusado-de-robar-en-el-interior-de-cuatro-viviendas-deshabitadas-de-jamilena\/#breadcrumb\"},\"inLanguage\":\"es\",\"potentialAction\":[{\"@type\":\"ReadAction\",\"target\":[\"https:\/\/torredonjimenoactualidad.com\/index.php\/2024\/05\/17\/detenido-un-joven-acusado-de-robar-en-el-interior-de-cuatro-viviendas-deshabitadas-de-jamilena\/\"]}]},{\"@type\":\"BreadcrumbList\",\"@id\":\"https:\/\/torredonjimenoactualidad.com\/index.php\/2024\/05\/17\/detenido-un-joven-acusado-de-robar-en-el-interior-de-cuatro-viviendas-deshabitadas-de-jamilena\/#breadcrumb\",\"itemListElement\":[{\"@type\":\"ListItem\",\"position\":1,\"name\":\"Portada\",\"item\":\"https:\/\/torredonjimenoactualidad.com\/\"},{\"@type\":\"ListItem\",\"position\":2,\"name\":\"Detenido un joven acusado de robar en el interior de cuatro viviendas deshabitadas de Jamilena\"}]},{\"@type\":\"WebSite\",\"@id\":\"https:\/\/torredonjimenoactualidad.com\/#website\",\"url\":\"https:\/\/torredonjimenoactualidad.com\/\",\"name\":\"Torredonjimeno Actualidad\",\"description\":\"\",\"publisher\":{\"@id\":\"https:\/\/torredonjimenoactualidad.com\/#organization\"},\"potentialAction\":[{\"@type\":\"SearchAction\",\"target\":{\"@type\":\"EntryPoint\",\"urlTemplate\":\"https:\/\/torredonjimenoactualidad.com\/?s={search_term_string}\"},\"query-input\":\"required name=search_term_string\"}],\"inLanguage\":\"es\"},{\"@type\":\"Organization\",\"@id\":\"https:\/\/torredonjimenoactualidad.com\/#organization\",\"name\":\"Torredonjimeno Actualidad\",\"url\":\"https:\/\/torredonjimenoactualidad.com\/\",\"logo\":{\"@type\":\"ImageObject\",\"inLanguage\":\"es\",\"@id\":\"https:\/\/torredonjimenoactualidad.com\/#\/schema\/logo\/image\/\",\"url\":\"https:\/\/torredonjimenoactualidad.com\/wp-content\/uploads\/2023\/02\/logo-torredonjimeno-544x180-1.png\",\"contentUrl\":\"https:\/\/torredonjimenoactualidad.com\/wp-content\/uploads\/2023\/02\/logo-torredonjimeno-544x180-1.png\",\"width\":545,\"height\":112,\"caption\":\"Torredonjimeno Actualidad\"},\"image\":{\"@id\":\"https:\/\/torredonjimenoactualidad.com\/#\/schema\/logo\/image\/\"}},{\"@type\":\"Person\",\"@id\":\"https:\/\/torredonjimenoactualidad.com\/#\/schema\/person\/11f05803cdf40dbeb7f4fbf2365c9ac5\",\"name\":\"Redaccion\",\"image\":{\"@type\":\"ImageObject\",\"inLanguage\":\"es\",\"@id\":\"https:\/\/torredonjimenoactualidad.com\/#\/schema\/person\/image\/\",\"url\":\"https:\/\/secure.gravatar.com\/avatar\/5917bab7eff43e17746fd29b509939469470810b6b989b7cc2f89e3188399bf3?s=96&d=mm&r=g\",\"contentUrl\":\"https:\/\/secure.gravatar.com\/avatar\/5917bab7eff43e17746fd29b509939469470810b6b989b7cc2f89e3188399bf3?s=96&d=mm&r=g\",\"caption\":\"Redaccion\"},\"url\":\"https:\/\/torredonjimenoactualidad.com\/index.php\/author\/jose-bueno\/\"}]}<\/script>\n<!-- \/ Yoast SEO plugin. -->","yoast_head_json":{"title":"Detenido un joven acusado de robar en el interior de cuatro viviendas deshabitadas de Jamilena - Torredonjimeno Actualidad","robots":{"index":"index","follow":"follow","max-snippet":"max-snippet:-1","max-image-preview":"max-image-preview:large","max-video-preview":"max-video-preview:-1"},"canonical":"https:\/\/torredonjimenoactualidad.com\/index.php\/2024\/05\/17\/detenido-un-joven-acusado-de-robar-en-el-interior-de-cuatro-viviendas-deshabitadas-de-jamilena\/","og_locale":"es_ES","og_type":"article","og_title":"Detenido un joven acusado de robar en el interior de cuatro viviendas deshabitadas de Jamilena - Torredonjimeno Actualidad","og_description":"La Guardia Civil ha detenido a un joven de Jamilena , de 19 a\u00f1os, como presunto autor de cuatro delitos de robo en interior de viviendas y un delito de ocupaci\u00f3n de inmueble. Las investigaciones comenzaron a ra\u00edz del requerimiento de la Guardia Civil, por el titular de una vivienda de Jamilena, que se encontraba &hellip; Detenido un joven acusado de robar en el interior de cuatro viviendas deshabitadas de Jamilena Leer m\u00e1s &raquo;","og_url":"https:\/\/torredonjimenoactualidad.com\/index.php\/2024\/05\/17\/detenido-un-joven-acusado-de-robar-en-el-interior-de-cuatro-viviendas-deshabitadas-de-jamilena\/","og_site_name":"Torredonjimeno Actualidad","article_published_time":"2024-05-17T15:57:11+00:00","article_modified_time":"2024-05-17T15:57:13+00:00","og_image":[{"width":1920,"height":1097,"url":"https:\/\/torredonjimenoactualidad.com\/wp-content\/uploads\/2024\/05\/fotonoticia_20240517144130_1920.jpg","type":"image\/jpeg"}],"author":"Redaccion","twitter_card":"summary_large_image","twitter_misc":{"Escrito por":"Redaccion","Tiempo de lectura":"1 minuto"},"schema":{"@context":"https:\/\/schema.org","@graph":[{"@type":"Article","@id":"https:\/\/torredonjimenoactualidad.com\/index.php\/2024\/05\/17\/detenido-un-joven-acusado-de-robar-en-el-interior-de-cuatro-viviendas-deshabitadas-de-jamilena\/#article","isPartOf":{"@id":"https:\/\/torredonjimenoactualidad.com\/index.php\/2024\/05\/17\/detenido-un-joven-acusado-de-robar-en-el-interior-de-cuatro-viviendas-deshabitadas-de-jamilena\/"},"author":{"name":"Redaccion","@id":"https:\/\/torredonjimenoactualidad.com\/#\/schema\/person\/11f05803cdf40dbeb7f4fbf2365c9ac5"},"headline":"Detenido un joven acusado de robar en el interior de cuatro viviendas deshabitadas de Jamilena","datePublished":"2024-05-17T15:57:11+00:00","dateModified":"2024-05-17T15:57:13+00:00","mainEntityOfPage":{"@id":"https:\/\/torredonjimenoactualidad.com\/index.php\/2024\/05\/17\/detenido-un-joven-acusado-de-robar-en-el-interior-de-cuatro-viviendas-deshabitadas-de-jamilena\/"},"wordCount":183,"publisher":{"@id":"https:\/\/torredonjimenoactualidad.com\/#organization"},"articleSection":["provincia"],"inLanguage":"es"},{"@type":"WebPage","@id":"https:\/\/torredonjimenoactualidad.com\/index.php\/2024\/05\/17\/detenido-un-joven-acusado-de-robar-en-el-interior-de-cuatro-viviendas-deshabitadas-de-jamilena\/","url":"https:\/\/torredonjimenoactualidad.com\/index.php\/2024\/05\/17\/detenido-un-joven-acusado-de-robar-en-el-interior-de-cuatro-viviendas-deshabitadas-de-jamilena\/","name":"Detenido un joven acusado de robar en el interior de cuatro viviendas deshabitadas de Jamilena - Torredonjimeno Actualidad","isPartOf":{"@id":"https:\/\/torredonjimenoactualidad.com\/#website"},"datePublished":"2024-05-17T15:57:11+00:00","dateModified":"2024-05-17T15:57:13+00:00","breadcrumb":{"@id":"https:\/\/torredonjimenoactualidad.com\/index.php\/2024\/05\/17\/detenido-un-joven-acusado-de-robar-en-el-interior-de-cuatro-viviendas-deshabitadas-de-jamilena\/#breadcrumb"},"inLanguage":"es","potentialAction":[{"@type":"ReadAction","target":["https:\/\/torredonjimenoactualidad.com\/index.php\/2024\/05\/17\/detenido-un-joven-acusado-de-robar-en-el-interior-de-cuatro-viviendas-deshabitadas-de-jamilena\/"]}]},{"@type":"BreadcrumbList","@id":"https:\/\/torredonjimenoactualidad.com\/index.php\/2024\/05\/17\/detenido-un-joven-acusado-de-robar-en-el-interior-de-cuatro-viviendas-deshabitadas-de-jamilena\/#breadcrumb","itemListElement":[{"@type":"ListItem","position":1,"name":"Portada","item":"https:\/\/torredonjimenoactualidad.com\/"},{"@type":"ListItem","position":2,"name":"Detenido un joven acusado de robar en el interior de cuatro viviendas deshabitadas de Jamilena"}]},{"@type":"WebSite","@id":"https:\/\/torredonjimenoactualidad.com\/#website","url":"https:\/\/torredonjimenoactualidad.com\/","name":"Torredonjimeno Actualidad","description":"","publisher":{"@id":"https:\/\/torredonjimenoactualidad.com\/#organization"},"potentialAction":[{"@type":"SearchAction","target":{"@type":"EntryPoint","urlTemplate":"https:\/\/torredonjimenoactualidad.com\/?s={search_term_string}"},"query-input":"required name=search_term_string"}],"inLanguage":"es"},{"@type":"Organization","@id":"https:\/\/torredonjimenoactualidad.com\/#organization","name":"Torredonjimeno Actualidad","url":"https:\/\/torredonjimenoactualidad.com\/","logo":{"@type":"ImageObject","inLanguage":"es","@id":"https:\/\/torredonjimenoactualidad.com\/#\/schema\/logo\/image\/","url":"https:\/\/torredonjimenoactualidad.com\/wp-content\/uploads\/2023\/02\/logo-torredonjimeno-544x180-1.png","contentUrl":"https:\/\/torredonjimenoactualidad.com\/wp-content\/uploads\/2023\/02\/logo-torredonjimeno-544x180-1.png","width":545,"height":112,"caption":"Torredonjimeno Actualidad"},"image":{"@id":"https:\/\/torredonjimenoactualidad.com\/#\/schema\/logo\/image\/"}},{"@type":"Person","@id":"https:\/\/torredonjimenoactualidad.com\/#\/schema\/person\/11f05803cdf40dbeb7f4fbf2365c9ac5","name":"Redaccion","image":{"@type":"ImageObject","inLanguage":"es","@id":"https:\/\/torredonjimenoactualidad.com\/#\/schema\/person\/image\/","url":"https:\/\/secure.gravatar.com\/avatar\/5917bab7eff43e17746fd29b509939469470810b6b989b7cc2f89e3188399bf3?s=96&d=mm&r=g","contentUrl":"https:\/\/secure.gravatar.com\/avatar\/5917bab7eff43e17746fd29b509939469470810b6b989b7cc2f89e3188399bf3?s=96&d=mm&r=g","caption":"Redaccion"},"url":"https:\/\/torredonjimenoactualidad.com\/index.php\/author\/jose-bueno\/"}]}},"_links":{"self":[{"href":"https:\/\/torredonjimenoactualidad.com\/index.php\/wp-json\/wp\/v2\/posts\/1958","targetHints":{"allow":["GET"]}}],"collection":[{"href":"https:\/\/torredonjimenoactualidad.com\/index.php\/wp-json\/wp\/v2\/posts"}],"about":[{"href":"https:\/\/torredonjimenoactualidad.com\/index.php\/wp-json\/wp\/v2\/types\/post"}],"author":[{"embeddable":true,"href":"https:\/\/torredonjimenoactualidad.com\/index.php\/wp-json\/wp\/v2\/users\/3"}],"replies":[{"embeddable":true,"href":"https:\/\/torredonjimenoactualidad.com\/index.php\/wp-json\/wp\/v2\/comments?post=1958"}],"version-history":[{"count":1,"href":"https:\/\/torredonjimenoactualidad.com\/index.php\/wp-json\/wp\/v2\/posts\/1958\/revisions"}],"predecessor-version":[{"id":1960,"href":"https:\/\/torredonjimenoactualidad.com\/index.php\/wp-json\/wp\/v2\/posts\/1958\/revisions\/1960"}],"wp:featuredmedia":[{"embeddable":true,"href":"https:\/\/torredonjimenoactualidad.com\/index.php\/wp-json\/wp\/v2\/media\/1959"}],"wp:attachment":[{"href":"https:\/\/torredonjimenoactualidad.com\/index.php\/wp-json\/wp\/v2\/media?parent=1958"}],"wp:term":[{"taxonomy":"category","embeddable":true,"href":"https:\/\/torredonjimenoactualidad.com\/index.php\/wp-json\/wp\/v2\/categories?post=1958"},{"taxonomy":"post_tag","embeddable":true,"href":"https:\/\/torredonjimenoactualidad.com\/index.php\/wp-json\/wp\/v2\/tags?post=1958"}],"curies":[{"name":"wp","href":"https:\/\/api.w.org\/{rel}","templated":true}]}}