{"id":1952,"date":"2024-05-16T18:44:18","date_gmt":"2024-05-16T18:44:18","guid":{"rendered":"https:\/\/torredonjimenoactualidad.com\/?p=1952"},"modified":"2024-05-16T18:50:28","modified_gmt":"2024-05-16T18:50:28","slug":"torredonjimeno-refuerza-su-compromiso-en-la-lucha-contra-la-violencia-de-genero","status":"publish","type":"post","link":"https:\/\/torredonjimenoactualidad.com\/index.php\/2024\/05\/16\/torredonjimeno-refuerza-su-compromiso-en-la-lucha-contra-la-violencia-de-genero\/","title":{"rendered":"Torredonjimeno refuerza su compromiso en la lucha contra la violencia\u00a0\u00a0de g\u00e9nero"},"content":{"rendered":"\n<p>En un esfuerzo continuado por combatir la violencia de g\u00e9nero, ayer se reuni\u00f3 en Torredonjimeno la Comisi\u00f3n de Seguimiento Local dedicada a la atenci\u00f3n, lucha y erradicaci\u00f3n de la violencia machista. El encuentro cont\u00f3 con la presencia de destacadas autoridades como \u00c1ngeles Isac, directora del Instituto Andaluz de la Mujer en Ja\u00e9n, el alcalde Enrique Castro, y la concejal de Igualdad y Mujer, Ana Bel\u00e9n Lara, adem\u00e1s de agentes de la Polic\u00eda Local y t\u00e9cnicas del Centro Municipal de Informaci\u00f3n a la Mujer.<\/p>\n\n\n\n<p>La coordinaci\u00f3n y organizaci\u00f3n efectiva entre los distintos instituciones y organismos p\u00fablicos, fue el tema central de la comisi\u00f3n, destacando la necesidad de implementar pol\u00edticas integrales y disponer de recursos espec\u00edficos para atajar esta lacra social. Durante la reuni\u00f3n se subray\u00f3 la importancia de la colaboraci\u00f3n entre las distintas instituciones para asegurar una respuesta adecuada y eficaz en la protecci\u00f3n y el apoyo a las v\u00edctimas.<\/p>\n\n\n\n<p>En Torredonjimeno se viene afianzando desde hace unos a\u00f1os la implementaci\u00f3n de estrategias proactivas y medidas concretas para prevenir y combatir la violencia de g\u00e9nero, un problema que sigue siendo uno de los mayores desaf\u00edos sociales. Las decisiones adoptadas en esta comisi\u00f3n reafirman el compromiso de la localidad en mantener y fortalecer las herramientas y los recursos necesarios para garantizar la seguridad y el bienestar de todas las mujeres tosirianas que sufren o sufran violencia.<\/p>\n","protected":false},"excerpt":{"rendered":"<p>En un esfuerzo continuado por combatir la violencia de g\u00e9nero, ayer se reuni\u00f3 en Torredonjimeno la Comisi\u00f3n de Seguimiento Local dedicada a la atenci\u00f3n, lucha y erradicaci\u00f3n de la violencia machista. El encuentro cont\u00f3 con la presencia de destacadas autoridades como \u00c1ngeles Isac, directora del Instituto Andaluz de la Mujer en Ja\u00e9n, el alcalde Enrique &hellip;<\/p>\n<p class=\"read-more\"> <a class=\"\" href=\"https:\/\/torredonjimenoactualidad.com\/index.php\/2024\/05\/16\/torredonjimeno-refuerza-su-compromiso-en-la-lucha-contra-la-violencia-de-genero\/\"> <span class=\"screen-reader-text\">Torredonjimeno refuerza su compromiso en la lucha contra la violencia\u00a0\u00a0de g\u00e9nero<\/span> Leer m\u00e1s &raquo;<\/a><\/p>\n","protected":false},"author":2,"featured_media":1953,"comment_status":"open","ping_status":"open","sticky":false,"template":"","format":"standard","meta":{"site-sidebar-layout":"default","site-content-layout":"default","ast-global-header-display":"","ast-main-header-display":"","ast-hfb-above-header-display":"","ast-hfb-below-header-display":"","ast-hfb-mobile-header-display":"","site-post-title":"","ast-breadcrumbs-content":"","ast-featured-img":"","footer-sml-layout":"","theme-transparent-header-meta":"","adv-header-id-meta":"","stick-header-meta":"","header-above-stick-meta":"","header-main-stick-meta":"","header-below-stick-meta":"","footnotes":""},"categories":[7],"tags":[],"class_list":["post-1952","post","type-post","status-publish","format-standard","has-post-thumbnail","hentry","category-local"],"yoast_head":"<!-- This site is optimized with the Yoast SEO plugin v20.8 - https:\/\/yoast.com\/wordpress\/plugins\/seo\/ -->\n<title>Torredonjimeno refuerza su compromiso en la lucha contra la violencia\u00a0\u00a0de g\u00e9nero - Torredonjimeno Actualidad<\/title>\n<meta name=\"robots\" content=\"index, follow, max-snippet:-1, max-image-preview:large, max-video-preview:-1\" \/>\n<link rel=\"canonical\" href=\"https:\/\/torredonjimenoactualidad.com\/index.php\/2024\/05\/16\/torredonjimeno-refuerza-su-compromiso-en-la-lucha-contra-la-violencia-de-genero\/\" \/>\n<meta property=\"og:locale\" content=\"es_ES\" \/>\n<meta property=\"og:type\" content=\"article\" \/>\n<meta property=\"og:title\" content=\"Torredonjimeno refuerza su compromiso en la lucha contra la violencia\u00a0\u00a0de g\u00e9nero - Torredonjimeno Actualidad\" \/>\n<meta property=\"og:description\" content=\"En un esfuerzo continuado por combatir la violencia de g\u00e9nero, ayer se reuni\u00f3 en Torredonjimeno la Comisi\u00f3n de Seguimiento Local dedicada a la atenci\u00f3n, lucha y erradicaci\u00f3n de la violencia machista. El encuentro cont\u00f3 con la presencia de destacadas autoridades como \u00c1ngeles Isac, directora del Instituto Andaluz de la Mujer en Ja\u00e9n, el alcalde Enrique &hellip; Torredonjimeno refuerza su compromiso en la lucha contra la violencia\u00a0\u00a0de g\u00e9nero Leer m\u00e1s &raquo;\" \/>\n<meta property=\"og:url\" content=\"https:\/\/torredonjimenoactualidad.com\/index.php\/2024\/05\/16\/torredonjimeno-refuerza-su-compromiso-en-la-lucha-contra-la-violencia-de-genero\/\" \/>\n<meta property=\"og:site_name\" content=\"Torredonjimeno Actualidad\" \/>\n<meta property=\"article:published_time\" content=\"2024-05-16T18:44:18+00:00\" \/>\n<meta property=\"article:modified_time\" content=\"2024-05-16T18:50:28+00:00\" \/>\n<meta property=\"og:image\" content=\"https:\/\/torredonjimenoactualidad.com\/wp-content\/uploads\/2024\/05\/436232612_778279994490931_4452967900403036871_n.jpg\" \/>\n\t<meta property=\"og:image:width\" content=\"959\" \/>\n\t<meta property=\"og:image:height\" content=\"548\" \/>\n\t<meta property=\"og:image:type\" content=\"image\/jpeg\" \/>\n<meta name=\"author\" content=\"Alba Mar\u00eda Torres\" \/>\n<meta name=\"twitter:card\" content=\"summary_large_image\" \/>\n<meta name=\"twitter:label1\" content=\"Escrito por\" \/>\n\t<meta name=\"twitter:data1\" content=\"Alba Mar\u00eda Torres\" \/>\n\t<meta name=\"twitter:label2\" content=\"Tiempo de lectura\" \/>\n\t<meta name=\"twitter:data2\" content=\"2 minutos\" \/>\n<script type=\"application\/ld+json\" class=\"yoast-schema-graph\">{\"@context\":\"https:\/\/schema.org\",\"@graph\":[{\"@type\":\"Article\",\"@id\":\"https:\/\/torredonjimenoactualidad.com\/index.php\/2024\/05\/16\/torredonjimeno-refuerza-su-compromiso-en-la-lucha-contra-la-violencia-de-genero\/#article\",\"isPartOf\":{\"@id\":\"https:\/\/torredonjimenoactualidad.com\/index.php\/2024\/05\/16\/torredonjimeno-refuerza-su-compromiso-en-la-lucha-contra-la-violencia-de-genero\/\"},\"author\":{\"name\":\"Alba Mar\u00eda Torres\",\"@id\":\"https:\/\/torredonjimenoactualidad.com\/#\/schema\/person\/84de5f233e783ef2c75151a532b54977\"},\"headline\":\"Torredonjimeno refuerza su compromiso en la lucha contra la violencia\u00a0\u00a0de g\u00e9nero\",\"datePublished\":\"2024-05-16T18:44:18+00:00\",\"dateModified\":\"2024-05-16T18:50:28+00:00\",\"mainEntityOfPage\":{\"@id\":\"https:\/\/torredonjimenoactualidad.com\/index.php\/2024\/05\/16\/torredonjimeno-refuerza-su-compromiso-en-la-lucha-contra-la-violencia-de-genero\/\"},\"wordCount\":262,\"commentCount\":0,\"publisher\":{\"@id\":\"https:\/\/torredonjimenoactualidad.com\/#organization\"},\"articleSection\":[\"local\"],\"inLanguage\":\"es\",\"potentialAction\":[{\"@type\":\"CommentAction\",\"name\":\"Comment\",\"target\":[\"https:\/\/torredonjimenoactualidad.com\/index.php\/2024\/05\/16\/torredonjimeno-refuerza-su-compromiso-en-la-lucha-contra-la-violencia-de-genero\/#respond\"]}]},{\"@type\":\"WebPage\",\"@id\":\"https:\/\/torredonjimenoactualidad.com\/index.php\/2024\/05\/16\/torredonjimeno-refuerza-su-compromiso-en-la-lucha-contra-la-violencia-de-genero\/\",\"url\":\"https:\/\/torredonjimenoactualidad.com\/index.php\/2024\/05\/16\/torredonjimeno-refuerza-su-compromiso-en-la-lucha-contra-la-violencia-de-genero\/\",\"name\":\"Torredonjimeno refuerza su compromiso en la lucha contra la violencia\u00a0\u00a0de g\u00e9nero - Torredonjimeno Actualidad\",\"isPartOf\":{\"@id\":\"https:\/\/torredonjimenoactualidad.com\/#website\"},\"datePublished\":\"2024-05-16T18:44:18+00:00\",\"dateModified\":\"2024-05-16T18:50:28+00:00\",\"breadcrumb\":{\"@id\":\"https:\/\/torredonjimenoactualidad.com\/index.php\/2024\/05\/16\/torredonjimeno-refuerza-su-compromiso-en-la-lucha-contra-la-violencia-de-genero\/#breadcrumb\"},\"inLanguage\":\"es\",\"potentialAction\":[{\"@type\":\"ReadAction\",\"target\":[\"https:\/\/torredonjimenoactualidad.com\/index.php\/2024\/05\/16\/torredonjimeno-refuerza-su-compromiso-en-la-lucha-contra-la-violencia-de-genero\/\"]}]},{\"@type\":\"BreadcrumbList\",\"@id\":\"https:\/\/torredonjimenoactualidad.com\/index.php\/2024\/05\/16\/torredonjimeno-refuerza-su-compromiso-en-la-lucha-contra-la-violencia-de-genero\/#breadcrumb\",\"itemListElement\":[{\"@type\":\"ListItem\",\"position\":1,\"name\":\"Portada\",\"item\":\"https:\/\/torredonjimenoactualidad.com\/\"},{\"@type\":\"ListItem\",\"position\":2,\"name\":\"Torredonjimeno refuerza su compromiso en la lucha contra la violencia\u00a0\u00a0de g\u00e9nero\"}]},{\"@type\":\"WebSite\",\"@id\":\"https:\/\/torredonjimenoactualidad.com\/#website\",\"url\":\"https:\/\/torredonjimenoactualidad.com\/\",\"name\":\"Torredonjimeno Actualidad\",\"description\":\"\",\"publisher\":{\"@id\":\"https:\/\/torredonjimenoactualidad.com\/#organization\"},\"potentialAction\":[{\"@type\":\"SearchAction\",\"target\":{\"@type\":\"EntryPoint\",\"urlTemplate\":\"https:\/\/torredonjimenoactualidad.com\/?s={search_term_string}\"},\"query-input\":\"required name=search_term_string\"}],\"inLanguage\":\"es\"},{\"@type\":\"Organization\",\"@id\":\"https:\/\/torredonjimenoactualidad.com\/#organization\",\"name\":\"Torredonjimeno Actualidad\",\"url\":\"https:\/\/torredonjimenoactualidad.com\/\",\"logo\":{\"@type\":\"ImageObject\",\"inLanguage\":\"es\",\"@id\":\"https:\/\/torredonjimenoactualidad.com\/#\/schema\/logo\/image\/\",\"url\":\"https:\/\/torredonjimenoactualidad.com\/wp-content\/uploads\/2023\/02\/logo-torredonjimeno-544x180-1.png\",\"contentUrl\":\"https:\/\/torredonjimenoactualidad.com\/wp-content\/uploads\/2023\/02\/logo-torredonjimeno-544x180-1.png\",\"width\":545,\"height\":112,\"caption\":\"Torredonjimeno Actualidad\"},\"image\":{\"@id\":\"https:\/\/torredonjimenoactualidad.com\/#\/schema\/logo\/image\/\"}},{\"@type\":\"Person\",\"@id\":\"https:\/\/torredonjimenoactualidad.com\/#\/schema\/person\/84de5f233e783ef2c75151a532b54977\",\"name\":\"Alba Mar\u00eda Torres\",\"image\":{\"@type\":\"ImageObject\",\"inLanguage\":\"es\",\"@id\":\"https:\/\/torredonjimenoactualidad.com\/#\/schema\/person\/image\/\",\"url\":\"https:\/\/secure.gravatar.com\/avatar\/f9371f188c71501b4475a9ba2a71595850ec72967f800a2ed8e3e2102859ed65?s=96&d=mm&r=g\",\"contentUrl\":\"https:\/\/secure.gravatar.com\/avatar\/f9371f188c71501b4475a9ba2a71595850ec72967f800a2ed8e3e2102859ed65?s=96&d=mm&r=g\",\"caption\":\"Alba Mar\u00eda Torres\"},\"url\":\"https:\/\/torredonjimenoactualidad.com\/index.php\/author\/alba-torres\/\"}]}<\/script>\n<!-- \/ Yoast SEO plugin. -->","yoast_head_json":{"title":"Torredonjimeno refuerza su compromiso en la lucha contra la violencia\u00a0\u00a0de g\u00e9nero - Torredonjimeno Actualidad","robots":{"index":"index","follow":"follow","max-snippet":"max-snippet:-1","max-image-preview":"max-image-preview:large","max-video-preview":"max-video-preview:-1"},"canonical":"https:\/\/torredonjimenoactualidad.com\/index.php\/2024\/05\/16\/torredonjimeno-refuerza-su-compromiso-en-la-lucha-contra-la-violencia-de-genero\/","og_locale":"es_ES","og_type":"article","og_title":"Torredonjimeno refuerza su compromiso en la lucha contra la violencia\u00a0\u00a0de g\u00e9nero - Torredonjimeno Actualidad","og_description":"En un esfuerzo continuado por combatir la violencia de g\u00e9nero, ayer se reuni\u00f3 en Torredonjimeno la Comisi\u00f3n de Seguimiento Local dedicada a la atenci\u00f3n, lucha y erradicaci\u00f3n de la violencia machista. El encuentro cont\u00f3 con la presencia de destacadas autoridades como \u00c1ngeles Isac, directora del Instituto Andaluz de la Mujer en Ja\u00e9n, el alcalde Enrique &hellip; Torredonjimeno refuerza su compromiso en la lucha contra la violencia\u00a0\u00a0de g\u00e9nero Leer m\u00e1s &raquo;","og_url":"https:\/\/torredonjimenoactualidad.com\/index.php\/2024\/05\/16\/torredonjimeno-refuerza-su-compromiso-en-la-lucha-contra-la-violencia-de-genero\/","og_site_name":"Torredonjimeno Actualidad","article_published_time":"2024-05-16T18:44:18+00:00","article_modified_time":"2024-05-16T18:50:28+00:00","og_image":[{"width":959,"height":548,"url":"https:\/\/torredonjimenoactualidad.com\/wp-content\/uploads\/2024\/05\/436232612_778279994490931_4452967900403036871_n.jpg","type":"image\/jpeg"}],"author":"Alba Mar\u00eda Torres","twitter_card":"summary_large_image","twitter_misc":{"Escrito por":"Alba Mar\u00eda Torres","Tiempo de lectura":"2 minutos"},"schema":{"@context":"https:\/\/schema.org","@graph":[{"@type":"Article","@id":"https:\/\/torredonjimenoactualidad.com\/index.php\/2024\/05\/16\/torredonjimeno-refuerza-su-compromiso-en-la-lucha-contra-la-violencia-de-genero\/#article","isPartOf":{"@id":"https:\/\/torredonjimenoactualidad.com\/index.php\/2024\/05\/16\/torredonjimeno-refuerza-su-compromiso-en-la-lucha-contra-la-violencia-de-genero\/"},"author":{"name":"Alba Mar\u00eda Torres","@id":"https:\/\/torredonjimenoactualidad.com\/#\/schema\/person\/84de5f233e783ef2c75151a532b54977"},"headline":"Torredonjimeno refuerza su compromiso en la lucha contra la violencia\u00a0\u00a0de g\u00e9nero","datePublished":"2024-05-16T18:44:18+00:00","dateModified":"2024-05-16T18:50:28+00:00","mainEntityOfPage":{"@id":"https:\/\/torredonjimenoactualidad.com\/index.php\/2024\/05\/16\/torredonjimeno-refuerza-su-compromiso-en-la-lucha-contra-la-violencia-de-genero\/"},"wordCount":262,"commentCount":0,"publisher":{"@id":"https:\/\/torredonjimenoactualidad.com\/#organization"},"articleSection":["local"],"inLanguage":"es","potentialAction":[{"@type":"CommentAction","name":"Comment","target":["https:\/\/torredonjimenoactualidad.com\/index.php\/2024\/05\/16\/torredonjimeno-refuerza-su-compromiso-en-la-lucha-contra-la-violencia-de-genero\/#respond"]}]},{"@type":"WebPage","@id":"https:\/\/torredonjimenoactualidad.com\/index.php\/2024\/05\/16\/torredonjimeno-refuerza-su-compromiso-en-la-lucha-contra-la-violencia-de-genero\/","url":"https:\/\/torredonjimenoactualidad.com\/index.php\/2024\/05\/16\/torredonjimeno-refuerza-su-compromiso-en-la-lucha-contra-la-violencia-de-genero\/","name":"Torredonjimeno refuerza su compromiso en la lucha contra la violencia\u00a0\u00a0de g\u00e9nero - Torredonjimeno Actualidad","isPartOf":{"@id":"https:\/\/torredonjimenoactualidad.com\/#website"},"datePublished":"2024-05-16T18:44:18+00:00","dateModified":"2024-05-16T18:50:28+00:00","breadcrumb":{"@id":"https:\/\/torredonjimenoactualidad.com\/index.php\/2024\/05\/16\/torredonjimeno-refuerza-su-compromiso-en-la-lucha-contra-la-violencia-de-genero\/#breadcrumb"},"inLanguage":"es","potentialAction":[{"@type":"ReadAction","target":["https:\/\/torredonjimenoactualidad.com\/index.php\/2024\/05\/16\/torredonjimeno-refuerza-su-compromiso-en-la-lucha-contra-la-violencia-de-genero\/"]}]},{"@type":"BreadcrumbList","@id":"https:\/\/torredonjimenoactualidad.com\/index.php\/2024\/05\/16\/torredonjimeno-refuerza-su-compromiso-en-la-lucha-contra-la-violencia-de-genero\/#breadcrumb","itemListElement":[{"@type":"ListItem","position":1,"name":"Portada","item":"https:\/\/torredonjimenoactualidad.com\/"},{"@type":"ListItem","position":2,"name":"Torredonjimeno refuerza su compromiso en la lucha contra la violencia\u00a0\u00a0de g\u00e9nero"}]},{"@type":"WebSite","@id":"https:\/\/torredonjimenoactualidad.com\/#website","url":"https:\/\/torredonjimenoactualidad.com\/","name":"Torredonjimeno Actualidad","description":"","publisher":{"@id":"https:\/\/torredonjimenoactualidad.com\/#organization"},"potentialAction":[{"@type":"SearchAction","target":{"@type":"EntryPoint","urlTemplate":"https:\/\/torredonjimenoactualidad.com\/?s={search_term_string}"},"query-input":"required name=search_term_string"}],"inLanguage":"es"},{"@type":"Organization","@id":"https:\/\/torredonjimenoactualidad.com\/#organization","name":"Torredonjimeno Actualidad","url":"https:\/\/torredonjimenoactualidad.com\/","logo":{"@type":"ImageObject","inLanguage":"es","@id":"https:\/\/torredonjimenoactualidad.com\/#\/schema\/logo\/image\/","url":"https:\/\/torredonjimenoactualidad.com\/wp-content\/uploads\/2023\/02\/logo-torredonjimeno-544x180-1.png","contentUrl":"https:\/\/torredonjimenoactualidad.com\/wp-content\/uploads\/2023\/02\/logo-torredonjimeno-544x180-1.png","width":545,"height":112,"caption":"Torredonjimeno Actualidad"},"image":{"@id":"https:\/\/torredonjimenoactualidad.com\/#\/schema\/logo\/image\/"}},{"@type":"Person","@id":"https:\/\/torredonjimenoactualidad.com\/#\/schema\/person\/84de5f233e783ef2c75151a532b54977","name":"Alba Mar\u00eda Torres","image":{"@type":"ImageObject","inLanguage":"es","@id":"https:\/\/torredonjimenoactualidad.com\/#\/schema\/person\/image\/","url":"https:\/\/secure.gravatar.com\/avatar\/f9371f188c71501b4475a9ba2a71595850ec72967f800a2ed8e3e2102859ed65?s=96&d=mm&r=g","contentUrl":"https:\/\/secure.gravatar.com\/avatar\/f9371f188c71501b4475a9ba2a71595850ec72967f800a2ed8e3e2102859ed65?s=96&d=mm&r=g","caption":"Alba Mar\u00eda Torres"},"url":"https:\/\/torredonjimenoactualidad.com\/index.php\/author\/alba-torres\/"}]}},"_links":{"self":[{"href":"https:\/\/torredonjimenoactualidad.com\/index.php\/wp-json\/wp\/v2\/posts\/1952","targetHints":{"allow":["GET"]}}],"collection":[{"href":"https:\/\/torredonjimenoactualidad.com\/index.php\/wp-json\/wp\/v2\/posts"}],"about":[{"href":"https:\/\/torredonjimenoactualidad.com\/index.php\/wp-json\/wp\/v2\/types\/post"}],"author":[{"embeddable":true,"href":"https:\/\/torredonjimenoactualidad.com\/index.php\/wp-json\/wp\/v2\/users\/2"}],"replies":[{"embeddable":true,"href":"https:\/\/torredonjimenoactualidad.com\/index.php\/wp-json\/wp\/v2\/comments?post=1952"}],"version-history":[{"count":3,"href":"https:\/\/torredonjimenoactualidad.com\/index.php\/wp-json\/wp\/v2\/posts\/1952\/revisions"}],"predecessor-version":[{"id":1957,"href":"https:\/\/torredonjimenoactualidad.com\/index.php\/wp-json\/wp\/v2\/posts\/1952\/revisions\/1957"}],"wp:featuredmedia":[{"embeddable":true,"href":"https:\/\/torredonjimenoactualidad.com\/index.php\/wp-json\/wp\/v2\/media\/1953"}],"wp:attachment":[{"href":"https:\/\/torredonjimenoactualidad.com\/index.php\/wp-json\/wp\/v2\/media?parent=1952"}],"wp:term":[{"taxonomy":"category","embeddable":true,"href":"https:\/\/torredonjimenoactualidad.com\/index.php\/wp-json\/wp\/v2\/categories?post=1952"},{"taxonomy":"post_tag","embeddable":true,"href":"https:\/\/torredonjimenoactualidad.com\/index.php\/wp-json\/wp\/v2\/tags?post=1952"}],"curies":[{"name":"wp","href":"https:\/\/api.w.org\/{rel}","templated":true}]}}