{"id":1949,"date":"2024-05-16T15:22:07","date_gmt":"2024-05-16T15:22:07","guid":{"rendered":"https:\/\/torredonjimenoactualidad.com\/?p=1949"},"modified":"2024-05-16T15:22:08","modified_gmt":"2024-05-16T15:22:08","slug":"la-v-jornada-deportiva-solidaria-juntos-contra-la-ela-se-celebrara-el-8-de-junio-en-torredonjimeno","status":"publish","type":"post","link":"https:\/\/torredonjimenoactualidad.com\/index.php\/2024\/05\/16\/la-v-jornada-deportiva-solidaria-juntos-contra-la-ela-se-celebrara-el-8-de-junio-en-torredonjimeno\/","title":{"rendered":"La V Jornada Deportiva Solidaria \u00abJuntos Contra la ELA\u00bb se celebrar\u00e1 el 8 de junio en Torredonjimeno"},"content":{"rendered":"\n<p>El pr\u00f3ximo 8 de junio, Torredonjimeno volver\u00e1 a demostrar su solidaridad con la celebraci\u00f3n de la V Jornada Deportiva Solidaria \u00abJuntos Contra la ELA\u00bb, que tendr\u00e1 lugar en la Loma de los Santos. El evento, dedicado a la memoria de Antonio Madero, vecino de la localidad que sufri\u00f3 y falleci\u00f3 a principios de este a\u00f1o por esta enfermedad, tiene como objetivo principal recaudar fondos para investigaci\u00f3n sobre la \u00a0<em>esclerosis lateral amiotr\u00f3fica<\/em>, una patolog\u00eda para la que a\u00fan no existe cura. <\/p>\n\n\n\n<p>Durante la jornada, los asistentes podr\u00e1n participar en una amplia gama de actividades dise\u00f1adas para todas las edades y gustos, promoviendo as\u00ed la inclusi\u00f3n y la participaci\u00f3n comunitaria. Entre las actividades programadas se encuentran sesiones de yoga, partidos de p\u00e1del, competiciones de bique y f\u00fatbol en categor\u00edas infantil y veterano, as\u00ed como torneos de baloncesto. Adem\u00e1s, habr\u00e1 una concentraci\u00f3n motera, un concurso de tirachinas y una animada fiesta de la espuma. <\/p>\n\n\n\n<p>Para los entusiastas del deporte y el ejercicio, se organizar\u00e1n carreras y marchas solidarias, clases de fitness y flamenco, y sesiones de pole dance, danza urbana y kangoo jump. No faltar\u00e1 tampoco una  exhibiciones caninas, que prometen ser un atractivo para los amantes de los animales.<\/p>\n\n\n\n<p>Estas jornadas no solo buscan recaudar fondos, sino tambi\u00e9n aumentar la conciencia sobre la ELA,  fortaleciendo adem\u00e1s los lazos solidarios de Torredonjimeno en la lucha contra esta enfermedad. <\/p>\n\n\n\n<p>Las personas interesadas en participar en alguna de las actividades previstas pueden ya formalizar su inscripci\u00f3n a trav\u00e9s del siguiente enlace <a href=\"https:\/\/cronofinisher.com\/evento\/v-jornadas-juntos-contra-la-ela\/?fbclid=IwZXh0bgNhZW0CMTAAAR3bUvPz_M2JiCdBdNaKL7ynd2gSWKUPMIYytOGB1G6m_T_WrLdnBYdDGKg_aem_AasHytYKs7MuIEHKqP1VPD51kYH5zrqOS8pUbkXjG5x4M6bH-RYERgy404NteSRIRd1KI50Vhw4olR7O9KNDawpi\">INSCRIPCIONES<\/a> <\/p>\n\n\n\n<p>Quienes no puedan asistir y deseen colaborar, podr\u00e1n hacerlo a trav\u00e9s de la fina cero, cuyo n\u00famero de cuenta es <strong>ES57 3067 0068 96 3312209020<\/strong><\/p>\n","protected":false},"excerpt":{"rendered":"<p>El pr\u00f3ximo 8 de junio, Torredonjimeno volver\u00e1 a demostrar su solidaridad con la celebraci\u00f3n de la V Jornada Deportiva Solidaria \u00abJuntos Contra la ELA\u00bb, que tendr\u00e1 lugar en la Loma de los Santos. El evento, dedicado a la memoria de Antonio Madero, vecino de la localidad que sufri\u00f3 y falleci\u00f3 a principios de este a\u00f1o &hellip;<\/p>\n<p class=\"read-more\"> <a class=\"\" href=\"https:\/\/torredonjimenoactualidad.com\/index.php\/2024\/05\/16\/la-v-jornada-deportiva-solidaria-juntos-contra-la-ela-se-celebrara-el-8-de-junio-en-torredonjimeno\/\"> <span class=\"screen-reader-text\">La V Jornada Deportiva Solidaria \u00abJuntos Contra la ELA\u00bb se celebrar\u00e1 el 8 de junio en Torredonjimeno<\/span> Leer m\u00e1s &raquo;<\/a><\/p>\n","protected":false},"author":2,"featured_media":1950,"comment_status":"closed","ping_status":"open","sticky":false,"template":"","format":"standard","meta":{"site-sidebar-layout":"default","site-content-layout":"default","ast-global-header-display":"","ast-main-header-display":"","ast-hfb-above-header-display":"","ast-hfb-below-header-display":"","ast-hfb-mobile-header-display":"","site-post-title":"","ast-breadcrumbs-content":"","ast-featured-img":"","footer-sml-layout":"","theme-transparent-header-meta":"","adv-header-id-meta":"","stick-header-meta":"","header-above-stick-meta":"","header-main-stick-meta":"","header-below-stick-meta":"","footnotes":""},"categories":[7],"tags":[],"class_list":["post-1949","post","type-post","status-publish","format-standard","has-post-thumbnail","hentry","category-local"],"yoast_head":"<!-- This site is optimized with the Yoast SEO plugin v20.8 - https:\/\/yoast.com\/wordpress\/plugins\/seo\/ -->\n<title>La V Jornada Deportiva Solidaria &quot;Juntos Contra la ELA&quot; se celebrar\u00e1 el 8 de junio en Torredonjimeno - Torredonjimeno Actualidad<\/title>\n<meta name=\"robots\" content=\"index, follow, max-snippet:-1, max-image-preview:large, max-video-preview:-1\" \/>\n<link rel=\"canonical\" href=\"https:\/\/torredonjimenoactualidad.com\/index.php\/2024\/05\/16\/la-v-jornada-deportiva-solidaria-juntos-contra-la-ela-se-celebrara-el-8-de-junio-en-torredonjimeno\/\" \/>\n<meta property=\"og:locale\" content=\"es_ES\" \/>\n<meta property=\"og:type\" content=\"article\" \/>\n<meta property=\"og:title\" content=\"La V Jornada Deportiva Solidaria &quot;Juntos Contra la ELA&quot; se celebrar\u00e1 el 8 de junio en Torredonjimeno - Torredonjimeno Actualidad\" \/>\n<meta property=\"og:description\" content=\"El pr\u00f3ximo 8 de junio, Torredonjimeno volver\u00e1 a demostrar su solidaridad con la celebraci\u00f3n de la V Jornada Deportiva Solidaria \u00abJuntos Contra la ELA\u00bb, que tendr\u00e1 lugar en la Loma de los Santos. El evento, dedicado a la memoria de Antonio Madero, vecino de la localidad que sufri\u00f3 y falleci\u00f3 a principios de este a\u00f1o &hellip; La V Jornada Deportiva Solidaria \u00abJuntos Contra la ELA\u00bb se celebrar\u00e1 el 8 de junio en Torredonjimeno Leer m\u00e1s &raquo;\" \/>\n<meta property=\"og:url\" content=\"https:\/\/torredonjimenoactualidad.com\/index.php\/2024\/05\/16\/la-v-jornada-deportiva-solidaria-juntos-contra-la-ela-se-celebrara-el-8-de-junio-en-torredonjimeno\/\" \/>\n<meta property=\"og:site_name\" content=\"Torredonjimeno Actualidad\" \/>\n<meta property=\"article:published_time\" content=\"2024-05-16T15:22:07+00:00\" \/>\n<meta property=\"article:modified_time\" content=\"2024-05-16T15:22:08+00:00\" \/>\n<meta property=\"og:image\" content=\"https:\/\/torredonjimenoactualidad.com\/wp-content\/uploads\/2024\/05\/ELA.jpg\" \/>\n\t<meta property=\"og:image:width\" content=\"1142\" \/>\n\t<meta property=\"og:image:height\" content=\"652\" \/>\n\t<meta property=\"og:image:type\" content=\"image\/jpeg\" \/>\n<meta name=\"author\" content=\"Alba Mar\u00eda Torres\" \/>\n<meta name=\"twitter:card\" content=\"summary_large_image\" \/>\n<meta name=\"twitter:label1\" content=\"Escrito por\" \/>\n\t<meta name=\"twitter:data1\" content=\"Alba Mar\u00eda Torres\" \/>\n\t<meta name=\"twitter:label2\" content=\"Tiempo de lectura\" \/>\n\t<meta name=\"twitter:data2\" content=\"2 minutos\" \/>\n<script type=\"application\/ld+json\" class=\"yoast-schema-graph\">{\"@context\":\"https:\/\/schema.org\",\"@graph\":[{\"@type\":\"Article\",\"@id\":\"https:\/\/torredonjimenoactualidad.com\/index.php\/2024\/05\/16\/la-v-jornada-deportiva-solidaria-juntos-contra-la-ela-se-celebrara-el-8-de-junio-en-torredonjimeno\/#article\",\"isPartOf\":{\"@id\":\"https:\/\/torredonjimenoactualidad.com\/index.php\/2024\/05\/16\/la-v-jornada-deportiva-solidaria-juntos-contra-la-ela-se-celebrara-el-8-de-junio-en-torredonjimeno\/\"},\"author\":{\"name\":\"Alba Mar\u00eda Torres\",\"@id\":\"https:\/\/torredonjimenoactualidad.com\/#\/schema\/person\/84de5f233e783ef2c75151a532b54977\"},\"headline\":\"La V Jornada Deportiva Solidaria \u00abJuntos Contra la ELA\u00bb se celebrar\u00e1 el 8 de junio en Torredonjimeno\",\"datePublished\":\"2024-05-16T15:22:07+00:00\",\"dateModified\":\"2024-05-16T15:22:08+00:00\",\"mainEntityOfPage\":{\"@id\":\"https:\/\/torredonjimenoactualidad.com\/index.php\/2024\/05\/16\/la-v-jornada-deportiva-solidaria-juntos-contra-la-ela-se-celebrara-el-8-de-junio-en-torredonjimeno\/\"},\"wordCount\":307,\"publisher\":{\"@id\":\"https:\/\/torredonjimenoactualidad.com\/#organization\"},\"articleSection\":[\"local\"],\"inLanguage\":\"es\"},{\"@type\":\"WebPage\",\"@id\":\"https:\/\/torredonjimenoactualidad.com\/index.php\/2024\/05\/16\/la-v-jornada-deportiva-solidaria-juntos-contra-la-ela-se-celebrara-el-8-de-junio-en-torredonjimeno\/\",\"url\":\"https:\/\/torredonjimenoactualidad.com\/index.php\/2024\/05\/16\/la-v-jornada-deportiva-solidaria-juntos-contra-la-ela-se-celebrara-el-8-de-junio-en-torredonjimeno\/\",\"name\":\"La V Jornada Deportiva Solidaria \\\"Juntos Contra la ELA\\\" se celebrar\u00e1 el 8 de junio en Torredonjimeno - Torredonjimeno Actualidad\",\"isPartOf\":{\"@id\":\"https:\/\/torredonjimenoactualidad.com\/#website\"},\"datePublished\":\"2024-05-16T15:22:07+00:00\",\"dateModified\":\"2024-05-16T15:22:08+00:00\",\"breadcrumb\":{\"@id\":\"https:\/\/torredonjimenoactualidad.com\/index.php\/2024\/05\/16\/la-v-jornada-deportiva-solidaria-juntos-contra-la-ela-se-celebrara-el-8-de-junio-en-torredonjimeno\/#breadcrumb\"},\"inLanguage\":\"es\",\"potentialAction\":[{\"@type\":\"ReadAction\",\"target\":[\"https:\/\/torredonjimenoactualidad.com\/index.php\/2024\/05\/16\/la-v-jornada-deportiva-solidaria-juntos-contra-la-ela-se-celebrara-el-8-de-junio-en-torredonjimeno\/\"]}]},{\"@type\":\"BreadcrumbList\",\"@id\":\"https:\/\/torredonjimenoactualidad.com\/index.php\/2024\/05\/16\/la-v-jornada-deportiva-solidaria-juntos-contra-la-ela-se-celebrara-el-8-de-junio-en-torredonjimeno\/#breadcrumb\",\"itemListElement\":[{\"@type\":\"ListItem\",\"position\":1,\"name\":\"Portada\",\"item\":\"https:\/\/torredonjimenoactualidad.com\/\"},{\"@type\":\"ListItem\",\"position\":2,\"name\":\"La V Jornada Deportiva Solidaria \u00abJuntos Contra la ELA\u00bb se celebrar\u00e1 el 8 de junio en Torredonjimeno\"}]},{\"@type\":\"WebSite\",\"@id\":\"https:\/\/torredonjimenoactualidad.com\/#website\",\"url\":\"https:\/\/torredonjimenoactualidad.com\/\",\"name\":\"Torredonjimeno Actualidad\",\"description\":\"\",\"publisher\":{\"@id\":\"https:\/\/torredonjimenoactualidad.com\/#organization\"},\"potentialAction\":[{\"@type\":\"SearchAction\",\"target\":{\"@type\":\"EntryPoint\",\"urlTemplate\":\"https:\/\/torredonjimenoactualidad.com\/?s={search_term_string}\"},\"query-input\":\"required name=search_term_string\"}],\"inLanguage\":\"es\"},{\"@type\":\"Organization\",\"@id\":\"https:\/\/torredonjimenoactualidad.com\/#organization\",\"name\":\"Torredonjimeno Actualidad\",\"url\":\"https:\/\/torredonjimenoactualidad.com\/\",\"logo\":{\"@type\":\"ImageObject\",\"inLanguage\":\"es\",\"@id\":\"https:\/\/torredonjimenoactualidad.com\/#\/schema\/logo\/image\/\",\"url\":\"https:\/\/torredonjimenoactualidad.com\/wp-content\/uploads\/2023\/02\/logo-torredonjimeno-544x180-1.png\",\"contentUrl\":\"https:\/\/torredonjimenoactualidad.com\/wp-content\/uploads\/2023\/02\/logo-torredonjimeno-544x180-1.png\",\"width\":545,\"height\":112,\"caption\":\"Torredonjimeno Actualidad\"},\"image\":{\"@id\":\"https:\/\/torredonjimenoactualidad.com\/#\/schema\/logo\/image\/\"}},{\"@type\":\"Person\",\"@id\":\"https:\/\/torredonjimenoactualidad.com\/#\/schema\/person\/84de5f233e783ef2c75151a532b54977\",\"name\":\"Alba Mar\u00eda Torres\",\"image\":{\"@type\":\"ImageObject\",\"inLanguage\":\"es\",\"@id\":\"https:\/\/torredonjimenoactualidad.com\/#\/schema\/person\/image\/\",\"url\":\"https:\/\/secure.gravatar.com\/avatar\/f9371f188c71501b4475a9ba2a71595850ec72967f800a2ed8e3e2102859ed65?s=96&d=mm&r=g\",\"contentUrl\":\"https:\/\/secure.gravatar.com\/avatar\/f9371f188c71501b4475a9ba2a71595850ec72967f800a2ed8e3e2102859ed65?s=96&d=mm&r=g\",\"caption\":\"Alba Mar\u00eda Torres\"},\"url\":\"https:\/\/torredonjimenoactualidad.com\/index.php\/author\/alba-torres\/\"}]}<\/script>\n<!-- \/ Yoast SEO plugin. -->","yoast_head_json":{"title":"La V Jornada Deportiva Solidaria \"Juntos Contra la ELA\" se celebrar\u00e1 el 8 de junio en Torredonjimeno - Torredonjimeno Actualidad","robots":{"index":"index","follow":"follow","max-snippet":"max-snippet:-1","max-image-preview":"max-image-preview:large","max-video-preview":"max-video-preview:-1"},"canonical":"https:\/\/torredonjimenoactualidad.com\/index.php\/2024\/05\/16\/la-v-jornada-deportiva-solidaria-juntos-contra-la-ela-se-celebrara-el-8-de-junio-en-torredonjimeno\/","og_locale":"es_ES","og_type":"article","og_title":"La V Jornada Deportiva Solidaria \"Juntos Contra la ELA\" se celebrar\u00e1 el 8 de junio en Torredonjimeno - Torredonjimeno Actualidad","og_description":"El pr\u00f3ximo 8 de junio, Torredonjimeno volver\u00e1 a demostrar su solidaridad con la celebraci\u00f3n de la V Jornada Deportiva Solidaria \u00abJuntos Contra la ELA\u00bb, que tendr\u00e1 lugar en la Loma de los Santos. El evento, dedicado a la memoria de Antonio Madero, vecino de la localidad que sufri\u00f3 y falleci\u00f3 a principios de este a\u00f1o &hellip; La V Jornada Deportiva Solidaria \u00abJuntos Contra la ELA\u00bb se celebrar\u00e1 el 8 de junio en Torredonjimeno Leer m\u00e1s &raquo;","og_url":"https:\/\/torredonjimenoactualidad.com\/index.php\/2024\/05\/16\/la-v-jornada-deportiva-solidaria-juntos-contra-la-ela-se-celebrara-el-8-de-junio-en-torredonjimeno\/","og_site_name":"Torredonjimeno Actualidad","article_published_time":"2024-05-16T15:22:07+00:00","article_modified_time":"2024-05-16T15:22:08+00:00","og_image":[{"width":1142,"height":652,"url":"https:\/\/torredonjimenoactualidad.com\/wp-content\/uploads\/2024\/05\/ELA.jpg","type":"image\/jpeg"}],"author":"Alba Mar\u00eda Torres","twitter_card":"summary_large_image","twitter_misc":{"Escrito por":"Alba Mar\u00eda Torres","Tiempo de lectura":"2 minutos"},"schema":{"@context":"https:\/\/schema.org","@graph":[{"@type":"Article","@id":"https:\/\/torredonjimenoactualidad.com\/index.php\/2024\/05\/16\/la-v-jornada-deportiva-solidaria-juntos-contra-la-ela-se-celebrara-el-8-de-junio-en-torredonjimeno\/#article","isPartOf":{"@id":"https:\/\/torredonjimenoactualidad.com\/index.php\/2024\/05\/16\/la-v-jornada-deportiva-solidaria-juntos-contra-la-ela-se-celebrara-el-8-de-junio-en-torredonjimeno\/"},"author":{"name":"Alba Mar\u00eda Torres","@id":"https:\/\/torredonjimenoactualidad.com\/#\/schema\/person\/84de5f233e783ef2c75151a532b54977"},"headline":"La V Jornada Deportiva Solidaria \u00abJuntos Contra la ELA\u00bb se celebrar\u00e1 el 8 de junio en Torredonjimeno","datePublished":"2024-05-16T15:22:07+00:00","dateModified":"2024-05-16T15:22:08+00:00","mainEntityOfPage":{"@id":"https:\/\/torredonjimenoactualidad.com\/index.php\/2024\/05\/16\/la-v-jornada-deportiva-solidaria-juntos-contra-la-ela-se-celebrara-el-8-de-junio-en-torredonjimeno\/"},"wordCount":307,"publisher":{"@id":"https:\/\/torredonjimenoactualidad.com\/#organization"},"articleSection":["local"],"inLanguage":"es"},{"@type":"WebPage","@id":"https:\/\/torredonjimenoactualidad.com\/index.php\/2024\/05\/16\/la-v-jornada-deportiva-solidaria-juntos-contra-la-ela-se-celebrara-el-8-de-junio-en-torredonjimeno\/","url":"https:\/\/torredonjimenoactualidad.com\/index.php\/2024\/05\/16\/la-v-jornada-deportiva-solidaria-juntos-contra-la-ela-se-celebrara-el-8-de-junio-en-torredonjimeno\/","name":"La V Jornada Deportiva Solidaria \"Juntos Contra la ELA\" se celebrar\u00e1 el 8 de junio en Torredonjimeno - Torredonjimeno Actualidad","isPartOf":{"@id":"https:\/\/torredonjimenoactualidad.com\/#website"},"datePublished":"2024-05-16T15:22:07+00:00","dateModified":"2024-05-16T15:22:08+00:00","breadcrumb":{"@id":"https:\/\/torredonjimenoactualidad.com\/index.php\/2024\/05\/16\/la-v-jornada-deportiva-solidaria-juntos-contra-la-ela-se-celebrara-el-8-de-junio-en-torredonjimeno\/#breadcrumb"},"inLanguage":"es","potentialAction":[{"@type":"ReadAction","target":["https:\/\/torredonjimenoactualidad.com\/index.php\/2024\/05\/16\/la-v-jornada-deportiva-solidaria-juntos-contra-la-ela-se-celebrara-el-8-de-junio-en-torredonjimeno\/"]}]},{"@type":"BreadcrumbList","@id":"https:\/\/torredonjimenoactualidad.com\/index.php\/2024\/05\/16\/la-v-jornada-deportiva-solidaria-juntos-contra-la-ela-se-celebrara-el-8-de-junio-en-torredonjimeno\/#breadcrumb","itemListElement":[{"@type":"ListItem","position":1,"name":"Portada","item":"https:\/\/torredonjimenoactualidad.com\/"},{"@type":"ListItem","position":2,"name":"La V Jornada Deportiva Solidaria \u00abJuntos Contra la ELA\u00bb se celebrar\u00e1 el 8 de junio en Torredonjimeno"}]},{"@type":"WebSite","@id":"https:\/\/torredonjimenoactualidad.com\/#website","url":"https:\/\/torredonjimenoactualidad.com\/","name":"Torredonjimeno Actualidad","description":"","publisher":{"@id":"https:\/\/torredonjimenoactualidad.com\/#organization"},"potentialAction":[{"@type":"SearchAction","target":{"@type":"EntryPoint","urlTemplate":"https:\/\/torredonjimenoactualidad.com\/?s={search_term_string}"},"query-input":"required name=search_term_string"}],"inLanguage":"es"},{"@type":"Organization","@id":"https:\/\/torredonjimenoactualidad.com\/#organization","name":"Torredonjimeno Actualidad","url":"https:\/\/torredonjimenoactualidad.com\/","logo":{"@type":"ImageObject","inLanguage":"es","@id":"https:\/\/torredonjimenoactualidad.com\/#\/schema\/logo\/image\/","url":"https:\/\/torredonjimenoactualidad.com\/wp-content\/uploads\/2023\/02\/logo-torredonjimeno-544x180-1.png","contentUrl":"https:\/\/torredonjimenoactualidad.com\/wp-content\/uploads\/2023\/02\/logo-torredonjimeno-544x180-1.png","width":545,"height":112,"caption":"Torredonjimeno Actualidad"},"image":{"@id":"https:\/\/torredonjimenoactualidad.com\/#\/schema\/logo\/image\/"}},{"@type":"Person","@id":"https:\/\/torredonjimenoactualidad.com\/#\/schema\/person\/84de5f233e783ef2c75151a532b54977","name":"Alba Mar\u00eda Torres","image":{"@type":"ImageObject","inLanguage":"es","@id":"https:\/\/torredonjimenoactualidad.com\/#\/schema\/person\/image\/","url":"https:\/\/secure.gravatar.com\/avatar\/f9371f188c71501b4475a9ba2a71595850ec72967f800a2ed8e3e2102859ed65?s=96&d=mm&r=g","contentUrl":"https:\/\/secure.gravatar.com\/avatar\/f9371f188c71501b4475a9ba2a71595850ec72967f800a2ed8e3e2102859ed65?s=96&d=mm&r=g","caption":"Alba Mar\u00eda Torres"},"url":"https:\/\/torredonjimenoactualidad.com\/index.php\/author\/alba-torres\/"}]}},"_links":{"self":[{"href":"https:\/\/torredonjimenoactualidad.com\/index.php\/wp-json\/wp\/v2\/posts\/1949","targetHints":{"allow":["GET"]}}],"collection":[{"href":"https:\/\/torredonjimenoactualidad.com\/index.php\/wp-json\/wp\/v2\/posts"}],"about":[{"href":"https:\/\/torredonjimenoactualidad.com\/index.php\/wp-json\/wp\/v2\/types\/post"}],"author":[{"embeddable":true,"href":"https:\/\/torredonjimenoactualidad.com\/index.php\/wp-json\/wp\/v2\/users\/2"}],"replies":[{"embeddable":true,"href":"https:\/\/torredonjimenoactualidad.com\/index.php\/wp-json\/wp\/v2\/comments?post=1949"}],"version-history":[{"count":1,"href":"https:\/\/torredonjimenoactualidad.com\/index.php\/wp-json\/wp\/v2\/posts\/1949\/revisions"}],"predecessor-version":[{"id":1951,"href":"https:\/\/torredonjimenoactualidad.com\/index.php\/wp-json\/wp\/v2\/posts\/1949\/revisions\/1951"}],"wp:featuredmedia":[{"embeddable":true,"href":"https:\/\/torredonjimenoactualidad.com\/index.php\/wp-json\/wp\/v2\/media\/1950"}],"wp:attachment":[{"href":"https:\/\/torredonjimenoactualidad.com\/index.php\/wp-json\/wp\/v2\/media?parent=1949"}],"wp:term":[{"taxonomy":"category","embeddable":true,"href":"https:\/\/torredonjimenoactualidad.com\/index.php\/wp-json\/wp\/v2\/categories?post=1949"},{"taxonomy":"post_tag","embeddable":true,"href":"https:\/\/torredonjimenoactualidad.com\/index.php\/wp-json\/wp\/v2\/tags?post=1949"}],"curies":[{"name":"wp","href":"https:\/\/api.w.org\/{rel}","templated":true}]}}