{"id":1945,"date":"2024-05-16T14:34:57","date_gmt":"2024-05-16T14:34:57","guid":{"rendered":"https:\/\/torredonjimenoactualidad.com\/?p=1945"},"modified":"2024-05-16T14:34:58","modified_gmt":"2024-05-16T14:34:58","slug":"la-campana-aire-fresco-y-sin-acoso-busca-concienciar-a-la-poblacion-sobre-situaciones-de-acoso-sexual","status":"publish","type":"post","link":"https:\/\/torredonjimenoactualidad.com\/index.php\/2024\/05\/16\/la-campana-aire-fresco-y-sin-acoso-busca-concienciar-a-la-poblacion-sobre-situaciones-de-acoso-sexual\/","title":{"rendered":"La campa\u00f1a &#8216;Aire fresco y sin acoso&#8217; busca concienciar a la poblaci\u00f3n sobre situaciones de acoso sexual"},"content":{"rendered":"\n<p>La campa\u00f1a &#8216;Aire fresco y sin acoso&#8217; busca concienciar y prevenir a la poblaci\u00f3n de la provincia de Ja\u00e9n sobre situaciones de acoso sexual y violencia machista. La iniciativa, que la Diputaci\u00f3n lleva a cabo por tercer a\u00f1o consecutivo, se ha iniciado coincidiendo con el comienzo del periodo de fiestas y romer\u00edas en los municipios.<\/p>\n\n\n\n<p>La vicepresidenta primera y diputada de Igualdad, Pol\u00edticas Sociales y Juventud, Francisca Medina, y la diputada de Igualdad y Juventud, Mar\u00eda Dolores Ruiz, han informado sobre esta campa\u00f1a \u00abcon la que se da un paso m\u00e1s en materia de prevenci\u00f3n de acoso sexual y violencia machista\u00bb y que busca \u00abconcienciar sobre las agresiones machistas\u00bb.<\/p>\n\n\n\n<p>Se ha trasladado a los 97 municipios jiennenses mediante la distribuci\u00f3n a los ayuntamientos de abanicos que portan el lema &#8216;Aire fresco y sin acoso&#8217;. Se trata de un formato dise\u00f1ado para ser utilizado fundamentalmente en la primavera y el verano, \u00e9pocas del a\u00f1o en la que hay un mayor n\u00famero de eventos festivos en la provincia.<\/p>\n\n\n\n<p>En total, se han distribuido a los consistorios 53.000 abanicos, \u00abpara que todos los ayuntamientos puedan repartirlos en sus puntos violeta o en los recintos donde desarrollen las fiestas\u00bb. Ruiz ha a\u00f1adido que el objetivo es \u00abque cualquier persona pueda acceder al abanico\u00bb y, de esta forma, \u00abconcienciarle sobre la importancia de que, ante este tipo de situaciones, pida ayuda o denuncie\u00bb.<\/p>\n","protected":false},"excerpt":{"rendered":"<p>La campa\u00f1a &#8216;Aire fresco y sin acoso&#8217; busca concienciar y prevenir a la poblaci\u00f3n de la provincia de Ja\u00e9n sobre situaciones de acoso sexual y violencia machista. La iniciativa, que la Diputaci\u00f3n lleva a cabo por tercer a\u00f1o consecutivo, se ha iniciado coincidiendo con el comienzo del periodo de fiestas y romer\u00edas en los municipios. &hellip;<\/p>\n<p class=\"read-more\"> <a class=\"\" href=\"https:\/\/torredonjimenoactualidad.com\/index.php\/2024\/05\/16\/la-campana-aire-fresco-y-sin-acoso-busca-concienciar-a-la-poblacion-sobre-situaciones-de-acoso-sexual\/\"> <span class=\"screen-reader-text\">La campa\u00f1a &#8216;Aire fresco y sin acoso&#8217; busca concienciar a la poblaci\u00f3n sobre situaciones de acoso sexual<\/span> Leer m\u00e1s &raquo;<\/a><\/p>\n","protected":false},"author":2,"featured_media":1947,"comment_status":"closed","ping_status":"open","sticky":false,"template":"","format":"standard","meta":{"site-sidebar-layout":"default","site-content-layout":"default","ast-global-header-display":"","ast-main-header-display":"","ast-hfb-above-header-display":"","ast-hfb-below-header-display":"","ast-hfb-mobile-header-display":"","site-post-title":"","ast-breadcrumbs-content":"","ast-featured-img":"","footer-sml-layout":"","theme-transparent-header-meta":"","adv-header-id-meta":"","stick-header-meta":"","header-above-stick-meta":"","header-main-stick-meta":"","header-below-stick-meta":"","footnotes":""},"categories":[8],"tags":[],"class_list":["post-1945","post","type-post","status-publish","format-standard","has-post-thumbnail","hentry","category-provincia"],"yoast_head":"<!-- This site is optimized with the Yoast SEO plugin v20.8 - https:\/\/yoast.com\/wordpress\/plugins\/seo\/ -->\n<title>La campa\u00f1a &#039;Aire fresco y sin acoso&#039; busca concienciar a la poblaci\u00f3n sobre situaciones de acoso sexual - Torredonjimeno Actualidad<\/title>\n<meta name=\"robots\" content=\"index, follow, max-snippet:-1, max-image-preview:large, max-video-preview:-1\" \/>\n<link rel=\"canonical\" href=\"https:\/\/torredonjimenoactualidad.com\/index.php\/2024\/05\/16\/la-campana-aire-fresco-y-sin-acoso-busca-concienciar-a-la-poblacion-sobre-situaciones-de-acoso-sexual\/\" \/>\n<meta property=\"og:locale\" content=\"es_ES\" \/>\n<meta property=\"og:type\" content=\"article\" \/>\n<meta property=\"og:title\" content=\"La campa\u00f1a &#039;Aire fresco y sin acoso&#039; busca concienciar a la poblaci\u00f3n sobre situaciones de acoso sexual - Torredonjimeno Actualidad\" \/>\n<meta property=\"og:description\" content=\"La campa\u00f1a &#8216;Aire fresco y sin acoso&#8217; busca concienciar y prevenir a la poblaci\u00f3n de la provincia de Ja\u00e9n sobre situaciones de acoso sexual y violencia machista. La iniciativa, que la Diputaci\u00f3n lleva a cabo por tercer a\u00f1o consecutivo, se ha iniciado coincidiendo con el comienzo del periodo de fiestas y romer\u00edas en los municipios. &hellip; La campa\u00f1a &#8216;Aire fresco y sin acoso&#8217; busca concienciar a la poblaci\u00f3n sobre situaciones de acoso sexual Leer m\u00e1s &raquo;\" \/>\n<meta property=\"og:url\" content=\"https:\/\/torredonjimenoactualidad.com\/index.php\/2024\/05\/16\/la-campana-aire-fresco-y-sin-acoso-busca-concienciar-a-la-poblacion-sobre-situaciones-de-acoso-sexual\/\" \/>\n<meta property=\"og:site_name\" content=\"Torredonjimeno Actualidad\" \/>\n<meta property=\"article:published_time\" content=\"2024-05-16T14:34:57+00:00\" \/>\n<meta property=\"article:modified_time\" content=\"2024-05-16T14:34:58+00:00\" \/>\n<meta property=\"og:image\" content=\"https:\/\/torredonjimenoactualidad.com\/wp-content\/uploads\/2024\/05\/fotonoticia_20240516133620_1920-1.jpg\" \/>\n\t<meta property=\"og:image:width\" content=\"1920\" \/>\n\t<meta property=\"og:image:height\" content=\"1080\" \/>\n\t<meta property=\"og:image:type\" content=\"image\/jpeg\" \/>\n<meta name=\"author\" content=\"Alba Mar\u00eda Torres\" \/>\n<meta name=\"twitter:card\" content=\"summary_large_image\" \/>\n<meta name=\"twitter:label1\" content=\"Escrito por\" \/>\n\t<meta name=\"twitter:data1\" content=\"Alba Mar\u00eda Torres\" \/>\n\t<meta name=\"twitter:label2\" content=\"Tiempo de lectura\" \/>\n\t<meta name=\"twitter:data2\" content=\"2 minutos\" \/>\n<script type=\"application\/ld+json\" class=\"yoast-schema-graph\">{\"@context\":\"https:\/\/schema.org\",\"@graph\":[{\"@type\":\"Article\",\"@id\":\"https:\/\/torredonjimenoactualidad.com\/index.php\/2024\/05\/16\/la-campana-aire-fresco-y-sin-acoso-busca-concienciar-a-la-poblacion-sobre-situaciones-de-acoso-sexual\/#article\",\"isPartOf\":{\"@id\":\"https:\/\/torredonjimenoactualidad.com\/index.php\/2024\/05\/16\/la-campana-aire-fresco-y-sin-acoso-busca-concienciar-a-la-poblacion-sobre-situaciones-de-acoso-sexual\/\"},\"author\":{\"name\":\"Alba Mar\u00eda Torres\",\"@id\":\"https:\/\/torredonjimenoactualidad.com\/#\/schema\/person\/84de5f233e783ef2c75151a532b54977\"},\"headline\":\"La campa\u00f1a &#8216;Aire fresco y sin acoso&#8217; busca concienciar a la poblaci\u00f3n sobre situaciones de acoso sexual\",\"datePublished\":\"2024-05-16T14:34:57+00:00\",\"dateModified\":\"2024-05-16T14:34:58+00:00\",\"mainEntityOfPage\":{\"@id\":\"https:\/\/torredonjimenoactualidad.com\/index.php\/2024\/05\/16\/la-campana-aire-fresco-y-sin-acoso-busca-concienciar-a-la-poblacion-sobre-situaciones-de-acoso-sexual\/\"},\"wordCount\":261,\"publisher\":{\"@id\":\"https:\/\/torredonjimenoactualidad.com\/#organization\"},\"articleSection\":[\"provincia\"],\"inLanguage\":\"es\"},{\"@type\":\"WebPage\",\"@id\":\"https:\/\/torredonjimenoactualidad.com\/index.php\/2024\/05\/16\/la-campana-aire-fresco-y-sin-acoso-busca-concienciar-a-la-poblacion-sobre-situaciones-de-acoso-sexual\/\",\"url\":\"https:\/\/torredonjimenoactualidad.com\/index.php\/2024\/05\/16\/la-campana-aire-fresco-y-sin-acoso-busca-concienciar-a-la-poblacion-sobre-situaciones-de-acoso-sexual\/\",\"name\":\"La campa\u00f1a 'Aire fresco y sin acoso' busca concienciar a la poblaci\u00f3n sobre situaciones de acoso sexual - Torredonjimeno Actualidad\",\"isPartOf\":{\"@id\":\"https:\/\/torredonjimenoactualidad.com\/#website\"},\"datePublished\":\"2024-05-16T14:34:57+00:00\",\"dateModified\":\"2024-05-16T14:34:58+00:00\",\"breadcrumb\":{\"@id\":\"https:\/\/torredonjimenoactualidad.com\/index.php\/2024\/05\/16\/la-campana-aire-fresco-y-sin-acoso-busca-concienciar-a-la-poblacion-sobre-situaciones-de-acoso-sexual\/#breadcrumb\"},\"inLanguage\":\"es\",\"potentialAction\":[{\"@type\":\"ReadAction\",\"target\":[\"https:\/\/torredonjimenoactualidad.com\/index.php\/2024\/05\/16\/la-campana-aire-fresco-y-sin-acoso-busca-concienciar-a-la-poblacion-sobre-situaciones-de-acoso-sexual\/\"]}]},{\"@type\":\"BreadcrumbList\",\"@id\":\"https:\/\/torredonjimenoactualidad.com\/index.php\/2024\/05\/16\/la-campana-aire-fresco-y-sin-acoso-busca-concienciar-a-la-poblacion-sobre-situaciones-de-acoso-sexual\/#breadcrumb\",\"itemListElement\":[{\"@type\":\"ListItem\",\"position\":1,\"name\":\"Portada\",\"item\":\"https:\/\/torredonjimenoactualidad.com\/\"},{\"@type\":\"ListItem\",\"position\":2,\"name\":\"La campa\u00f1a &#8216;Aire fresco y sin acoso&#8217; busca concienciar a la poblaci\u00f3n sobre situaciones de acoso sexual\"}]},{\"@type\":\"WebSite\",\"@id\":\"https:\/\/torredonjimenoactualidad.com\/#website\",\"url\":\"https:\/\/torredonjimenoactualidad.com\/\",\"name\":\"Torredonjimeno Actualidad\",\"description\":\"\",\"publisher\":{\"@id\":\"https:\/\/torredonjimenoactualidad.com\/#organization\"},\"potentialAction\":[{\"@type\":\"SearchAction\",\"target\":{\"@type\":\"EntryPoint\",\"urlTemplate\":\"https:\/\/torredonjimenoactualidad.com\/?s={search_term_string}\"},\"query-input\":\"required name=search_term_string\"}],\"inLanguage\":\"es\"},{\"@type\":\"Organization\",\"@id\":\"https:\/\/torredonjimenoactualidad.com\/#organization\",\"name\":\"Torredonjimeno Actualidad\",\"url\":\"https:\/\/torredonjimenoactualidad.com\/\",\"logo\":{\"@type\":\"ImageObject\",\"inLanguage\":\"es\",\"@id\":\"https:\/\/torredonjimenoactualidad.com\/#\/schema\/logo\/image\/\",\"url\":\"https:\/\/torredonjimenoactualidad.com\/wp-content\/uploads\/2023\/02\/logo-torredonjimeno-544x180-1.png\",\"contentUrl\":\"https:\/\/torredonjimenoactualidad.com\/wp-content\/uploads\/2023\/02\/logo-torredonjimeno-544x180-1.png\",\"width\":545,\"height\":112,\"caption\":\"Torredonjimeno Actualidad\"},\"image\":{\"@id\":\"https:\/\/torredonjimenoactualidad.com\/#\/schema\/logo\/image\/\"}},{\"@type\":\"Person\",\"@id\":\"https:\/\/torredonjimenoactualidad.com\/#\/schema\/person\/84de5f233e783ef2c75151a532b54977\",\"name\":\"Alba Mar\u00eda Torres\",\"image\":{\"@type\":\"ImageObject\",\"inLanguage\":\"es\",\"@id\":\"https:\/\/torredonjimenoactualidad.com\/#\/schema\/person\/image\/\",\"url\":\"https:\/\/secure.gravatar.com\/avatar\/f9371f188c71501b4475a9ba2a71595850ec72967f800a2ed8e3e2102859ed65?s=96&d=mm&r=g\",\"contentUrl\":\"https:\/\/secure.gravatar.com\/avatar\/f9371f188c71501b4475a9ba2a71595850ec72967f800a2ed8e3e2102859ed65?s=96&d=mm&r=g\",\"caption\":\"Alba Mar\u00eda Torres\"},\"url\":\"https:\/\/torredonjimenoactualidad.com\/index.php\/author\/alba-torres\/\"}]}<\/script>\n<!-- \/ Yoast SEO plugin. -->","yoast_head_json":{"title":"La campa\u00f1a 'Aire fresco y sin acoso' busca concienciar a la poblaci\u00f3n sobre situaciones de acoso sexual - Torredonjimeno Actualidad","robots":{"index":"index","follow":"follow","max-snippet":"max-snippet:-1","max-image-preview":"max-image-preview:large","max-video-preview":"max-video-preview:-1"},"canonical":"https:\/\/torredonjimenoactualidad.com\/index.php\/2024\/05\/16\/la-campana-aire-fresco-y-sin-acoso-busca-concienciar-a-la-poblacion-sobre-situaciones-de-acoso-sexual\/","og_locale":"es_ES","og_type":"article","og_title":"La campa\u00f1a 'Aire fresco y sin acoso' busca concienciar a la poblaci\u00f3n sobre situaciones de acoso sexual - Torredonjimeno Actualidad","og_description":"La campa\u00f1a &#8216;Aire fresco y sin acoso&#8217; busca concienciar y prevenir a la poblaci\u00f3n de la provincia de Ja\u00e9n sobre situaciones de acoso sexual y violencia machista. La iniciativa, que la Diputaci\u00f3n lleva a cabo por tercer a\u00f1o consecutivo, se ha iniciado coincidiendo con el comienzo del periodo de fiestas y romer\u00edas en los municipios. &hellip; La campa\u00f1a &#8216;Aire fresco y sin acoso&#8217; busca concienciar a la poblaci\u00f3n sobre situaciones de acoso sexual Leer m\u00e1s &raquo;","og_url":"https:\/\/torredonjimenoactualidad.com\/index.php\/2024\/05\/16\/la-campana-aire-fresco-y-sin-acoso-busca-concienciar-a-la-poblacion-sobre-situaciones-de-acoso-sexual\/","og_site_name":"Torredonjimeno Actualidad","article_published_time":"2024-05-16T14:34:57+00:00","article_modified_time":"2024-05-16T14:34:58+00:00","og_image":[{"width":1920,"height":1080,"url":"https:\/\/torredonjimenoactualidad.com\/wp-content\/uploads\/2024\/05\/fotonoticia_20240516133620_1920-1.jpg","type":"image\/jpeg"}],"author":"Alba Mar\u00eda Torres","twitter_card":"summary_large_image","twitter_misc":{"Escrito por":"Alba Mar\u00eda Torres","Tiempo de lectura":"2 minutos"},"schema":{"@context":"https:\/\/schema.org","@graph":[{"@type":"Article","@id":"https:\/\/torredonjimenoactualidad.com\/index.php\/2024\/05\/16\/la-campana-aire-fresco-y-sin-acoso-busca-concienciar-a-la-poblacion-sobre-situaciones-de-acoso-sexual\/#article","isPartOf":{"@id":"https:\/\/torredonjimenoactualidad.com\/index.php\/2024\/05\/16\/la-campana-aire-fresco-y-sin-acoso-busca-concienciar-a-la-poblacion-sobre-situaciones-de-acoso-sexual\/"},"author":{"name":"Alba Mar\u00eda Torres","@id":"https:\/\/torredonjimenoactualidad.com\/#\/schema\/person\/84de5f233e783ef2c75151a532b54977"},"headline":"La campa\u00f1a &#8216;Aire fresco y sin acoso&#8217; busca concienciar a la poblaci\u00f3n sobre situaciones de acoso sexual","datePublished":"2024-05-16T14:34:57+00:00","dateModified":"2024-05-16T14:34:58+00:00","mainEntityOfPage":{"@id":"https:\/\/torredonjimenoactualidad.com\/index.php\/2024\/05\/16\/la-campana-aire-fresco-y-sin-acoso-busca-concienciar-a-la-poblacion-sobre-situaciones-de-acoso-sexual\/"},"wordCount":261,"publisher":{"@id":"https:\/\/torredonjimenoactualidad.com\/#organization"},"articleSection":["provincia"],"inLanguage":"es"},{"@type":"WebPage","@id":"https:\/\/torredonjimenoactualidad.com\/index.php\/2024\/05\/16\/la-campana-aire-fresco-y-sin-acoso-busca-concienciar-a-la-poblacion-sobre-situaciones-de-acoso-sexual\/","url":"https:\/\/torredonjimenoactualidad.com\/index.php\/2024\/05\/16\/la-campana-aire-fresco-y-sin-acoso-busca-concienciar-a-la-poblacion-sobre-situaciones-de-acoso-sexual\/","name":"La campa\u00f1a 'Aire fresco y sin acoso' busca concienciar a la poblaci\u00f3n sobre situaciones de acoso sexual - Torredonjimeno Actualidad","isPartOf":{"@id":"https:\/\/torredonjimenoactualidad.com\/#website"},"datePublished":"2024-05-16T14:34:57+00:00","dateModified":"2024-05-16T14:34:58+00:00","breadcrumb":{"@id":"https:\/\/torredonjimenoactualidad.com\/index.php\/2024\/05\/16\/la-campana-aire-fresco-y-sin-acoso-busca-concienciar-a-la-poblacion-sobre-situaciones-de-acoso-sexual\/#breadcrumb"},"inLanguage":"es","potentialAction":[{"@type":"ReadAction","target":["https:\/\/torredonjimenoactualidad.com\/index.php\/2024\/05\/16\/la-campana-aire-fresco-y-sin-acoso-busca-concienciar-a-la-poblacion-sobre-situaciones-de-acoso-sexual\/"]}]},{"@type":"BreadcrumbList","@id":"https:\/\/torredonjimenoactualidad.com\/index.php\/2024\/05\/16\/la-campana-aire-fresco-y-sin-acoso-busca-concienciar-a-la-poblacion-sobre-situaciones-de-acoso-sexual\/#breadcrumb","itemListElement":[{"@type":"ListItem","position":1,"name":"Portada","item":"https:\/\/torredonjimenoactualidad.com\/"},{"@type":"ListItem","position":2,"name":"La campa\u00f1a &#8216;Aire fresco y sin acoso&#8217; busca concienciar a la poblaci\u00f3n sobre situaciones de acoso sexual"}]},{"@type":"WebSite","@id":"https:\/\/torredonjimenoactualidad.com\/#website","url":"https:\/\/torredonjimenoactualidad.com\/","name":"Torredonjimeno Actualidad","description":"","publisher":{"@id":"https:\/\/torredonjimenoactualidad.com\/#organization"},"potentialAction":[{"@type":"SearchAction","target":{"@type":"EntryPoint","urlTemplate":"https:\/\/torredonjimenoactualidad.com\/?s={search_term_string}"},"query-input":"required name=search_term_string"}],"inLanguage":"es"},{"@type":"Organization","@id":"https:\/\/torredonjimenoactualidad.com\/#organization","name":"Torredonjimeno Actualidad","url":"https:\/\/torredonjimenoactualidad.com\/","logo":{"@type":"ImageObject","inLanguage":"es","@id":"https:\/\/torredonjimenoactualidad.com\/#\/schema\/logo\/image\/","url":"https:\/\/torredonjimenoactualidad.com\/wp-content\/uploads\/2023\/02\/logo-torredonjimeno-544x180-1.png","contentUrl":"https:\/\/torredonjimenoactualidad.com\/wp-content\/uploads\/2023\/02\/logo-torredonjimeno-544x180-1.png","width":545,"height":112,"caption":"Torredonjimeno Actualidad"},"image":{"@id":"https:\/\/torredonjimenoactualidad.com\/#\/schema\/logo\/image\/"}},{"@type":"Person","@id":"https:\/\/torredonjimenoactualidad.com\/#\/schema\/person\/84de5f233e783ef2c75151a532b54977","name":"Alba Mar\u00eda Torres","image":{"@type":"ImageObject","inLanguage":"es","@id":"https:\/\/torredonjimenoactualidad.com\/#\/schema\/person\/image\/","url":"https:\/\/secure.gravatar.com\/avatar\/f9371f188c71501b4475a9ba2a71595850ec72967f800a2ed8e3e2102859ed65?s=96&d=mm&r=g","contentUrl":"https:\/\/secure.gravatar.com\/avatar\/f9371f188c71501b4475a9ba2a71595850ec72967f800a2ed8e3e2102859ed65?s=96&d=mm&r=g","caption":"Alba Mar\u00eda Torres"},"url":"https:\/\/torredonjimenoactualidad.com\/index.php\/author\/alba-torres\/"}]}},"_links":{"self":[{"href":"https:\/\/torredonjimenoactualidad.com\/index.php\/wp-json\/wp\/v2\/posts\/1945","targetHints":{"allow":["GET"]}}],"collection":[{"href":"https:\/\/torredonjimenoactualidad.com\/index.php\/wp-json\/wp\/v2\/posts"}],"about":[{"href":"https:\/\/torredonjimenoactualidad.com\/index.php\/wp-json\/wp\/v2\/types\/post"}],"author":[{"embeddable":true,"href":"https:\/\/torredonjimenoactualidad.com\/index.php\/wp-json\/wp\/v2\/users\/2"}],"replies":[{"embeddable":true,"href":"https:\/\/torredonjimenoactualidad.com\/index.php\/wp-json\/wp\/v2\/comments?post=1945"}],"version-history":[{"count":1,"href":"https:\/\/torredonjimenoactualidad.com\/index.php\/wp-json\/wp\/v2\/posts\/1945\/revisions"}],"predecessor-version":[{"id":1948,"href":"https:\/\/torredonjimenoactualidad.com\/index.php\/wp-json\/wp\/v2\/posts\/1945\/revisions\/1948"}],"wp:featuredmedia":[{"embeddable":true,"href":"https:\/\/torredonjimenoactualidad.com\/index.php\/wp-json\/wp\/v2\/media\/1947"}],"wp:attachment":[{"href":"https:\/\/torredonjimenoactualidad.com\/index.php\/wp-json\/wp\/v2\/media?parent=1945"}],"wp:term":[{"taxonomy":"category","embeddable":true,"href":"https:\/\/torredonjimenoactualidad.com\/index.php\/wp-json\/wp\/v2\/categories?post=1945"},{"taxonomy":"post_tag","embeddable":true,"href":"https:\/\/torredonjimenoactualidad.com\/index.php\/wp-json\/wp\/v2\/tags?post=1945"}],"curies":[{"name":"wp","href":"https:\/\/api.w.org\/{rel}","templated":true}]}}