{"id":1933,"date":"2024-05-14T15:37:00","date_gmt":"2024-05-14T15:37:00","guid":{"rendered":"https:\/\/torredonjimenoactualidad.com\/?p=1933"},"modified":"2024-05-14T15:37:02","modified_gmt":"2024-05-14T15:37:02","slug":"celebracion-de-san-isidro-en-torredonjimeno-misa-y-procesion-en-honor-al-patron-de-los-agricultores","status":"publish","type":"post","link":"https:\/\/torredonjimenoactualidad.com\/index.php\/2024\/05\/14\/celebracion-de-san-isidro-en-torredonjimeno-misa-y-procesion-en-honor-al-patron-de-los-agricultores\/","title":{"rendered":"Celebraci\u00f3n de San Isidro en Torredonjimeno: Misa y Procesi\u00f3n en Honor al Patr\u00f3n de los Agricultores"},"content":{"rendered":"\n<p>Ma\u00f1ana mi\u00e9rcoles, 15 de mayo, Torredonjimeno volver\u00e1 a celebrar la festividad de San Isidro Labrador, patr\u00f3n de los agricultores. Los actos religiosos previstos tendr\u00e1n lugar en el Santuario de Nuestra Se\u00f1ora de Consolaci\u00f3n, donde se encuentra la imagen del santo protector de campos y cosechas.  <\/p>\n\n\n\n<p>El p\u00e1rroco de Santa Maria, Ildelfonso Rueda oficiar\u00e1 la Eucarist\u00eda a las 20:00 horas en el interior del Santuario de la Patrona de Torredonjimeno, desde donde saldr\u00e1 tras la misa la procesi\u00f3n, en el transcurso de la cual se llevar\u00e1 a cabo la tradicional bendici\u00f3n del campo, un gesto simb\u00f3lico en el que se implorar\u00e1 la protecci\u00f3n divina sobre la tierra y las cosechas. <\/p>\n\n\n\n<p>San Isidro Labrador naci\u00f3 en el Mayrit musulm\u00e1n de la Taifa de Toledo. Fue un labrador moz\u00e1rabe que vivi\u00f3 entre los siglos XI y XII. Sus milagros causaron que la devoci\u00f3n al santo se extendiera por Espa\u00f1a y Am\u00e9rica.<\/p>\n\n\n\n<p>Uno de los milagros que rescat\u00f3 su figura tuvo lugar cuando Carlos V y su hijo, el futuro Felipe II, curaron unas terribles fiebres que estaban sufriendo cuando bebieron del agua de una fuente que San Isidro hizo brotar. <\/p>\n\n\n\n<p>Juan XIII lo nombr\u00f3 patrono de los campesinos espa\u00f1oles en 1960, pero su devoci\u00f3n se hab\u00eda extendido antes a toda la pen\u00ednsula. En Torredonjimeno la cofrad\u00eda de San Isidro promueve la devoci\u00f3n al santo labrador desde tiempos inmemorables. <\/p>\n","protected":false},"excerpt":{"rendered":"<p>Ma\u00f1ana mi\u00e9rcoles, 15 de mayo, Torredonjimeno volver\u00e1 a celebrar la festividad de San Isidro Labrador, patr\u00f3n de los agricultores. Los actos religiosos previstos tendr\u00e1n lugar en el Santuario de Nuestra Se\u00f1ora de Consolaci\u00f3n, donde se encuentra la imagen del santo protector de campos y cosechas. El p\u00e1rroco de Santa Maria, Ildelfonso Rueda oficiar\u00e1 la Eucarist\u00eda &hellip;<\/p>\n<p class=\"read-more\"> <a class=\"\" href=\"https:\/\/torredonjimenoactualidad.com\/index.php\/2024\/05\/14\/celebracion-de-san-isidro-en-torredonjimeno-misa-y-procesion-en-honor-al-patron-de-los-agricultores\/\"> <span class=\"screen-reader-text\">Celebraci\u00f3n de San Isidro en Torredonjimeno: Misa y Procesi\u00f3n en Honor al Patr\u00f3n de los Agricultores<\/span> Leer m\u00e1s &raquo;<\/a><\/p>\n","protected":false},"author":2,"featured_media":1934,"comment_status":"closed","ping_status":"open","sticky":false,"template":"","format":"standard","meta":{"site-sidebar-layout":"default","site-content-layout":"default","ast-global-header-display":"","ast-main-header-display":"","ast-hfb-above-header-display":"","ast-hfb-below-header-display":"","ast-hfb-mobile-header-display":"","site-post-title":"","ast-breadcrumbs-content":"","ast-featured-img":"","footer-sml-layout":"","theme-transparent-header-meta":"","adv-header-id-meta":"","stick-header-meta":"","header-above-stick-meta":"","header-main-stick-meta":"","header-below-stick-meta":"","footnotes":""},"categories":[7],"tags":[],"class_list":["post-1933","post","type-post","status-publish","format-standard","has-post-thumbnail","hentry","category-local"],"yoast_head":"<!-- This site is optimized with the Yoast SEO plugin v20.8 - https:\/\/yoast.com\/wordpress\/plugins\/seo\/ -->\n<title>Celebraci\u00f3n de San Isidro en Torredonjimeno: Misa y Procesi\u00f3n en Honor al Patr\u00f3n de los Agricultores - Torredonjimeno Actualidad<\/title>\n<meta name=\"robots\" content=\"index, follow, max-snippet:-1, max-image-preview:large, max-video-preview:-1\" \/>\n<link rel=\"canonical\" href=\"https:\/\/torredonjimenoactualidad.com\/index.php\/2024\/05\/14\/celebracion-de-san-isidro-en-torredonjimeno-misa-y-procesion-en-honor-al-patron-de-los-agricultores\/\" \/>\n<meta property=\"og:locale\" content=\"es_ES\" \/>\n<meta property=\"og:type\" content=\"article\" \/>\n<meta property=\"og:title\" content=\"Celebraci\u00f3n de San Isidro en Torredonjimeno: Misa y Procesi\u00f3n en Honor al Patr\u00f3n de los Agricultores - Torredonjimeno Actualidad\" \/>\n<meta property=\"og:description\" content=\"Ma\u00f1ana mi\u00e9rcoles, 15 de mayo, Torredonjimeno volver\u00e1 a celebrar la festividad de San Isidro Labrador, patr\u00f3n de los agricultores. Los actos religiosos previstos tendr\u00e1n lugar en el Santuario de Nuestra Se\u00f1ora de Consolaci\u00f3n, donde se encuentra la imagen del santo protector de campos y cosechas. El p\u00e1rroco de Santa Maria, Ildelfonso Rueda oficiar\u00e1 la Eucarist\u00eda &hellip; Celebraci\u00f3n de San Isidro en Torredonjimeno: Misa y Procesi\u00f3n en Honor al Patr\u00f3n de los Agricultores Leer m\u00e1s &raquo;\" \/>\n<meta property=\"og:url\" content=\"https:\/\/torredonjimenoactualidad.com\/index.php\/2024\/05\/14\/celebracion-de-san-isidro-en-torredonjimeno-misa-y-procesion-en-honor-al-patron-de-los-agricultores\/\" \/>\n<meta property=\"og:site_name\" content=\"Torredonjimeno Actualidad\" \/>\n<meta property=\"article:published_time\" content=\"2024-05-14T15:37:00+00:00\" \/>\n<meta property=\"article:modified_time\" content=\"2024-05-14T15:37:02+00:00\" \/>\n<meta property=\"og:image\" content=\"https:\/\/torredonjimenoactualidad.com\/wp-content\/uploads\/2024\/05\/IMG_7238-scaled.jpg\" \/>\n\t<meta property=\"og:image:width\" content=\"2560\" \/>\n\t<meta property=\"og:image:height\" content=\"1440\" \/>\n\t<meta property=\"og:image:type\" content=\"image\/jpeg\" \/>\n<meta name=\"author\" content=\"Alba Mar\u00eda Torres\" \/>\n<meta name=\"twitter:card\" content=\"summary_large_image\" \/>\n<meta name=\"twitter:label1\" content=\"Escrito por\" \/>\n\t<meta name=\"twitter:data1\" content=\"Alba Mar\u00eda Torres\" \/>\n\t<meta name=\"twitter:label2\" content=\"Tiempo de lectura\" \/>\n\t<meta name=\"twitter:data2\" content=\"2 minutos\" \/>\n<script type=\"application\/ld+json\" class=\"yoast-schema-graph\">{\"@context\":\"https:\/\/schema.org\",\"@graph\":[{\"@type\":\"Article\",\"@id\":\"https:\/\/torredonjimenoactualidad.com\/index.php\/2024\/05\/14\/celebracion-de-san-isidro-en-torredonjimeno-misa-y-procesion-en-honor-al-patron-de-los-agricultores\/#article\",\"isPartOf\":{\"@id\":\"https:\/\/torredonjimenoactualidad.com\/index.php\/2024\/05\/14\/celebracion-de-san-isidro-en-torredonjimeno-misa-y-procesion-en-honor-al-patron-de-los-agricultores\/\"},\"author\":{\"name\":\"Alba Mar\u00eda Torres\",\"@id\":\"https:\/\/torredonjimenoactualidad.com\/#\/schema\/person\/84de5f233e783ef2c75151a532b54977\"},\"headline\":\"Celebraci\u00f3n de San Isidro en Torredonjimeno: Misa y Procesi\u00f3n en Honor al Patr\u00f3n de los Agricultores\",\"datePublished\":\"2024-05-14T15:37:00+00:00\",\"dateModified\":\"2024-05-14T15:37:02+00:00\",\"mainEntityOfPage\":{\"@id\":\"https:\/\/torredonjimenoactualidad.com\/index.php\/2024\/05\/14\/celebracion-de-san-isidro-en-torredonjimeno-misa-y-procesion-en-honor-al-patron-de-los-agricultores\/\"},\"wordCount\":264,\"publisher\":{\"@id\":\"https:\/\/torredonjimenoactualidad.com\/#organization\"},\"articleSection\":[\"local\"],\"inLanguage\":\"es\"},{\"@type\":\"WebPage\",\"@id\":\"https:\/\/torredonjimenoactualidad.com\/index.php\/2024\/05\/14\/celebracion-de-san-isidro-en-torredonjimeno-misa-y-procesion-en-honor-al-patron-de-los-agricultores\/\",\"url\":\"https:\/\/torredonjimenoactualidad.com\/index.php\/2024\/05\/14\/celebracion-de-san-isidro-en-torredonjimeno-misa-y-procesion-en-honor-al-patron-de-los-agricultores\/\",\"name\":\"Celebraci\u00f3n de San Isidro en Torredonjimeno: Misa y Procesi\u00f3n en Honor al Patr\u00f3n de los Agricultores - Torredonjimeno Actualidad\",\"isPartOf\":{\"@id\":\"https:\/\/torredonjimenoactualidad.com\/#website\"},\"datePublished\":\"2024-05-14T15:37:00+00:00\",\"dateModified\":\"2024-05-14T15:37:02+00:00\",\"breadcrumb\":{\"@id\":\"https:\/\/torredonjimenoactualidad.com\/index.php\/2024\/05\/14\/celebracion-de-san-isidro-en-torredonjimeno-misa-y-procesion-en-honor-al-patron-de-los-agricultores\/#breadcrumb\"},\"inLanguage\":\"es\",\"potentialAction\":[{\"@type\":\"ReadAction\",\"target\":[\"https:\/\/torredonjimenoactualidad.com\/index.php\/2024\/05\/14\/celebracion-de-san-isidro-en-torredonjimeno-misa-y-procesion-en-honor-al-patron-de-los-agricultores\/\"]}]},{\"@type\":\"BreadcrumbList\",\"@id\":\"https:\/\/torredonjimenoactualidad.com\/index.php\/2024\/05\/14\/celebracion-de-san-isidro-en-torredonjimeno-misa-y-procesion-en-honor-al-patron-de-los-agricultores\/#breadcrumb\",\"itemListElement\":[{\"@type\":\"ListItem\",\"position\":1,\"name\":\"Portada\",\"item\":\"https:\/\/torredonjimenoactualidad.com\/\"},{\"@type\":\"ListItem\",\"position\":2,\"name\":\"Celebraci\u00f3n de San Isidro en Torredonjimeno: Misa y Procesi\u00f3n en Honor al Patr\u00f3n de los Agricultores\"}]},{\"@type\":\"WebSite\",\"@id\":\"https:\/\/torredonjimenoactualidad.com\/#website\",\"url\":\"https:\/\/torredonjimenoactualidad.com\/\",\"name\":\"Torredonjimeno Actualidad\",\"description\":\"\",\"publisher\":{\"@id\":\"https:\/\/torredonjimenoactualidad.com\/#organization\"},\"potentialAction\":[{\"@type\":\"SearchAction\",\"target\":{\"@type\":\"EntryPoint\",\"urlTemplate\":\"https:\/\/torredonjimenoactualidad.com\/?s={search_term_string}\"},\"query-input\":\"required name=search_term_string\"}],\"inLanguage\":\"es\"},{\"@type\":\"Organization\",\"@id\":\"https:\/\/torredonjimenoactualidad.com\/#organization\",\"name\":\"Torredonjimeno Actualidad\",\"url\":\"https:\/\/torredonjimenoactualidad.com\/\",\"logo\":{\"@type\":\"ImageObject\",\"inLanguage\":\"es\",\"@id\":\"https:\/\/torredonjimenoactualidad.com\/#\/schema\/logo\/image\/\",\"url\":\"https:\/\/torredonjimenoactualidad.com\/wp-content\/uploads\/2023\/02\/logo-torredonjimeno-544x180-1.png\",\"contentUrl\":\"https:\/\/torredonjimenoactualidad.com\/wp-content\/uploads\/2023\/02\/logo-torredonjimeno-544x180-1.png\",\"width\":545,\"height\":112,\"caption\":\"Torredonjimeno Actualidad\"},\"image\":{\"@id\":\"https:\/\/torredonjimenoactualidad.com\/#\/schema\/logo\/image\/\"}},{\"@type\":\"Person\",\"@id\":\"https:\/\/torredonjimenoactualidad.com\/#\/schema\/person\/84de5f233e783ef2c75151a532b54977\",\"name\":\"Alba Mar\u00eda Torres\",\"image\":{\"@type\":\"ImageObject\",\"inLanguage\":\"es\",\"@id\":\"https:\/\/torredonjimenoactualidad.com\/#\/schema\/person\/image\/\",\"url\":\"https:\/\/secure.gravatar.com\/avatar\/f9371f188c71501b4475a9ba2a71595850ec72967f800a2ed8e3e2102859ed65?s=96&d=mm&r=g\",\"contentUrl\":\"https:\/\/secure.gravatar.com\/avatar\/f9371f188c71501b4475a9ba2a71595850ec72967f800a2ed8e3e2102859ed65?s=96&d=mm&r=g\",\"caption\":\"Alba Mar\u00eda Torres\"},\"url\":\"https:\/\/torredonjimenoactualidad.com\/index.php\/author\/alba-torres\/\"}]}<\/script>\n<!-- \/ Yoast SEO plugin. -->","yoast_head_json":{"title":"Celebraci\u00f3n de San Isidro en Torredonjimeno: Misa y Procesi\u00f3n en Honor al Patr\u00f3n de los Agricultores - Torredonjimeno Actualidad","robots":{"index":"index","follow":"follow","max-snippet":"max-snippet:-1","max-image-preview":"max-image-preview:large","max-video-preview":"max-video-preview:-1"},"canonical":"https:\/\/torredonjimenoactualidad.com\/index.php\/2024\/05\/14\/celebracion-de-san-isidro-en-torredonjimeno-misa-y-procesion-en-honor-al-patron-de-los-agricultores\/","og_locale":"es_ES","og_type":"article","og_title":"Celebraci\u00f3n de San Isidro en Torredonjimeno: Misa y Procesi\u00f3n en Honor al Patr\u00f3n de los Agricultores - Torredonjimeno Actualidad","og_description":"Ma\u00f1ana mi\u00e9rcoles, 15 de mayo, Torredonjimeno volver\u00e1 a celebrar la festividad de San Isidro Labrador, patr\u00f3n de los agricultores. Los actos religiosos previstos tendr\u00e1n lugar en el Santuario de Nuestra Se\u00f1ora de Consolaci\u00f3n, donde se encuentra la imagen del santo protector de campos y cosechas. El p\u00e1rroco de Santa Maria, Ildelfonso Rueda oficiar\u00e1 la Eucarist\u00eda &hellip; Celebraci\u00f3n de San Isidro en Torredonjimeno: Misa y Procesi\u00f3n en Honor al Patr\u00f3n de los Agricultores Leer m\u00e1s &raquo;","og_url":"https:\/\/torredonjimenoactualidad.com\/index.php\/2024\/05\/14\/celebracion-de-san-isidro-en-torredonjimeno-misa-y-procesion-en-honor-al-patron-de-los-agricultores\/","og_site_name":"Torredonjimeno Actualidad","article_published_time":"2024-05-14T15:37:00+00:00","article_modified_time":"2024-05-14T15:37:02+00:00","og_image":[{"width":2560,"height":1440,"url":"https:\/\/torredonjimenoactualidad.com\/wp-content\/uploads\/2024\/05\/IMG_7238-scaled.jpg","type":"image\/jpeg"}],"author":"Alba Mar\u00eda Torres","twitter_card":"summary_large_image","twitter_misc":{"Escrito por":"Alba Mar\u00eda Torres","Tiempo de lectura":"2 minutos"},"schema":{"@context":"https:\/\/schema.org","@graph":[{"@type":"Article","@id":"https:\/\/torredonjimenoactualidad.com\/index.php\/2024\/05\/14\/celebracion-de-san-isidro-en-torredonjimeno-misa-y-procesion-en-honor-al-patron-de-los-agricultores\/#article","isPartOf":{"@id":"https:\/\/torredonjimenoactualidad.com\/index.php\/2024\/05\/14\/celebracion-de-san-isidro-en-torredonjimeno-misa-y-procesion-en-honor-al-patron-de-los-agricultores\/"},"author":{"name":"Alba Mar\u00eda Torres","@id":"https:\/\/torredonjimenoactualidad.com\/#\/schema\/person\/84de5f233e783ef2c75151a532b54977"},"headline":"Celebraci\u00f3n de San Isidro en Torredonjimeno: Misa y Procesi\u00f3n en Honor al Patr\u00f3n de los Agricultores","datePublished":"2024-05-14T15:37:00+00:00","dateModified":"2024-05-14T15:37:02+00:00","mainEntityOfPage":{"@id":"https:\/\/torredonjimenoactualidad.com\/index.php\/2024\/05\/14\/celebracion-de-san-isidro-en-torredonjimeno-misa-y-procesion-en-honor-al-patron-de-los-agricultores\/"},"wordCount":264,"publisher":{"@id":"https:\/\/torredonjimenoactualidad.com\/#organization"},"articleSection":["local"],"inLanguage":"es"},{"@type":"WebPage","@id":"https:\/\/torredonjimenoactualidad.com\/index.php\/2024\/05\/14\/celebracion-de-san-isidro-en-torredonjimeno-misa-y-procesion-en-honor-al-patron-de-los-agricultores\/","url":"https:\/\/torredonjimenoactualidad.com\/index.php\/2024\/05\/14\/celebracion-de-san-isidro-en-torredonjimeno-misa-y-procesion-en-honor-al-patron-de-los-agricultores\/","name":"Celebraci\u00f3n de San Isidro en Torredonjimeno: Misa y Procesi\u00f3n en Honor al Patr\u00f3n de los Agricultores - Torredonjimeno Actualidad","isPartOf":{"@id":"https:\/\/torredonjimenoactualidad.com\/#website"},"datePublished":"2024-05-14T15:37:00+00:00","dateModified":"2024-05-14T15:37:02+00:00","breadcrumb":{"@id":"https:\/\/torredonjimenoactualidad.com\/index.php\/2024\/05\/14\/celebracion-de-san-isidro-en-torredonjimeno-misa-y-procesion-en-honor-al-patron-de-los-agricultores\/#breadcrumb"},"inLanguage":"es","potentialAction":[{"@type":"ReadAction","target":["https:\/\/torredonjimenoactualidad.com\/index.php\/2024\/05\/14\/celebracion-de-san-isidro-en-torredonjimeno-misa-y-procesion-en-honor-al-patron-de-los-agricultores\/"]}]},{"@type":"BreadcrumbList","@id":"https:\/\/torredonjimenoactualidad.com\/index.php\/2024\/05\/14\/celebracion-de-san-isidro-en-torredonjimeno-misa-y-procesion-en-honor-al-patron-de-los-agricultores\/#breadcrumb","itemListElement":[{"@type":"ListItem","position":1,"name":"Portada","item":"https:\/\/torredonjimenoactualidad.com\/"},{"@type":"ListItem","position":2,"name":"Celebraci\u00f3n de San Isidro en Torredonjimeno: Misa y Procesi\u00f3n en Honor al Patr\u00f3n de los Agricultores"}]},{"@type":"WebSite","@id":"https:\/\/torredonjimenoactualidad.com\/#website","url":"https:\/\/torredonjimenoactualidad.com\/","name":"Torredonjimeno Actualidad","description":"","publisher":{"@id":"https:\/\/torredonjimenoactualidad.com\/#organization"},"potentialAction":[{"@type":"SearchAction","target":{"@type":"EntryPoint","urlTemplate":"https:\/\/torredonjimenoactualidad.com\/?s={search_term_string}"},"query-input":"required name=search_term_string"}],"inLanguage":"es"},{"@type":"Organization","@id":"https:\/\/torredonjimenoactualidad.com\/#organization","name":"Torredonjimeno Actualidad","url":"https:\/\/torredonjimenoactualidad.com\/","logo":{"@type":"ImageObject","inLanguage":"es","@id":"https:\/\/torredonjimenoactualidad.com\/#\/schema\/logo\/image\/","url":"https:\/\/torredonjimenoactualidad.com\/wp-content\/uploads\/2023\/02\/logo-torredonjimeno-544x180-1.png","contentUrl":"https:\/\/torredonjimenoactualidad.com\/wp-content\/uploads\/2023\/02\/logo-torredonjimeno-544x180-1.png","width":545,"height":112,"caption":"Torredonjimeno Actualidad"},"image":{"@id":"https:\/\/torredonjimenoactualidad.com\/#\/schema\/logo\/image\/"}},{"@type":"Person","@id":"https:\/\/torredonjimenoactualidad.com\/#\/schema\/person\/84de5f233e783ef2c75151a532b54977","name":"Alba Mar\u00eda Torres","image":{"@type":"ImageObject","inLanguage":"es","@id":"https:\/\/torredonjimenoactualidad.com\/#\/schema\/person\/image\/","url":"https:\/\/secure.gravatar.com\/avatar\/f9371f188c71501b4475a9ba2a71595850ec72967f800a2ed8e3e2102859ed65?s=96&d=mm&r=g","contentUrl":"https:\/\/secure.gravatar.com\/avatar\/f9371f188c71501b4475a9ba2a71595850ec72967f800a2ed8e3e2102859ed65?s=96&d=mm&r=g","caption":"Alba Mar\u00eda Torres"},"url":"https:\/\/torredonjimenoactualidad.com\/index.php\/author\/alba-torres\/"}]}},"_links":{"self":[{"href":"https:\/\/torredonjimenoactualidad.com\/index.php\/wp-json\/wp\/v2\/posts\/1933","targetHints":{"allow":["GET"]}}],"collection":[{"href":"https:\/\/torredonjimenoactualidad.com\/index.php\/wp-json\/wp\/v2\/posts"}],"about":[{"href":"https:\/\/torredonjimenoactualidad.com\/index.php\/wp-json\/wp\/v2\/types\/post"}],"author":[{"embeddable":true,"href":"https:\/\/torredonjimenoactualidad.com\/index.php\/wp-json\/wp\/v2\/users\/2"}],"replies":[{"embeddable":true,"href":"https:\/\/torredonjimenoactualidad.com\/index.php\/wp-json\/wp\/v2\/comments?post=1933"}],"version-history":[{"count":1,"href":"https:\/\/torredonjimenoactualidad.com\/index.php\/wp-json\/wp\/v2\/posts\/1933\/revisions"}],"predecessor-version":[{"id":1935,"href":"https:\/\/torredonjimenoactualidad.com\/index.php\/wp-json\/wp\/v2\/posts\/1933\/revisions\/1935"}],"wp:featuredmedia":[{"embeddable":true,"href":"https:\/\/torredonjimenoactualidad.com\/index.php\/wp-json\/wp\/v2\/media\/1934"}],"wp:attachment":[{"href":"https:\/\/torredonjimenoactualidad.com\/index.php\/wp-json\/wp\/v2\/media?parent=1933"}],"wp:term":[{"taxonomy":"category","embeddable":true,"href":"https:\/\/torredonjimenoactualidad.com\/index.php\/wp-json\/wp\/v2\/categories?post=1933"},{"taxonomy":"post_tag","embeddable":true,"href":"https:\/\/torredonjimenoactualidad.com\/index.php\/wp-json\/wp\/v2\/tags?post=1933"}],"curies":[{"name":"wp","href":"https:\/\/api.w.org\/{rel}","templated":true}]}}