{"id":1899,"date":"2024-04-29T09:44:30","date_gmt":"2024-04-29T09:44:30","guid":{"rendered":"https:\/\/torredonjimenoactualidad.com\/?p=1899"},"modified":"2024-04-29T09:49:41","modified_gmt":"2024-04-29T09:49:41","slug":"investigan-en-jaen-la-muerte-de-un-nino-de-seis-anos-cuya-madre-presenta-signos-de-autolesion","status":"publish","type":"post","link":"https:\/\/torredonjimenoactualidad.com\/index.php\/2024\/04\/29\/investigan-en-jaen-la-muerte-de-un-nino-de-seis-anos-cuya-madre-presenta-signos-de-autolesion\/","title":{"rendered":"Investigan en Ja\u00e9n la muerte de un ni\u00f1o de seis a\u00f1os cuya madre presenta signos de autolesi\u00f3n"},"content":{"rendered":"\n<p>La Polic\u00eda Nacional est\u00e1 investigando en Ja\u00e9n la muerte de un menor de seis a\u00f1os cuya madre tambi\u00e9n ha sido localizada en el mismo domicilio con signos de autolesi\u00f3n.<\/p>\n\n\n\n<p>Seg\u00fan ha informado la Polic\u00eda Nacional, ha sido sobre las 9,00 horas cuando ha entrado una llamada a la sala 091 informando de una tentativa de suicidio en un piso de la zona centro de la capital. En concreto, en el n\u00famero 2 de la calle Frente a Jes\u00fas, en el barrio de La Merced.<\/p>\n\n\n\n<p>Una vez se ha personado la patrulla en el lugar se ha confirmado el hallazgo de un menor de seis a\u00f1os de edad sin vida en una de las habitaciones del piso y a su madre, con vida y con signos autol\u00edticos por arma blanca.<\/p>\n\n\n\n<p>Ha sido el otro hijo, de 17 a\u00f1os, el que habr\u00eda llamado pidiendo ayuda. Seg\u00fan la llamada, su madre se encontraba en la cama con heridas de arma blanca, mientras que el menor estaba junto a ella ya fallecido.<\/p>\n\n\n\n<p>La madre ha sido trasladada en ambulancia convencional a un centro hospitalario de la capital para ser atendida de las heridas que presenta.<\/p>\n\n\n\n<p>Se ha activado el protocolo judicial por lo que se ha dado aviso al juez de instrucci\u00f3n, forense y a los grupos de Polic\u00eda Judicial y Cient\u00edfica.<\/p>\n\n\n\n<p>Se est\u00e1 a la espera de que el juez llegue al domicilio para el levantamiento del cad\u00e1ver, mientras que agentes de la Polic\u00eda Judicial y Cient\u00edfica est\u00e1n ya dentro de la vivienda.<\/p>\n","protected":false},"excerpt":{"rendered":"<p>La Polic\u00eda Nacional est\u00e1 investigando en Ja\u00e9n la muerte de un menor de seis a\u00f1os cuya madre tambi\u00e9n ha sido localizada en el mismo domicilio con signos de autolesi\u00f3n. Seg\u00fan ha informado la Polic\u00eda Nacional, ha sido sobre las 9,00 horas cuando ha entrado una llamada a la sala 091 informando de una tentativa de &hellip;<\/p>\n<p class=\"read-more\"> <a class=\"\" href=\"https:\/\/torredonjimenoactualidad.com\/index.php\/2024\/04\/29\/investigan-en-jaen-la-muerte-de-un-nino-de-seis-anos-cuya-madre-presenta-signos-de-autolesion\/\"> <span class=\"screen-reader-text\">Investigan en Ja\u00e9n la muerte de un ni\u00f1o de seis a\u00f1os cuya madre presenta signos de autolesi\u00f3n<\/span> Leer m\u00e1s &raquo;<\/a><\/p>\n","protected":false},"author":3,"featured_media":1900,"comment_status":"closed","ping_status":"open","sticky":false,"template":"","format":"standard","meta":{"site-sidebar-layout":"default","site-content-layout":"default","ast-global-header-display":"","ast-main-header-display":"","ast-hfb-above-header-display":"","ast-hfb-below-header-display":"","ast-hfb-mobile-header-display":"","site-post-title":"","ast-breadcrumbs-content":"","ast-featured-img":"","footer-sml-layout":"","theme-transparent-header-meta":"","adv-header-id-meta":"","stick-header-meta":"","header-above-stick-meta":"","header-main-stick-meta":"","header-below-stick-meta":"","footnotes":""},"categories":[8],"tags":[],"class_list":["post-1899","post","type-post","status-publish","format-standard","has-post-thumbnail","hentry","category-provincia"],"yoast_head":"<!-- This site is optimized with the Yoast SEO plugin v20.8 - https:\/\/yoast.com\/wordpress\/plugins\/seo\/ -->\n<title>Investigan en Ja\u00e9n la muerte de un ni\u00f1o de seis a\u00f1os cuya madre presenta signos de autolesi\u00f3n - Torredonjimeno Actualidad<\/title>\n<meta name=\"robots\" content=\"index, follow, max-snippet:-1, max-image-preview:large, max-video-preview:-1\" \/>\n<link rel=\"canonical\" href=\"https:\/\/torredonjimenoactualidad.com\/index.php\/2024\/04\/29\/investigan-en-jaen-la-muerte-de-un-nino-de-seis-anos-cuya-madre-presenta-signos-de-autolesion\/\" \/>\n<meta property=\"og:locale\" content=\"es_ES\" \/>\n<meta property=\"og:type\" content=\"article\" \/>\n<meta property=\"og:title\" content=\"Investigan en Ja\u00e9n la muerte de un ni\u00f1o de seis a\u00f1os cuya madre presenta signos de autolesi\u00f3n - Torredonjimeno Actualidad\" \/>\n<meta property=\"og:description\" content=\"La Polic\u00eda Nacional est\u00e1 investigando en Ja\u00e9n la muerte de un menor de seis a\u00f1os cuya madre tambi\u00e9n ha sido localizada en el mismo domicilio con signos de autolesi\u00f3n. Seg\u00fan ha informado la Polic\u00eda Nacional, ha sido sobre las 9,00 horas cuando ha entrado una llamada a la sala 091 informando de una tentativa de &hellip; Investigan en Ja\u00e9n la muerte de un ni\u00f1o de seis a\u00f1os cuya madre presenta signos de autolesi\u00f3n Leer m\u00e1s &raquo;\" \/>\n<meta property=\"og:url\" content=\"https:\/\/torredonjimenoactualidad.com\/index.php\/2024\/04\/29\/investigan-en-jaen-la-muerte-de-un-nino-de-seis-anos-cuya-madre-presenta-signos-de-autolesion\/\" \/>\n<meta property=\"og:site_name\" content=\"Torredonjimeno Actualidad\" \/>\n<meta property=\"article:published_time\" content=\"2024-04-29T09:44:30+00:00\" \/>\n<meta property=\"article:modified_time\" content=\"2024-04-29T09:49:41+00:00\" \/>\n<meta property=\"og:image\" content=\"https:\/\/torredonjimenoactualidad.com\/wp-content\/uploads\/2024\/04\/fotonoticia_20240429103523_1920.jpg\" \/>\n\t<meta property=\"og:image:width\" content=\"1920\" \/>\n\t<meta property=\"og:image:height\" content=\"1080\" \/>\n\t<meta property=\"og:image:type\" content=\"image\/jpeg\" \/>\n<meta name=\"author\" content=\"Redaccion\" \/>\n<meta name=\"twitter:card\" content=\"summary_large_image\" \/>\n<meta name=\"twitter:label1\" content=\"Escrito por\" \/>\n\t<meta name=\"twitter:data1\" content=\"Redaccion\" \/>\n\t<meta name=\"twitter:label2\" content=\"Tiempo de lectura\" \/>\n\t<meta name=\"twitter:data2\" content=\"2 minutos\" \/>\n<script type=\"application\/ld+json\" class=\"yoast-schema-graph\">{\"@context\":\"https:\/\/schema.org\",\"@graph\":[{\"@type\":\"Article\",\"@id\":\"https:\/\/torredonjimenoactualidad.com\/index.php\/2024\/04\/29\/investigan-en-jaen-la-muerte-de-un-nino-de-seis-anos-cuya-madre-presenta-signos-de-autolesion\/#article\",\"isPartOf\":{\"@id\":\"https:\/\/torredonjimenoactualidad.com\/index.php\/2024\/04\/29\/investigan-en-jaen-la-muerte-de-un-nino-de-seis-anos-cuya-madre-presenta-signos-de-autolesion\/\"},\"author\":{\"name\":\"Redaccion\",\"@id\":\"https:\/\/torredonjimenoactualidad.com\/#\/schema\/person\/11f05803cdf40dbeb7f4fbf2365c9ac5\"},\"headline\":\"Investigan en Ja\u00e9n la muerte de un ni\u00f1o de seis a\u00f1os cuya madre presenta signos de autolesi\u00f3n\",\"datePublished\":\"2024-04-29T09:44:30+00:00\",\"dateModified\":\"2024-04-29T09:49:41+00:00\",\"mainEntityOfPage\":{\"@id\":\"https:\/\/torredonjimenoactualidad.com\/index.php\/2024\/04\/29\/investigan-en-jaen-la-muerte-de-un-nino-de-seis-anos-cuya-madre-presenta-signos-de-autolesion\/\"},\"wordCount\":288,\"publisher\":{\"@id\":\"https:\/\/torredonjimenoactualidad.com\/#organization\"},\"articleSection\":[\"provincia\"],\"inLanguage\":\"es\"},{\"@type\":\"WebPage\",\"@id\":\"https:\/\/torredonjimenoactualidad.com\/index.php\/2024\/04\/29\/investigan-en-jaen-la-muerte-de-un-nino-de-seis-anos-cuya-madre-presenta-signos-de-autolesion\/\",\"url\":\"https:\/\/torredonjimenoactualidad.com\/index.php\/2024\/04\/29\/investigan-en-jaen-la-muerte-de-un-nino-de-seis-anos-cuya-madre-presenta-signos-de-autolesion\/\",\"name\":\"Investigan en Ja\u00e9n la muerte de un ni\u00f1o de seis a\u00f1os cuya madre presenta signos de autolesi\u00f3n - Torredonjimeno Actualidad\",\"isPartOf\":{\"@id\":\"https:\/\/torredonjimenoactualidad.com\/#website\"},\"datePublished\":\"2024-04-29T09:44:30+00:00\",\"dateModified\":\"2024-04-29T09:49:41+00:00\",\"breadcrumb\":{\"@id\":\"https:\/\/torredonjimenoactualidad.com\/index.php\/2024\/04\/29\/investigan-en-jaen-la-muerte-de-un-nino-de-seis-anos-cuya-madre-presenta-signos-de-autolesion\/#breadcrumb\"},\"inLanguage\":\"es\",\"potentialAction\":[{\"@type\":\"ReadAction\",\"target\":[\"https:\/\/torredonjimenoactualidad.com\/index.php\/2024\/04\/29\/investigan-en-jaen-la-muerte-de-un-nino-de-seis-anos-cuya-madre-presenta-signos-de-autolesion\/\"]}]},{\"@type\":\"BreadcrumbList\",\"@id\":\"https:\/\/torredonjimenoactualidad.com\/index.php\/2024\/04\/29\/investigan-en-jaen-la-muerte-de-un-nino-de-seis-anos-cuya-madre-presenta-signos-de-autolesion\/#breadcrumb\",\"itemListElement\":[{\"@type\":\"ListItem\",\"position\":1,\"name\":\"Portada\",\"item\":\"https:\/\/torredonjimenoactualidad.com\/\"},{\"@type\":\"ListItem\",\"position\":2,\"name\":\"Investigan en Ja\u00e9n la muerte de un ni\u00f1o de seis a\u00f1os cuya madre presenta signos de autolesi\u00f3n\"}]},{\"@type\":\"WebSite\",\"@id\":\"https:\/\/torredonjimenoactualidad.com\/#website\",\"url\":\"https:\/\/torredonjimenoactualidad.com\/\",\"name\":\"Torredonjimeno Actualidad\",\"description\":\"\",\"publisher\":{\"@id\":\"https:\/\/torredonjimenoactualidad.com\/#organization\"},\"potentialAction\":[{\"@type\":\"SearchAction\",\"target\":{\"@type\":\"EntryPoint\",\"urlTemplate\":\"https:\/\/torredonjimenoactualidad.com\/?s={search_term_string}\"},\"query-input\":\"required name=search_term_string\"}],\"inLanguage\":\"es\"},{\"@type\":\"Organization\",\"@id\":\"https:\/\/torredonjimenoactualidad.com\/#organization\",\"name\":\"Torredonjimeno Actualidad\",\"url\":\"https:\/\/torredonjimenoactualidad.com\/\",\"logo\":{\"@type\":\"ImageObject\",\"inLanguage\":\"es\",\"@id\":\"https:\/\/torredonjimenoactualidad.com\/#\/schema\/logo\/image\/\",\"url\":\"https:\/\/torredonjimenoactualidad.com\/wp-content\/uploads\/2023\/02\/logo-torredonjimeno-544x180-1.png\",\"contentUrl\":\"https:\/\/torredonjimenoactualidad.com\/wp-content\/uploads\/2023\/02\/logo-torredonjimeno-544x180-1.png\",\"width\":545,\"height\":112,\"caption\":\"Torredonjimeno Actualidad\"},\"image\":{\"@id\":\"https:\/\/torredonjimenoactualidad.com\/#\/schema\/logo\/image\/\"}},{\"@type\":\"Person\",\"@id\":\"https:\/\/torredonjimenoactualidad.com\/#\/schema\/person\/11f05803cdf40dbeb7f4fbf2365c9ac5\",\"name\":\"Redaccion\",\"image\":{\"@type\":\"ImageObject\",\"inLanguage\":\"es\",\"@id\":\"https:\/\/torredonjimenoactualidad.com\/#\/schema\/person\/image\/\",\"url\":\"https:\/\/secure.gravatar.com\/avatar\/5917bab7eff43e17746fd29b509939469470810b6b989b7cc2f89e3188399bf3?s=96&d=mm&r=g\",\"contentUrl\":\"https:\/\/secure.gravatar.com\/avatar\/5917bab7eff43e17746fd29b509939469470810b6b989b7cc2f89e3188399bf3?s=96&d=mm&r=g\",\"caption\":\"Redaccion\"},\"url\":\"https:\/\/torredonjimenoactualidad.com\/index.php\/author\/jose-bueno\/\"}]}<\/script>\n<!-- \/ Yoast SEO plugin. -->","yoast_head_json":{"title":"Investigan en Ja\u00e9n la muerte de un ni\u00f1o de seis a\u00f1os cuya madre presenta signos de autolesi\u00f3n - Torredonjimeno Actualidad","robots":{"index":"index","follow":"follow","max-snippet":"max-snippet:-1","max-image-preview":"max-image-preview:large","max-video-preview":"max-video-preview:-1"},"canonical":"https:\/\/torredonjimenoactualidad.com\/index.php\/2024\/04\/29\/investigan-en-jaen-la-muerte-de-un-nino-de-seis-anos-cuya-madre-presenta-signos-de-autolesion\/","og_locale":"es_ES","og_type":"article","og_title":"Investigan en Ja\u00e9n la muerte de un ni\u00f1o de seis a\u00f1os cuya madre presenta signos de autolesi\u00f3n - Torredonjimeno Actualidad","og_description":"La Polic\u00eda Nacional est\u00e1 investigando en Ja\u00e9n la muerte de un menor de seis a\u00f1os cuya madre tambi\u00e9n ha sido localizada en el mismo domicilio con signos de autolesi\u00f3n. Seg\u00fan ha informado la Polic\u00eda Nacional, ha sido sobre las 9,00 horas cuando ha entrado una llamada a la sala 091 informando de una tentativa de &hellip; Investigan en Ja\u00e9n la muerte de un ni\u00f1o de seis a\u00f1os cuya madre presenta signos de autolesi\u00f3n Leer m\u00e1s &raquo;","og_url":"https:\/\/torredonjimenoactualidad.com\/index.php\/2024\/04\/29\/investigan-en-jaen-la-muerte-de-un-nino-de-seis-anos-cuya-madre-presenta-signos-de-autolesion\/","og_site_name":"Torredonjimeno Actualidad","article_published_time":"2024-04-29T09:44:30+00:00","article_modified_time":"2024-04-29T09:49:41+00:00","og_image":[{"width":1920,"height":1080,"url":"https:\/\/torredonjimenoactualidad.com\/wp-content\/uploads\/2024\/04\/fotonoticia_20240429103523_1920.jpg","type":"image\/jpeg"}],"author":"Redaccion","twitter_card":"summary_large_image","twitter_misc":{"Escrito por":"Redaccion","Tiempo de lectura":"2 minutos"},"schema":{"@context":"https:\/\/schema.org","@graph":[{"@type":"Article","@id":"https:\/\/torredonjimenoactualidad.com\/index.php\/2024\/04\/29\/investigan-en-jaen-la-muerte-de-un-nino-de-seis-anos-cuya-madre-presenta-signos-de-autolesion\/#article","isPartOf":{"@id":"https:\/\/torredonjimenoactualidad.com\/index.php\/2024\/04\/29\/investigan-en-jaen-la-muerte-de-un-nino-de-seis-anos-cuya-madre-presenta-signos-de-autolesion\/"},"author":{"name":"Redaccion","@id":"https:\/\/torredonjimenoactualidad.com\/#\/schema\/person\/11f05803cdf40dbeb7f4fbf2365c9ac5"},"headline":"Investigan en Ja\u00e9n la muerte de un ni\u00f1o de seis a\u00f1os cuya madre presenta signos de autolesi\u00f3n","datePublished":"2024-04-29T09:44:30+00:00","dateModified":"2024-04-29T09:49:41+00:00","mainEntityOfPage":{"@id":"https:\/\/torredonjimenoactualidad.com\/index.php\/2024\/04\/29\/investigan-en-jaen-la-muerte-de-un-nino-de-seis-anos-cuya-madre-presenta-signos-de-autolesion\/"},"wordCount":288,"publisher":{"@id":"https:\/\/torredonjimenoactualidad.com\/#organization"},"articleSection":["provincia"],"inLanguage":"es"},{"@type":"WebPage","@id":"https:\/\/torredonjimenoactualidad.com\/index.php\/2024\/04\/29\/investigan-en-jaen-la-muerte-de-un-nino-de-seis-anos-cuya-madre-presenta-signos-de-autolesion\/","url":"https:\/\/torredonjimenoactualidad.com\/index.php\/2024\/04\/29\/investigan-en-jaen-la-muerte-de-un-nino-de-seis-anos-cuya-madre-presenta-signos-de-autolesion\/","name":"Investigan en Ja\u00e9n la muerte de un ni\u00f1o de seis a\u00f1os cuya madre presenta signos de autolesi\u00f3n - Torredonjimeno Actualidad","isPartOf":{"@id":"https:\/\/torredonjimenoactualidad.com\/#website"},"datePublished":"2024-04-29T09:44:30+00:00","dateModified":"2024-04-29T09:49:41+00:00","breadcrumb":{"@id":"https:\/\/torredonjimenoactualidad.com\/index.php\/2024\/04\/29\/investigan-en-jaen-la-muerte-de-un-nino-de-seis-anos-cuya-madre-presenta-signos-de-autolesion\/#breadcrumb"},"inLanguage":"es","potentialAction":[{"@type":"ReadAction","target":["https:\/\/torredonjimenoactualidad.com\/index.php\/2024\/04\/29\/investigan-en-jaen-la-muerte-de-un-nino-de-seis-anos-cuya-madre-presenta-signos-de-autolesion\/"]}]},{"@type":"BreadcrumbList","@id":"https:\/\/torredonjimenoactualidad.com\/index.php\/2024\/04\/29\/investigan-en-jaen-la-muerte-de-un-nino-de-seis-anos-cuya-madre-presenta-signos-de-autolesion\/#breadcrumb","itemListElement":[{"@type":"ListItem","position":1,"name":"Portada","item":"https:\/\/torredonjimenoactualidad.com\/"},{"@type":"ListItem","position":2,"name":"Investigan en Ja\u00e9n la muerte de un ni\u00f1o de seis a\u00f1os cuya madre presenta signos de autolesi\u00f3n"}]},{"@type":"WebSite","@id":"https:\/\/torredonjimenoactualidad.com\/#website","url":"https:\/\/torredonjimenoactualidad.com\/","name":"Torredonjimeno Actualidad","description":"","publisher":{"@id":"https:\/\/torredonjimenoactualidad.com\/#organization"},"potentialAction":[{"@type":"SearchAction","target":{"@type":"EntryPoint","urlTemplate":"https:\/\/torredonjimenoactualidad.com\/?s={search_term_string}"},"query-input":"required name=search_term_string"}],"inLanguage":"es"},{"@type":"Organization","@id":"https:\/\/torredonjimenoactualidad.com\/#organization","name":"Torredonjimeno Actualidad","url":"https:\/\/torredonjimenoactualidad.com\/","logo":{"@type":"ImageObject","inLanguage":"es","@id":"https:\/\/torredonjimenoactualidad.com\/#\/schema\/logo\/image\/","url":"https:\/\/torredonjimenoactualidad.com\/wp-content\/uploads\/2023\/02\/logo-torredonjimeno-544x180-1.png","contentUrl":"https:\/\/torredonjimenoactualidad.com\/wp-content\/uploads\/2023\/02\/logo-torredonjimeno-544x180-1.png","width":545,"height":112,"caption":"Torredonjimeno Actualidad"},"image":{"@id":"https:\/\/torredonjimenoactualidad.com\/#\/schema\/logo\/image\/"}},{"@type":"Person","@id":"https:\/\/torredonjimenoactualidad.com\/#\/schema\/person\/11f05803cdf40dbeb7f4fbf2365c9ac5","name":"Redaccion","image":{"@type":"ImageObject","inLanguage":"es","@id":"https:\/\/torredonjimenoactualidad.com\/#\/schema\/person\/image\/","url":"https:\/\/secure.gravatar.com\/avatar\/5917bab7eff43e17746fd29b509939469470810b6b989b7cc2f89e3188399bf3?s=96&d=mm&r=g","contentUrl":"https:\/\/secure.gravatar.com\/avatar\/5917bab7eff43e17746fd29b509939469470810b6b989b7cc2f89e3188399bf3?s=96&d=mm&r=g","caption":"Redaccion"},"url":"https:\/\/torredonjimenoactualidad.com\/index.php\/author\/jose-bueno\/"}]}},"_links":{"self":[{"href":"https:\/\/torredonjimenoactualidad.com\/index.php\/wp-json\/wp\/v2\/posts\/1899","targetHints":{"allow":["GET"]}}],"collection":[{"href":"https:\/\/torredonjimenoactualidad.com\/index.php\/wp-json\/wp\/v2\/posts"}],"about":[{"href":"https:\/\/torredonjimenoactualidad.com\/index.php\/wp-json\/wp\/v2\/types\/post"}],"author":[{"embeddable":true,"href":"https:\/\/torredonjimenoactualidad.com\/index.php\/wp-json\/wp\/v2\/users\/3"}],"replies":[{"embeddable":true,"href":"https:\/\/torredonjimenoactualidad.com\/index.php\/wp-json\/wp\/v2\/comments?post=1899"}],"version-history":[{"count":1,"href":"https:\/\/torredonjimenoactualidad.com\/index.php\/wp-json\/wp\/v2\/posts\/1899\/revisions"}],"predecessor-version":[{"id":1901,"href":"https:\/\/torredonjimenoactualidad.com\/index.php\/wp-json\/wp\/v2\/posts\/1899\/revisions\/1901"}],"wp:featuredmedia":[{"embeddable":true,"href":"https:\/\/torredonjimenoactualidad.com\/index.php\/wp-json\/wp\/v2\/media\/1900"}],"wp:attachment":[{"href":"https:\/\/torredonjimenoactualidad.com\/index.php\/wp-json\/wp\/v2\/media?parent=1899"}],"wp:term":[{"taxonomy":"category","embeddable":true,"href":"https:\/\/torredonjimenoactualidad.com\/index.php\/wp-json\/wp\/v2\/categories?post=1899"},{"taxonomy":"post_tag","embeddable":true,"href":"https:\/\/torredonjimenoactualidad.com\/index.php\/wp-json\/wp\/v2\/tags?post=1899"}],"curies":[{"name":"wp","href":"https:\/\/api.w.org\/{rel}","templated":true}]}}