{"id":1882,"date":"2024-04-24T14:50:26","date_gmt":"2024-04-24T14:50:26","guid":{"rendered":"https:\/\/torredonjimenoactualidad.com\/?p=1882"},"modified":"2024-04-24T14:50:27","modified_gmt":"2024-04-24T14:50:27","slug":"andujar-y-sierra-morena-se-prepararan-para-la-romeria-de-la-virgen-de-la-cabeza","status":"publish","type":"post","link":"https:\/\/torredonjimenoactualidad.com\/index.php\/2024\/04\/24\/andujar-y-sierra-morena-se-prepararan-para-la-romeria-de-la-virgen-de-la-cabeza\/","title":{"rendered":"And\u00fajar y Sierra Morena se prepararan para la Romer\u00eda de la Virgen de la Cabeza"},"content":{"rendered":"\n<p>A las puertas del inicio de la esperada Romer\u00eda de la Virgen de la Cabeza, la emoci\u00f3n y la devoci\u00f3n comienza a estar presente en la provincia de Ja\u00e9n. La gran cita  con \u00abLa Morenita\u00bb en su romer\u00eda, la m\u00e1s antiguas de Espa\u00f1a comenzar\u00e1 a vivirse a partir de ma\u00f1ana jueves. <\/p>\n\n\n\n<p>Los fieles tosirianos aguardan ansiosos para participar en uno de los fines de semana m\u00e1s importantes del calendario jiennense. Los actos y cultos programados por la Real e Ilustre Cofrad\u00eda Matriz de la Sant\u00edsima Virgen de la Cabeza en 2024 ya est\u00e1n en marcha. <\/p>\n\n\n\n<p>El programa incluye una serie de eventos destacados, como la romer\u00eda escolar que ha tenido lugar hoy  mi\u00e9rcoles 24 y la tradicional ofrenda de flores a la Virgen en la plaza de Espa\u00f1a que se desarrollar\u00e1 ma\u00f1ana jueves 25 de abril.<\/p>\n\n\n\n<p>El viernes 26 ser\u00e1 un d\u00eda cargado de emoci\u00f3n, con la salida de la cofrad\u00eda matriz desde la Iglesia de San Miguel Arc\u00e1ngel hacia el Puente Romano y la recepci\u00f3n oficial de las cofrad\u00edas filiales en la plaza de Espa\u00f1a. El s\u00e1bado 27, la misa de romeros en el parque de Col\u00f3n de And\u00fajar, dar\u00e1 paso a la salida hacia el Santuario y la presentaci\u00f3n de las cofrad\u00edas filiales ante \u00abLa Rosa de Oro\u00bb en su casa del Cerro del Cabezo.<\/p>\n\n\n\n<p>El domingo 28, la solemnidad alcanzar\u00e1 su punto m\u00e1ximo con la celebraci\u00f3n de la eucarist\u00eda de Pontifical presidida por el cardenal arzobispo de Madrid, Jos\u00e9 Cobo, seguida de la magna procesi\u00f3n de La Morenita por el poblado del Santuario.<\/p>\n\n\n\n<p>El lunes 29, despu\u00e9s de la misa de acci\u00f3n de gracias, comenzar\u00e1n los actos de despedida con la salida de la cofrad\u00eda matriz desde el Santuario de regreso a And\u00fajar. El recorrido pasar\u00e1 por lugares significativos como el &#8216;puente del lugar nuevo&#8217; y San Gin\u00e9s, marcando as\u00ed el fin de los actos y cultos en honor a la Sant\u00edsima Virgen de la Cabeza, con la mirada puesta en los eventos del pr\u00f3ximo a\u00f1o.<\/p>\n","protected":false},"excerpt":{"rendered":"<p>A las puertas del inicio de la esperada Romer\u00eda de la Virgen de la Cabeza, la emoci\u00f3n y la devoci\u00f3n comienza a estar presente en la provincia de Ja\u00e9n. La gran cita con \u00abLa Morenita\u00bb en su romer\u00eda, la m\u00e1s antiguas de Espa\u00f1a comenzar\u00e1 a vivirse a partir de ma\u00f1ana jueves. Los fieles tosirianos aguardan &hellip;<\/p>\n<p class=\"read-more\"> <a class=\"\" href=\"https:\/\/torredonjimenoactualidad.com\/index.php\/2024\/04\/24\/andujar-y-sierra-morena-se-prepararan-para-la-romeria-de-la-virgen-de-la-cabeza\/\"> <span class=\"screen-reader-text\">And\u00fajar y Sierra Morena se prepararan para la Romer\u00eda de la Virgen de la Cabeza<\/span> Leer m\u00e1s &raquo;<\/a><\/p>\n","protected":false},"author":2,"featured_media":1883,"comment_status":"closed","ping_status":"open","sticky":false,"template":"","format":"standard","meta":{"site-sidebar-layout":"default","site-content-layout":"default","ast-global-header-display":"","ast-main-header-display":"","ast-hfb-above-header-display":"","ast-hfb-below-header-display":"","ast-hfb-mobile-header-display":"","site-post-title":"","ast-breadcrumbs-content":"","ast-featured-img":"","footer-sml-layout":"","theme-transparent-header-meta":"","adv-header-id-meta":"","stick-header-meta":"","header-above-stick-meta":"","header-main-stick-meta":"","header-below-stick-meta":"","footnotes":""},"categories":[8],"tags":[],"class_list":["post-1882","post","type-post","status-publish","format-standard","has-post-thumbnail","hentry","category-provincia"],"yoast_head":"<!-- This site is optimized with the Yoast SEO plugin v20.8 - https:\/\/yoast.com\/wordpress\/plugins\/seo\/ -->\n<title>And\u00fajar y Sierra Morena se prepararan para la Romer\u00eda de la Virgen de la Cabeza - Torredonjimeno Actualidad<\/title>\n<meta name=\"robots\" content=\"index, follow, max-snippet:-1, max-image-preview:large, max-video-preview:-1\" \/>\n<link rel=\"canonical\" href=\"https:\/\/torredonjimenoactualidad.com\/index.php\/2024\/04\/24\/andujar-y-sierra-morena-se-prepararan-para-la-romeria-de-la-virgen-de-la-cabeza\/\" \/>\n<meta property=\"og:locale\" content=\"es_ES\" \/>\n<meta property=\"og:type\" content=\"article\" \/>\n<meta property=\"og:title\" content=\"And\u00fajar y Sierra Morena se prepararan para la Romer\u00eda de la Virgen de la Cabeza - Torredonjimeno Actualidad\" \/>\n<meta property=\"og:description\" content=\"A las puertas del inicio de la esperada Romer\u00eda de la Virgen de la Cabeza, la emoci\u00f3n y la devoci\u00f3n comienza a estar presente en la provincia de Ja\u00e9n. La gran cita con \u00abLa Morenita\u00bb en su romer\u00eda, la m\u00e1s antiguas de Espa\u00f1a comenzar\u00e1 a vivirse a partir de ma\u00f1ana jueves. Los fieles tosirianos aguardan &hellip; And\u00fajar y Sierra Morena se prepararan para la Romer\u00eda de la Virgen de la Cabeza Leer m\u00e1s &raquo;\" \/>\n<meta property=\"og:url\" content=\"https:\/\/torredonjimenoactualidad.com\/index.php\/2024\/04\/24\/andujar-y-sierra-morena-se-prepararan-para-la-romeria-de-la-virgen-de-la-cabeza\/\" \/>\n<meta property=\"og:site_name\" content=\"Torredonjimeno Actualidad\" \/>\n<meta property=\"article:published_time\" content=\"2024-04-24T14:50:26+00:00\" \/>\n<meta property=\"article:modified_time\" content=\"2024-04-24T14:50:27+00:00\" \/>\n<meta property=\"og:image\" content=\"https:\/\/torredonjimenoactualidad.com\/wp-content\/uploads\/2024\/04\/DSC_2150-860x460-1.jpg\" \/>\n\t<meta property=\"og:image:width\" content=\"860\" \/>\n\t<meta property=\"og:image:height\" content=\"460\" \/>\n\t<meta property=\"og:image:type\" content=\"image\/jpeg\" \/>\n<meta name=\"author\" content=\"Alba Mar\u00eda Torres\" \/>\n<meta name=\"twitter:card\" content=\"summary_large_image\" \/>\n<meta name=\"twitter:label1\" content=\"Escrito por\" \/>\n\t<meta name=\"twitter:data1\" content=\"Alba Mar\u00eda Torres\" \/>\n\t<meta name=\"twitter:label2\" content=\"Tiempo de lectura\" \/>\n\t<meta name=\"twitter:data2\" content=\"2 minutos\" \/>\n<script type=\"application\/ld+json\" class=\"yoast-schema-graph\">{\"@context\":\"https:\/\/schema.org\",\"@graph\":[{\"@type\":\"Article\",\"@id\":\"https:\/\/torredonjimenoactualidad.com\/index.php\/2024\/04\/24\/andujar-y-sierra-morena-se-prepararan-para-la-romeria-de-la-virgen-de-la-cabeza\/#article\",\"isPartOf\":{\"@id\":\"https:\/\/torredonjimenoactualidad.com\/index.php\/2024\/04\/24\/andujar-y-sierra-morena-se-prepararan-para-la-romeria-de-la-virgen-de-la-cabeza\/\"},\"author\":{\"name\":\"Alba Mar\u00eda Torres\",\"@id\":\"https:\/\/torredonjimenoactualidad.com\/#\/schema\/person\/84de5f233e783ef2c75151a532b54977\"},\"headline\":\"And\u00fajar y Sierra Morena se prepararan para la Romer\u00eda de la Virgen de la Cabeza\",\"datePublished\":\"2024-04-24T14:50:26+00:00\",\"dateModified\":\"2024-04-24T14:50:27+00:00\",\"mainEntityOfPage\":{\"@id\":\"https:\/\/torredonjimenoactualidad.com\/index.php\/2024\/04\/24\/andujar-y-sierra-morena-se-prepararan-para-la-romeria-de-la-virgen-de-la-cabeza\/\"},\"wordCount\":380,\"publisher\":{\"@id\":\"https:\/\/torredonjimenoactualidad.com\/#organization\"},\"articleSection\":[\"provincia\"],\"inLanguage\":\"es\"},{\"@type\":\"WebPage\",\"@id\":\"https:\/\/torredonjimenoactualidad.com\/index.php\/2024\/04\/24\/andujar-y-sierra-morena-se-prepararan-para-la-romeria-de-la-virgen-de-la-cabeza\/\",\"url\":\"https:\/\/torredonjimenoactualidad.com\/index.php\/2024\/04\/24\/andujar-y-sierra-morena-se-prepararan-para-la-romeria-de-la-virgen-de-la-cabeza\/\",\"name\":\"And\u00fajar y Sierra Morena se prepararan para la Romer\u00eda de la Virgen de la Cabeza - Torredonjimeno Actualidad\",\"isPartOf\":{\"@id\":\"https:\/\/torredonjimenoactualidad.com\/#website\"},\"datePublished\":\"2024-04-24T14:50:26+00:00\",\"dateModified\":\"2024-04-24T14:50:27+00:00\",\"breadcrumb\":{\"@id\":\"https:\/\/torredonjimenoactualidad.com\/index.php\/2024\/04\/24\/andujar-y-sierra-morena-se-prepararan-para-la-romeria-de-la-virgen-de-la-cabeza\/#breadcrumb\"},\"inLanguage\":\"es\",\"potentialAction\":[{\"@type\":\"ReadAction\",\"target\":[\"https:\/\/torredonjimenoactualidad.com\/index.php\/2024\/04\/24\/andujar-y-sierra-morena-se-prepararan-para-la-romeria-de-la-virgen-de-la-cabeza\/\"]}]},{\"@type\":\"BreadcrumbList\",\"@id\":\"https:\/\/torredonjimenoactualidad.com\/index.php\/2024\/04\/24\/andujar-y-sierra-morena-se-prepararan-para-la-romeria-de-la-virgen-de-la-cabeza\/#breadcrumb\",\"itemListElement\":[{\"@type\":\"ListItem\",\"position\":1,\"name\":\"Portada\",\"item\":\"https:\/\/torredonjimenoactualidad.com\/\"},{\"@type\":\"ListItem\",\"position\":2,\"name\":\"And\u00fajar y Sierra Morena se prepararan para la Romer\u00eda de la Virgen de la Cabeza\"}]},{\"@type\":\"WebSite\",\"@id\":\"https:\/\/torredonjimenoactualidad.com\/#website\",\"url\":\"https:\/\/torredonjimenoactualidad.com\/\",\"name\":\"Torredonjimeno Actualidad\",\"description\":\"\",\"publisher\":{\"@id\":\"https:\/\/torredonjimenoactualidad.com\/#organization\"},\"potentialAction\":[{\"@type\":\"SearchAction\",\"target\":{\"@type\":\"EntryPoint\",\"urlTemplate\":\"https:\/\/torredonjimenoactualidad.com\/?s={search_term_string}\"},\"query-input\":\"required name=search_term_string\"}],\"inLanguage\":\"es\"},{\"@type\":\"Organization\",\"@id\":\"https:\/\/torredonjimenoactualidad.com\/#organization\",\"name\":\"Torredonjimeno Actualidad\",\"url\":\"https:\/\/torredonjimenoactualidad.com\/\",\"logo\":{\"@type\":\"ImageObject\",\"inLanguage\":\"es\",\"@id\":\"https:\/\/torredonjimenoactualidad.com\/#\/schema\/logo\/image\/\",\"url\":\"https:\/\/torredonjimenoactualidad.com\/wp-content\/uploads\/2023\/02\/logo-torredonjimeno-544x180-1.png\",\"contentUrl\":\"https:\/\/torredonjimenoactualidad.com\/wp-content\/uploads\/2023\/02\/logo-torredonjimeno-544x180-1.png\",\"width\":545,\"height\":112,\"caption\":\"Torredonjimeno Actualidad\"},\"image\":{\"@id\":\"https:\/\/torredonjimenoactualidad.com\/#\/schema\/logo\/image\/\"}},{\"@type\":\"Person\",\"@id\":\"https:\/\/torredonjimenoactualidad.com\/#\/schema\/person\/84de5f233e783ef2c75151a532b54977\",\"name\":\"Alba Mar\u00eda Torres\",\"image\":{\"@type\":\"ImageObject\",\"inLanguage\":\"es\",\"@id\":\"https:\/\/torredonjimenoactualidad.com\/#\/schema\/person\/image\/\",\"url\":\"https:\/\/secure.gravatar.com\/avatar\/f9371f188c71501b4475a9ba2a71595850ec72967f800a2ed8e3e2102859ed65?s=96&d=mm&r=g\",\"contentUrl\":\"https:\/\/secure.gravatar.com\/avatar\/f9371f188c71501b4475a9ba2a71595850ec72967f800a2ed8e3e2102859ed65?s=96&d=mm&r=g\",\"caption\":\"Alba Mar\u00eda Torres\"},\"url\":\"https:\/\/torredonjimenoactualidad.com\/index.php\/author\/alba-torres\/\"}]}<\/script>\n<!-- \/ Yoast SEO plugin. -->","yoast_head_json":{"title":"And\u00fajar y Sierra Morena se prepararan para la Romer\u00eda de la Virgen de la Cabeza - Torredonjimeno Actualidad","robots":{"index":"index","follow":"follow","max-snippet":"max-snippet:-1","max-image-preview":"max-image-preview:large","max-video-preview":"max-video-preview:-1"},"canonical":"https:\/\/torredonjimenoactualidad.com\/index.php\/2024\/04\/24\/andujar-y-sierra-morena-se-prepararan-para-la-romeria-de-la-virgen-de-la-cabeza\/","og_locale":"es_ES","og_type":"article","og_title":"And\u00fajar y Sierra Morena se prepararan para la Romer\u00eda de la Virgen de la Cabeza - Torredonjimeno Actualidad","og_description":"A las puertas del inicio de la esperada Romer\u00eda de la Virgen de la Cabeza, la emoci\u00f3n y la devoci\u00f3n comienza a estar presente en la provincia de Ja\u00e9n. La gran cita con \u00abLa Morenita\u00bb en su romer\u00eda, la m\u00e1s antiguas de Espa\u00f1a comenzar\u00e1 a vivirse a partir de ma\u00f1ana jueves. Los fieles tosirianos aguardan &hellip; And\u00fajar y Sierra Morena se prepararan para la Romer\u00eda de la Virgen de la Cabeza Leer m\u00e1s &raquo;","og_url":"https:\/\/torredonjimenoactualidad.com\/index.php\/2024\/04\/24\/andujar-y-sierra-morena-se-prepararan-para-la-romeria-de-la-virgen-de-la-cabeza\/","og_site_name":"Torredonjimeno Actualidad","article_published_time":"2024-04-24T14:50:26+00:00","article_modified_time":"2024-04-24T14:50:27+00:00","og_image":[{"width":860,"height":460,"url":"https:\/\/torredonjimenoactualidad.com\/wp-content\/uploads\/2024\/04\/DSC_2150-860x460-1.jpg","type":"image\/jpeg"}],"author":"Alba Mar\u00eda Torres","twitter_card":"summary_large_image","twitter_misc":{"Escrito por":"Alba Mar\u00eda Torres","Tiempo de lectura":"2 minutos"},"schema":{"@context":"https:\/\/schema.org","@graph":[{"@type":"Article","@id":"https:\/\/torredonjimenoactualidad.com\/index.php\/2024\/04\/24\/andujar-y-sierra-morena-se-prepararan-para-la-romeria-de-la-virgen-de-la-cabeza\/#article","isPartOf":{"@id":"https:\/\/torredonjimenoactualidad.com\/index.php\/2024\/04\/24\/andujar-y-sierra-morena-se-prepararan-para-la-romeria-de-la-virgen-de-la-cabeza\/"},"author":{"name":"Alba Mar\u00eda Torres","@id":"https:\/\/torredonjimenoactualidad.com\/#\/schema\/person\/84de5f233e783ef2c75151a532b54977"},"headline":"And\u00fajar y Sierra Morena se prepararan para la Romer\u00eda de la Virgen de la Cabeza","datePublished":"2024-04-24T14:50:26+00:00","dateModified":"2024-04-24T14:50:27+00:00","mainEntityOfPage":{"@id":"https:\/\/torredonjimenoactualidad.com\/index.php\/2024\/04\/24\/andujar-y-sierra-morena-se-prepararan-para-la-romeria-de-la-virgen-de-la-cabeza\/"},"wordCount":380,"publisher":{"@id":"https:\/\/torredonjimenoactualidad.com\/#organization"},"articleSection":["provincia"],"inLanguage":"es"},{"@type":"WebPage","@id":"https:\/\/torredonjimenoactualidad.com\/index.php\/2024\/04\/24\/andujar-y-sierra-morena-se-prepararan-para-la-romeria-de-la-virgen-de-la-cabeza\/","url":"https:\/\/torredonjimenoactualidad.com\/index.php\/2024\/04\/24\/andujar-y-sierra-morena-se-prepararan-para-la-romeria-de-la-virgen-de-la-cabeza\/","name":"And\u00fajar y Sierra Morena se prepararan para la Romer\u00eda de la Virgen de la Cabeza - Torredonjimeno Actualidad","isPartOf":{"@id":"https:\/\/torredonjimenoactualidad.com\/#website"},"datePublished":"2024-04-24T14:50:26+00:00","dateModified":"2024-04-24T14:50:27+00:00","breadcrumb":{"@id":"https:\/\/torredonjimenoactualidad.com\/index.php\/2024\/04\/24\/andujar-y-sierra-morena-se-prepararan-para-la-romeria-de-la-virgen-de-la-cabeza\/#breadcrumb"},"inLanguage":"es","potentialAction":[{"@type":"ReadAction","target":["https:\/\/torredonjimenoactualidad.com\/index.php\/2024\/04\/24\/andujar-y-sierra-morena-se-prepararan-para-la-romeria-de-la-virgen-de-la-cabeza\/"]}]},{"@type":"BreadcrumbList","@id":"https:\/\/torredonjimenoactualidad.com\/index.php\/2024\/04\/24\/andujar-y-sierra-morena-se-prepararan-para-la-romeria-de-la-virgen-de-la-cabeza\/#breadcrumb","itemListElement":[{"@type":"ListItem","position":1,"name":"Portada","item":"https:\/\/torredonjimenoactualidad.com\/"},{"@type":"ListItem","position":2,"name":"And\u00fajar y Sierra Morena se prepararan para la Romer\u00eda de la Virgen de la Cabeza"}]},{"@type":"WebSite","@id":"https:\/\/torredonjimenoactualidad.com\/#website","url":"https:\/\/torredonjimenoactualidad.com\/","name":"Torredonjimeno Actualidad","description":"","publisher":{"@id":"https:\/\/torredonjimenoactualidad.com\/#organization"},"potentialAction":[{"@type":"SearchAction","target":{"@type":"EntryPoint","urlTemplate":"https:\/\/torredonjimenoactualidad.com\/?s={search_term_string}"},"query-input":"required name=search_term_string"}],"inLanguage":"es"},{"@type":"Organization","@id":"https:\/\/torredonjimenoactualidad.com\/#organization","name":"Torredonjimeno Actualidad","url":"https:\/\/torredonjimenoactualidad.com\/","logo":{"@type":"ImageObject","inLanguage":"es","@id":"https:\/\/torredonjimenoactualidad.com\/#\/schema\/logo\/image\/","url":"https:\/\/torredonjimenoactualidad.com\/wp-content\/uploads\/2023\/02\/logo-torredonjimeno-544x180-1.png","contentUrl":"https:\/\/torredonjimenoactualidad.com\/wp-content\/uploads\/2023\/02\/logo-torredonjimeno-544x180-1.png","width":545,"height":112,"caption":"Torredonjimeno Actualidad"},"image":{"@id":"https:\/\/torredonjimenoactualidad.com\/#\/schema\/logo\/image\/"}},{"@type":"Person","@id":"https:\/\/torredonjimenoactualidad.com\/#\/schema\/person\/84de5f233e783ef2c75151a532b54977","name":"Alba Mar\u00eda Torres","image":{"@type":"ImageObject","inLanguage":"es","@id":"https:\/\/torredonjimenoactualidad.com\/#\/schema\/person\/image\/","url":"https:\/\/secure.gravatar.com\/avatar\/f9371f188c71501b4475a9ba2a71595850ec72967f800a2ed8e3e2102859ed65?s=96&d=mm&r=g","contentUrl":"https:\/\/secure.gravatar.com\/avatar\/f9371f188c71501b4475a9ba2a71595850ec72967f800a2ed8e3e2102859ed65?s=96&d=mm&r=g","caption":"Alba Mar\u00eda Torres"},"url":"https:\/\/torredonjimenoactualidad.com\/index.php\/author\/alba-torres\/"}]}},"_links":{"self":[{"href":"https:\/\/torredonjimenoactualidad.com\/index.php\/wp-json\/wp\/v2\/posts\/1882","targetHints":{"allow":["GET"]}}],"collection":[{"href":"https:\/\/torredonjimenoactualidad.com\/index.php\/wp-json\/wp\/v2\/posts"}],"about":[{"href":"https:\/\/torredonjimenoactualidad.com\/index.php\/wp-json\/wp\/v2\/types\/post"}],"author":[{"embeddable":true,"href":"https:\/\/torredonjimenoactualidad.com\/index.php\/wp-json\/wp\/v2\/users\/2"}],"replies":[{"embeddable":true,"href":"https:\/\/torredonjimenoactualidad.com\/index.php\/wp-json\/wp\/v2\/comments?post=1882"}],"version-history":[{"count":1,"href":"https:\/\/torredonjimenoactualidad.com\/index.php\/wp-json\/wp\/v2\/posts\/1882\/revisions"}],"predecessor-version":[{"id":1884,"href":"https:\/\/torredonjimenoactualidad.com\/index.php\/wp-json\/wp\/v2\/posts\/1882\/revisions\/1884"}],"wp:featuredmedia":[{"embeddable":true,"href":"https:\/\/torredonjimenoactualidad.com\/index.php\/wp-json\/wp\/v2\/media\/1883"}],"wp:attachment":[{"href":"https:\/\/torredonjimenoactualidad.com\/index.php\/wp-json\/wp\/v2\/media?parent=1882"}],"wp:term":[{"taxonomy":"category","embeddable":true,"href":"https:\/\/torredonjimenoactualidad.com\/index.php\/wp-json\/wp\/v2\/categories?post=1882"},{"taxonomy":"post_tag","embeddable":true,"href":"https:\/\/torredonjimenoactualidad.com\/index.php\/wp-json\/wp\/v2\/tags?post=1882"}],"curies":[{"name":"wp","href":"https:\/\/api.w.org\/{rel}","templated":true}]}}