{"id":1795,"date":"2024-03-27T14:44:59","date_gmt":"2024-03-27T14:44:59","guid":{"rendered":"https:\/\/torredonjimenoactualidad.com\/?p=1795"},"modified":"2024-03-27T14:45:44","modified_gmt":"2024-03-27T14:45:44","slug":"el-pleno-de-diputacion-abordara-la-aprobacion-de-117-millones-del-plan-provincial-de-obras-y-servicios","status":"publish","type":"post","link":"https:\/\/torredonjimenoactualidad.com\/index.php\/2024\/03\/27\/el-pleno-de-diputacion-abordara-la-aprobacion-de-117-millones-del-plan-provincial-de-obras-y-servicios\/","title":{"rendered":"El pleno de Diputaci\u00f3n abordar\u00e1 la aprobaci\u00f3n de 11,7 millones del Plan Provincial de Obras y Servicios"},"content":{"rendered":"\n<p>La Diputaci\u00f3n de Ja\u00e9n celebrar\u00e1 el pr\u00f3ximo 1 de abril un pleno, en el que se tratar\u00e1n varios asuntos de relevancia, como la aprobaci\u00f3n de 11,7 millones de euros correspondientes a servicios dentro del Plan Provincial de Obras y Servicios 2024.<\/p>\n\n\n\n<p>Igualmente, se ver\u00e1 la declaraci\u00f3n de utilidad p\u00fablica necesaria para poder expropiar los terrenos del campo de pruebas avanzadas del futuro Centro Tecnol\u00f3gico de Desarrollo y Experimentaci\u00f3n (Cetedex) y dos declaraciones institucionales, una en apoyo a las reivindicaciones del sector agr\u00edcola y ganadero en municipios de monta\u00f1a y otra ligada a la concienciaci\u00f3n sobre el autismo.<\/p>\n\n\n\n<p>Sobre el primero de estos asuntos, la vicepresidenta segunda, Pilar Parra, ha avanzado este viernes que se dar\u00e1 \u00abluz verde a una partida presupuestaria de 11,7 millones de euros que va destinada a las arcas de los 97 ayuntamientos jiennenses, ya que corresponde a la parte de servicios dentro del Plan Provincial de Obras y Servicios de 2024\u00bb.<\/p>\n\n\n\n<p>Este plan est\u00e1 dotado con un total de 16,16 millones de euros. \u00abTeniendo en cuenta siempre la autonom\u00eda de los municipios, que son los que deciden a qu\u00e9 dedican estos recursos, se ha determinado que 11,7 millones de euros se destinen a servicios y 4,46 millones de euros para obras\u00bb, ha comentado.<\/p>\n\n\n\n<p>Junto a ello, la tambi\u00e9n diputada de Econom\u00eda, Hacienda, Asistencia a Municipios y Recursos Humanos se ha referido a la declaraci\u00f3n de utilidad p\u00fablica e inter\u00e9s social para las expropiaciones de terrenos del campo de pruebas avanzadas del Cetedex.<\/p>\n\n\n\n<p>Se trata de una condici\u00f3n \u00abnecesaria para poder llevar a cabo la urgente ocupaci\u00f3n de estos terrenos\u00bb. Al hilo, ha recordado que ese espacio ser\u00e1 complementario al campus principal de \u00abeste centro tecnol\u00f3gico de desarrollo y experimentaci\u00f3n que se ubicar\u00e1 en la provincia de Ja\u00e9n y que ser\u00e1 un importante generador de valor para nuestra tierra\u00bb.<\/p>\n\n\n\n<p>\u00abEl Cetedex va a impulsar la actividad empresarial y acad\u00e9mica, favorecer\u00e1 la creaci\u00f3n de un ecosistema de innovaci\u00f3n, generador de empleo y tambi\u00e9n contribuir\u00e1 a impulsar interesantes sinergias de colaboraci\u00f3n con otras entidades p\u00fablicas, con la Universidad de Ja\u00e9n y con la red empresarial privada\u00bb, ha afirmado.<\/p>\n\n\n\n<p>Adem\u00e1s de estos asuntos, el pleno del pr\u00f3ximo lunes incluye en su orden del d\u00eda dos declaraciones institucionales. En la primera se expone el apoyo a las reivindicaciones del sector agr\u00edcola y ganadero de los municipios de monta\u00f1a, mientras que la segunda servir\u00e1 para adherirse al Manifiesto por el D\u00eda Mundial de Concienciaci\u00f3n sobre el Autismo, que se conmemora el 2 de abril.<\/p>\n","protected":false},"excerpt":{"rendered":"<p>La Diputaci\u00f3n de Ja\u00e9n celebrar\u00e1 el pr\u00f3ximo 1 de abril un pleno, en el que se tratar\u00e1n varios asuntos de relevancia, como la aprobaci\u00f3n de 11,7 millones de euros correspondientes a servicios dentro del Plan Provincial de Obras y Servicios 2024. Igualmente, se ver\u00e1 la declaraci\u00f3n de utilidad p\u00fablica necesaria para poder expropiar los terrenos &hellip;<\/p>\n<p class=\"read-more\"> <a class=\"\" href=\"https:\/\/torredonjimenoactualidad.com\/index.php\/2024\/03\/27\/el-pleno-de-diputacion-abordara-la-aprobacion-de-117-millones-del-plan-provincial-de-obras-y-servicios\/\"> <span class=\"screen-reader-text\">El pleno de Diputaci\u00f3n abordar\u00e1 la aprobaci\u00f3n de 11,7 millones del Plan Provincial de Obras y Servicios<\/span> Leer m\u00e1s &raquo;<\/a><\/p>\n","protected":false},"author":3,"featured_media":1796,"comment_status":"closed","ping_status":"open","sticky":false,"template":"","format":"standard","meta":{"site-sidebar-layout":"default","site-content-layout":"default","ast-global-header-display":"","ast-main-header-display":"","ast-hfb-above-header-display":"","ast-hfb-below-header-display":"","ast-hfb-mobile-header-display":"","site-post-title":"","ast-breadcrumbs-content":"","ast-featured-img":"","footer-sml-layout":"","theme-transparent-header-meta":"","adv-header-id-meta":"","stick-header-meta":"","header-above-stick-meta":"","header-main-stick-meta":"","header-below-stick-meta":"","footnotes":""},"categories":[8],"tags":[],"class_list":["post-1795","post","type-post","status-publish","format-standard","has-post-thumbnail","hentry","category-provincia"],"yoast_head":"<!-- This site is optimized with the Yoast SEO plugin v20.8 - https:\/\/yoast.com\/wordpress\/plugins\/seo\/ -->\n<title>El pleno de Diputaci\u00f3n abordar\u00e1 la aprobaci\u00f3n de 11,7 millones del Plan Provincial de Obras y Servicios - Torredonjimeno Actualidad<\/title>\n<meta name=\"robots\" content=\"index, follow, max-snippet:-1, max-image-preview:large, max-video-preview:-1\" \/>\n<link rel=\"canonical\" href=\"https:\/\/torredonjimenoactualidad.com\/index.php\/2024\/03\/27\/el-pleno-de-diputacion-abordara-la-aprobacion-de-117-millones-del-plan-provincial-de-obras-y-servicios\/\" \/>\n<meta property=\"og:locale\" content=\"es_ES\" \/>\n<meta property=\"og:type\" content=\"article\" \/>\n<meta property=\"og:title\" content=\"El pleno de Diputaci\u00f3n abordar\u00e1 la aprobaci\u00f3n de 11,7 millones del Plan Provincial de Obras y Servicios - Torredonjimeno Actualidad\" \/>\n<meta property=\"og:description\" content=\"La Diputaci\u00f3n de Ja\u00e9n celebrar\u00e1 el pr\u00f3ximo 1 de abril un pleno, en el que se tratar\u00e1n varios asuntos de relevancia, como la aprobaci\u00f3n de 11,7 millones de euros correspondientes a servicios dentro del Plan Provincial de Obras y Servicios 2024. Igualmente, se ver\u00e1 la declaraci\u00f3n de utilidad p\u00fablica necesaria para poder expropiar los terrenos &hellip; El pleno de Diputaci\u00f3n abordar\u00e1 la aprobaci\u00f3n de 11,7 millones del Plan Provincial de Obras y Servicios Leer m\u00e1s &raquo;\" \/>\n<meta property=\"og:url\" content=\"https:\/\/torredonjimenoactualidad.com\/index.php\/2024\/03\/27\/el-pleno-de-diputacion-abordara-la-aprobacion-de-117-millones-del-plan-provincial-de-obras-y-servicios\/\" \/>\n<meta property=\"og:site_name\" content=\"Torredonjimeno Actualidad\" \/>\n<meta property=\"article:published_time\" content=\"2024-03-27T14:44:59+00:00\" \/>\n<meta property=\"article:modified_time\" content=\"2024-03-27T14:45:44+00:00\" \/>\n<meta property=\"og:image\" content=\"https:\/\/torredonjimenoactualidad.com\/wp-content\/uploads\/2024\/03\/fotonoticia_20240327110837_1920.jpg\" \/>\n\t<meta property=\"og:image:width\" content=\"1770\" \/>\n\t<meta property=\"og:image:height\" content=\"1011\" \/>\n\t<meta property=\"og:image:type\" content=\"image\/jpeg\" \/>\n<meta name=\"author\" content=\"Redaccion\" \/>\n<meta name=\"twitter:card\" content=\"summary_large_image\" \/>\n<meta name=\"twitter:label1\" content=\"Escrito por\" \/>\n\t<meta name=\"twitter:data1\" content=\"Redaccion\" \/>\n\t<meta name=\"twitter:label2\" content=\"Tiempo de lectura\" \/>\n\t<meta name=\"twitter:data2\" content=\"2 minutos\" \/>\n<script type=\"application\/ld+json\" class=\"yoast-schema-graph\">{\"@context\":\"https:\/\/schema.org\",\"@graph\":[{\"@type\":\"Article\",\"@id\":\"https:\/\/torredonjimenoactualidad.com\/index.php\/2024\/03\/27\/el-pleno-de-diputacion-abordara-la-aprobacion-de-117-millones-del-plan-provincial-de-obras-y-servicios\/#article\",\"isPartOf\":{\"@id\":\"https:\/\/torredonjimenoactualidad.com\/index.php\/2024\/03\/27\/el-pleno-de-diputacion-abordara-la-aprobacion-de-117-millones-del-plan-provincial-de-obras-y-servicios\/\"},\"author\":{\"name\":\"Redaccion\",\"@id\":\"https:\/\/torredonjimenoactualidad.com\/#\/schema\/person\/11f05803cdf40dbeb7f4fbf2365c9ac5\"},\"headline\":\"El pleno de Diputaci\u00f3n abordar\u00e1 la aprobaci\u00f3n de 11,7 millones del Plan Provincial de Obras y Servicios\",\"datePublished\":\"2024-03-27T14:44:59+00:00\",\"dateModified\":\"2024-03-27T14:45:44+00:00\",\"mainEntityOfPage\":{\"@id\":\"https:\/\/torredonjimenoactualidad.com\/index.php\/2024\/03\/27\/el-pleno-de-diputacion-abordara-la-aprobacion-de-117-millones-del-plan-provincial-de-obras-y-servicios\/\"},\"wordCount\":457,\"publisher\":{\"@id\":\"https:\/\/torredonjimenoactualidad.com\/#organization\"},\"articleSection\":[\"provincia\"],\"inLanguage\":\"es\"},{\"@type\":\"WebPage\",\"@id\":\"https:\/\/torredonjimenoactualidad.com\/index.php\/2024\/03\/27\/el-pleno-de-diputacion-abordara-la-aprobacion-de-117-millones-del-plan-provincial-de-obras-y-servicios\/\",\"url\":\"https:\/\/torredonjimenoactualidad.com\/index.php\/2024\/03\/27\/el-pleno-de-diputacion-abordara-la-aprobacion-de-117-millones-del-plan-provincial-de-obras-y-servicios\/\",\"name\":\"El pleno de Diputaci\u00f3n abordar\u00e1 la aprobaci\u00f3n de 11,7 millones del Plan Provincial de Obras y Servicios - Torredonjimeno Actualidad\",\"isPartOf\":{\"@id\":\"https:\/\/torredonjimenoactualidad.com\/#website\"},\"datePublished\":\"2024-03-27T14:44:59+00:00\",\"dateModified\":\"2024-03-27T14:45:44+00:00\",\"breadcrumb\":{\"@id\":\"https:\/\/torredonjimenoactualidad.com\/index.php\/2024\/03\/27\/el-pleno-de-diputacion-abordara-la-aprobacion-de-117-millones-del-plan-provincial-de-obras-y-servicios\/#breadcrumb\"},\"inLanguage\":\"es\",\"potentialAction\":[{\"@type\":\"ReadAction\",\"target\":[\"https:\/\/torredonjimenoactualidad.com\/index.php\/2024\/03\/27\/el-pleno-de-diputacion-abordara-la-aprobacion-de-117-millones-del-plan-provincial-de-obras-y-servicios\/\"]}]},{\"@type\":\"BreadcrumbList\",\"@id\":\"https:\/\/torredonjimenoactualidad.com\/index.php\/2024\/03\/27\/el-pleno-de-diputacion-abordara-la-aprobacion-de-117-millones-del-plan-provincial-de-obras-y-servicios\/#breadcrumb\",\"itemListElement\":[{\"@type\":\"ListItem\",\"position\":1,\"name\":\"Portada\",\"item\":\"https:\/\/torredonjimenoactualidad.com\/\"},{\"@type\":\"ListItem\",\"position\":2,\"name\":\"El pleno de Diputaci\u00f3n abordar\u00e1 la aprobaci\u00f3n de 11,7 millones del Plan Provincial de Obras y Servicios\"}]},{\"@type\":\"WebSite\",\"@id\":\"https:\/\/torredonjimenoactualidad.com\/#website\",\"url\":\"https:\/\/torredonjimenoactualidad.com\/\",\"name\":\"Torredonjimeno Actualidad\",\"description\":\"\",\"publisher\":{\"@id\":\"https:\/\/torredonjimenoactualidad.com\/#organization\"},\"potentialAction\":[{\"@type\":\"SearchAction\",\"target\":{\"@type\":\"EntryPoint\",\"urlTemplate\":\"https:\/\/torredonjimenoactualidad.com\/?s={search_term_string}\"},\"query-input\":\"required name=search_term_string\"}],\"inLanguage\":\"es\"},{\"@type\":\"Organization\",\"@id\":\"https:\/\/torredonjimenoactualidad.com\/#organization\",\"name\":\"Torredonjimeno Actualidad\",\"url\":\"https:\/\/torredonjimenoactualidad.com\/\",\"logo\":{\"@type\":\"ImageObject\",\"inLanguage\":\"es\",\"@id\":\"https:\/\/torredonjimenoactualidad.com\/#\/schema\/logo\/image\/\",\"url\":\"https:\/\/torredonjimenoactualidad.com\/wp-content\/uploads\/2023\/02\/logo-torredonjimeno-544x180-1.png\",\"contentUrl\":\"https:\/\/torredonjimenoactualidad.com\/wp-content\/uploads\/2023\/02\/logo-torredonjimeno-544x180-1.png\",\"width\":545,\"height\":112,\"caption\":\"Torredonjimeno Actualidad\"},\"image\":{\"@id\":\"https:\/\/torredonjimenoactualidad.com\/#\/schema\/logo\/image\/\"}},{\"@type\":\"Person\",\"@id\":\"https:\/\/torredonjimenoactualidad.com\/#\/schema\/person\/11f05803cdf40dbeb7f4fbf2365c9ac5\",\"name\":\"Redaccion\",\"image\":{\"@type\":\"ImageObject\",\"inLanguage\":\"es\",\"@id\":\"https:\/\/torredonjimenoactualidad.com\/#\/schema\/person\/image\/\",\"url\":\"https:\/\/secure.gravatar.com\/avatar\/5917bab7eff43e17746fd29b509939469470810b6b989b7cc2f89e3188399bf3?s=96&d=mm&r=g\",\"contentUrl\":\"https:\/\/secure.gravatar.com\/avatar\/5917bab7eff43e17746fd29b509939469470810b6b989b7cc2f89e3188399bf3?s=96&d=mm&r=g\",\"caption\":\"Redaccion\"},\"url\":\"https:\/\/torredonjimenoactualidad.com\/index.php\/author\/jose-bueno\/\"}]}<\/script>\n<!-- \/ Yoast SEO plugin. -->","yoast_head_json":{"title":"El pleno de Diputaci\u00f3n abordar\u00e1 la aprobaci\u00f3n de 11,7 millones del Plan Provincial de Obras y Servicios - Torredonjimeno Actualidad","robots":{"index":"index","follow":"follow","max-snippet":"max-snippet:-1","max-image-preview":"max-image-preview:large","max-video-preview":"max-video-preview:-1"},"canonical":"https:\/\/torredonjimenoactualidad.com\/index.php\/2024\/03\/27\/el-pleno-de-diputacion-abordara-la-aprobacion-de-117-millones-del-plan-provincial-de-obras-y-servicios\/","og_locale":"es_ES","og_type":"article","og_title":"El pleno de Diputaci\u00f3n abordar\u00e1 la aprobaci\u00f3n de 11,7 millones del Plan Provincial de Obras y Servicios - Torredonjimeno Actualidad","og_description":"La Diputaci\u00f3n de Ja\u00e9n celebrar\u00e1 el pr\u00f3ximo 1 de abril un pleno, en el que se tratar\u00e1n varios asuntos de relevancia, como la aprobaci\u00f3n de 11,7 millones de euros correspondientes a servicios dentro del Plan Provincial de Obras y Servicios 2024. Igualmente, se ver\u00e1 la declaraci\u00f3n de utilidad p\u00fablica necesaria para poder expropiar los terrenos &hellip; El pleno de Diputaci\u00f3n abordar\u00e1 la aprobaci\u00f3n de 11,7 millones del Plan Provincial de Obras y Servicios Leer m\u00e1s &raquo;","og_url":"https:\/\/torredonjimenoactualidad.com\/index.php\/2024\/03\/27\/el-pleno-de-diputacion-abordara-la-aprobacion-de-117-millones-del-plan-provincial-de-obras-y-servicios\/","og_site_name":"Torredonjimeno Actualidad","article_published_time":"2024-03-27T14:44:59+00:00","article_modified_time":"2024-03-27T14:45:44+00:00","og_image":[{"width":1770,"height":1011,"url":"https:\/\/torredonjimenoactualidad.com\/wp-content\/uploads\/2024\/03\/fotonoticia_20240327110837_1920.jpg","type":"image\/jpeg"}],"author":"Redaccion","twitter_card":"summary_large_image","twitter_misc":{"Escrito por":"Redaccion","Tiempo de lectura":"2 minutos"},"schema":{"@context":"https:\/\/schema.org","@graph":[{"@type":"Article","@id":"https:\/\/torredonjimenoactualidad.com\/index.php\/2024\/03\/27\/el-pleno-de-diputacion-abordara-la-aprobacion-de-117-millones-del-plan-provincial-de-obras-y-servicios\/#article","isPartOf":{"@id":"https:\/\/torredonjimenoactualidad.com\/index.php\/2024\/03\/27\/el-pleno-de-diputacion-abordara-la-aprobacion-de-117-millones-del-plan-provincial-de-obras-y-servicios\/"},"author":{"name":"Redaccion","@id":"https:\/\/torredonjimenoactualidad.com\/#\/schema\/person\/11f05803cdf40dbeb7f4fbf2365c9ac5"},"headline":"El pleno de Diputaci\u00f3n abordar\u00e1 la aprobaci\u00f3n de 11,7 millones del Plan Provincial de Obras y Servicios","datePublished":"2024-03-27T14:44:59+00:00","dateModified":"2024-03-27T14:45:44+00:00","mainEntityOfPage":{"@id":"https:\/\/torredonjimenoactualidad.com\/index.php\/2024\/03\/27\/el-pleno-de-diputacion-abordara-la-aprobacion-de-117-millones-del-plan-provincial-de-obras-y-servicios\/"},"wordCount":457,"publisher":{"@id":"https:\/\/torredonjimenoactualidad.com\/#organization"},"articleSection":["provincia"],"inLanguage":"es"},{"@type":"WebPage","@id":"https:\/\/torredonjimenoactualidad.com\/index.php\/2024\/03\/27\/el-pleno-de-diputacion-abordara-la-aprobacion-de-117-millones-del-plan-provincial-de-obras-y-servicios\/","url":"https:\/\/torredonjimenoactualidad.com\/index.php\/2024\/03\/27\/el-pleno-de-diputacion-abordara-la-aprobacion-de-117-millones-del-plan-provincial-de-obras-y-servicios\/","name":"El pleno de Diputaci\u00f3n abordar\u00e1 la aprobaci\u00f3n de 11,7 millones del Plan Provincial de Obras y Servicios - Torredonjimeno Actualidad","isPartOf":{"@id":"https:\/\/torredonjimenoactualidad.com\/#website"},"datePublished":"2024-03-27T14:44:59+00:00","dateModified":"2024-03-27T14:45:44+00:00","breadcrumb":{"@id":"https:\/\/torredonjimenoactualidad.com\/index.php\/2024\/03\/27\/el-pleno-de-diputacion-abordara-la-aprobacion-de-117-millones-del-plan-provincial-de-obras-y-servicios\/#breadcrumb"},"inLanguage":"es","potentialAction":[{"@type":"ReadAction","target":["https:\/\/torredonjimenoactualidad.com\/index.php\/2024\/03\/27\/el-pleno-de-diputacion-abordara-la-aprobacion-de-117-millones-del-plan-provincial-de-obras-y-servicios\/"]}]},{"@type":"BreadcrumbList","@id":"https:\/\/torredonjimenoactualidad.com\/index.php\/2024\/03\/27\/el-pleno-de-diputacion-abordara-la-aprobacion-de-117-millones-del-plan-provincial-de-obras-y-servicios\/#breadcrumb","itemListElement":[{"@type":"ListItem","position":1,"name":"Portada","item":"https:\/\/torredonjimenoactualidad.com\/"},{"@type":"ListItem","position":2,"name":"El pleno de Diputaci\u00f3n abordar\u00e1 la aprobaci\u00f3n de 11,7 millones del Plan Provincial de Obras y Servicios"}]},{"@type":"WebSite","@id":"https:\/\/torredonjimenoactualidad.com\/#website","url":"https:\/\/torredonjimenoactualidad.com\/","name":"Torredonjimeno Actualidad","description":"","publisher":{"@id":"https:\/\/torredonjimenoactualidad.com\/#organization"},"potentialAction":[{"@type":"SearchAction","target":{"@type":"EntryPoint","urlTemplate":"https:\/\/torredonjimenoactualidad.com\/?s={search_term_string}"},"query-input":"required name=search_term_string"}],"inLanguage":"es"},{"@type":"Organization","@id":"https:\/\/torredonjimenoactualidad.com\/#organization","name":"Torredonjimeno Actualidad","url":"https:\/\/torredonjimenoactualidad.com\/","logo":{"@type":"ImageObject","inLanguage":"es","@id":"https:\/\/torredonjimenoactualidad.com\/#\/schema\/logo\/image\/","url":"https:\/\/torredonjimenoactualidad.com\/wp-content\/uploads\/2023\/02\/logo-torredonjimeno-544x180-1.png","contentUrl":"https:\/\/torredonjimenoactualidad.com\/wp-content\/uploads\/2023\/02\/logo-torredonjimeno-544x180-1.png","width":545,"height":112,"caption":"Torredonjimeno Actualidad"},"image":{"@id":"https:\/\/torredonjimenoactualidad.com\/#\/schema\/logo\/image\/"}},{"@type":"Person","@id":"https:\/\/torredonjimenoactualidad.com\/#\/schema\/person\/11f05803cdf40dbeb7f4fbf2365c9ac5","name":"Redaccion","image":{"@type":"ImageObject","inLanguage":"es","@id":"https:\/\/torredonjimenoactualidad.com\/#\/schema\/person\/image\/","url":"https:\/\/secure.gravatar.com\/avatar\/5917bab7eff43e17746fd29b509939469470810b6b989b7cc2f89e3188399bf3?s=96&d=mm&r=g","contentUrl":"https:\/\/secure.gravatar.com\/avatar\/5917bab7eff43e17746fd29b509939469470810b6b989b7cc2f89e3188399bf3?s=96&d=mm&r=g","caption":"Redaccion"},"url":"https:\/\/torredonjimenoactualidad.com\/index.php\/author\/jose-bueno\/"}]}},"_links":{"self":[{"href":"https:\/\/torredonjimenoactualidad.com\/index.php\/wp-json\/wp\/v2\/posts\/1795","targetHints":{"allow":["GET"]}}],"collection":[{"href":"https:\/\/torredonjimenoactualidad.com\/index.php\/wp-json\/wp\/v2\/posts"}],"about":[{"href":"https:\/\/torredonjimenoactualidad.com\/index.php\/wp-json\/wp\/v2\/types\/post"}],"author":[{"embeddable":true,"href":"https:\/\/torredonjimenoactualidad.com\/index.php\/wp-json\/wp\/v2\/users\/3"}],"replies":[{"embeddable":true,"href":"https:\/\/torredonjimenoactualidad.com\/index.php\/wp-json\/wp\/v2\/comments?post=1795"}],"version-history":[{"count":1,"href":"https:\/\/torredonjimenoactualidad.com\/index.php\/wp-json\/wp\/v2\/posts\/1795\/revisions"}],"predecessor-version":[{"id":1797,"href":"https:\/\/torredonjimenoactualidad.com\/index.php\/wp-json\/wp\/v2\/posts\/1795\/revisions\/1797"}],"wp:featuredmedia":[{"embeddable":true,"href":"https:\/\/torredonjimenoactualidad.com\/index.php\/wp-json\/wp\/v2\/media\/1796"}],"wp:attachment":[{"href":"https:\/\/torredonjimenoactualidad.com\/index.php\/wp-json\/wp\/v2\/media?parent=1795"}],"wp:term":[{"taxonomy":"category","embeddable":true,"href":"https:\/\/torredonjimenoactualidad.com\/index.php\/wp-json\/wp\/v2\/categories?post=1795"},{"taxonomy":"post_tag","embeddable":true,"href":"https:\/\/torredonjimenoactualidad.com\/index.php\/wp-json\/wp\/v2\/tags?post=1795"}],"curies":[{"name":"wp","href":"https:\/\/api.w.org\/{rel}","templated":true}]}}