{"id":1792,"date":"2024-03-26T14:55:23","date_gmt":"2024-03-26T14:55:23","guid":{"rendered":"https:\/\/torredonjimenoactualidad.com\/?p=1792"},"modified":"2024-03-26T14:55:24","modified_gmt":"2024-03-26T14:55:24","slug":"un-total-de-98-pianistas-de-23-paises-se-inscriben-en-el-65o-concurso-internacional-de-piano-premio-jaen","status":"publish","type":"post","link":"https:\/\/torredonjimenoactualidad.com\/index.php\/2024\/03\/26\/un-total-de-98-pianistas-de-23-paises-se-inscriben-en-el-65o-concurso-internacional-de-piano-premio-jaen\/","title":{"rendered":"Un total de 98 pianistas de 23 pa\u00edses se inscriben en el 65\u00ba Concurso Internacional de Piano Premio Ja\u00e9n"},"content":{"rendered":"\n<p>Un total de 98 pianistas de 23 pa\u00edses de cuatro continentes se han inscrito en el 65\u00ba Concurso Internacional de Piano Premio Ja\u00e9n que organiza la Diputaci\u00f3n y que se desarrollar\u00e1 entre los pr\u00f3ximos 4 y 13 de abril.<\/p>\n\n\n\n<p>\u00abEs uno de los buques insignias de la actividad cultural jiennense y una de las citas con mayor proyecci\u00f3n internacional de la programaci\u00f3n de esta provincia\u00bb, ha destacado este martes la vicepresidenta tercera y diputada de Cultura y Deportes, \u00c1frica Colomo.<\/p>\n\n\n\n<p>As\u00ed lo ha indicado en la presentaci\u00f3n de esta edici\u00f3n en un acto en el que ha intervenido el secretario del jurado, Ernesto Roc\u00edo, y al que tambi\u00e9n han asistido el subdelegado del Gobierno, Manuel Fern\u00e1ndez; la concejala de Cultura y Turismo de la capital, Mar\u00eda Espejo; la presidenta de la Fundaci\u00f3n Unicaja Ja\u00e9n, Carmen Esp\u00edn, y el director del Centro Asociado Andr\u00e9s de Vandelvira de la UNED en Ja\u00e9n, Manuel Valdivia.<\/p>\n\n\n\n<p>Corea del Sur es el pa\u00eds del que proceden el mayor n\u00famero de pianistas inscritos, con 23, seguido por China, con 19, Espa\u00f1a, con once y Rusia con diez. Colomo ha puesto de relieve la amplia variedad de pa\u00edses de los que se han recibido solicitudes, con inscritos procedentes tambi\u00e9n de Australia, Indonesia o Estados Unidos.<\/p>\n\n\n\n<p>En esta misma l\u00ednea, Ernesto Roc\u00edo ha se\u00f1alado que este premio pian\u00edstico \u00abes uno de los cert\u00e1menes m\u00e1s conocidos y valorados del panorama musical mundial y atrae a pianistas de m\u00faltiples nacionalidades, adem\u00e1s de que registra un elevado n\u00famero de inscritos\u00bb, lo que muestra que \u00absigue teniendo una gran aceptaci\u00f3n\u00bb.<\/p>\n\n\n\n<p>Arrancar\u00e1 el 4 de abril con el tradicional sorteo del orden de intervenci\u00f3n, en el que se conocer\u00e1 el n\u00famero de pianistas definitivos de esta edici\u00f3n. Ser\u00e1 antes del concierto inaugural, que correr\u00e1 a cargo de las prestigiosas hermanas Lab\u00e8que, Katia y Marielle.<\/p>\n\n\n\n<p>El Nuevo Teatro Infanta Leonor, que ser\u00e1 escenario de estas actividades, acoger\u00e1 tambi\u00e9n las distintas fases de este certamen. Se iniciar\u00e1n del 5 al 7 de abril con la primera prueba eliminatoria, mientras que la segunda se llevar\u00e1 a cabo los d\u00edas 8 y 9. En ella se interpretar\u00e1 la obra de encargo de esta edici\u00f3n, titulada &#8216;Crep\u00fasculo en los jardines de Jabalcuz. La leyenda del viejo \u00e1rbol de Jabalcuz&#8217;, compuesta por Iluminada P\u00e9rez Frutos.<\/p>\n\n\n\n<p>La semifinal, en la que los concursantes estar\u00e1n acompa\u00f1ados por el prestigioso Cuarteto Bret\u00f3n, est\u00e1 prevista los d\u00edas 10 y 11 de abril y la final se celebrar\u00e1 el s\u00e1bado 13 con la presencia de la Orquesta Filarm\u00f3nica de M\u00e1laga, dirigida por Salvador V\u00e1zquez.<\/p>\n\n\n\n<p>Todas las pruebas tendr\u00e1n acceso libre hasta completar aforo, excepto el concierto inaugural y la final, para las que habr\u00e1 que adquirir entrada, a un precio de diez euros, a trav\u00e9s de la plataforma&nbsp;<a target=\"_blank\" href=\"http:\/\/www.eventick.es\/\" rel=\"noreferrer noopener\">www.eventick.es<\/a>.<\/p>\n\n\n\n<h2 class=\"wp-block-heading\">GALARDONES<\/h2>\n\n\n\n<p>Esta 65\u00aa edici\u00f3n repartir\u00e1 de nuevo un total de 60.000 euros entre sus principales galardones. De esta cantidad, 20.000 euros ser\u00e1n para el ganador del primer premio, que est\u00e1 patrocinado por la Diputaci\u00f3n y supone medalla de oro, diploma y la grabaci\u00f3n de un disco con el prestigioso sello Naxos.<\/p>\n\n\n\n<p>Tambi\u00e9n incluye una gira formada por cinco conciertos: uno en la Real Sociedad Econ\u00f3mica de Amigos del Pa\u00eds de Ja\u00e9n; otro en el Festival Internacional de M\u00fasica y Danza Ciudad de \u00dabeda; un tercero con la Orquesta Filarm\u00f3nica de M\u00e1laga en el Ciclo de C\u00e1mara del Museo Picasso de M\u00e1laga; el cuarto en la sala de conciertos Th\u00fcrmersaal, en Alemania, patrocinado por la firma fabricante de pianos Ferd. Th\u00fcrmer; y un quinto concierto que a\u00fan est\u00e1 por determinar.<\/p>\n\n\n\n<p>El segundo premio de esta edici\u00f3n, con una dotaci\u00f3n de 12.000 euros y diploma, lo patrocinar\u00e1 de nuevo el Centro Asociado Andr\u00e9s de Vandelvira\u00bb de la UNED en Ja\u00e9n; mientras que el tercero, dotado con 8.000 euros y diploma, volver\u00e1 a ser sufragado por la Fundaci\u00f3n Unicaja Ja\u00e9n.<\/p>\n\n\n\n<p>A estos tres galardones principales se sumar\u00e1n de nuevo los premios especiales, como el Premio M\u00fasica de C\u00e1mara, a cuyo ganador le corresponder\u00e1n 8.000 euros y diploma y est\u00e1 patrocinado por la Universidad Internacional de La Rioja.<\/p>\n\n\n\n<p>El Premio Rosa Sabater, patrocinado por el Ayuntamiento de Ja\u00e9n, est\u00e1 destinado al mejor int\u00e9rprete de m\u00fasica espa\u00f1ola y dotado con 6.000 euros, diploma y un concierto patrocinado por la Real Sociedad Econ\u00f3mica de Amigos del Pa\u00eds.<\/p>\n\n\n\n<p>El Premio M\u00fasica Contempor\u00e1nea, que patrocina el Ministerio de Cultura, e otorga al pianista que mejor interprete la obra de encargo y se compone de 6.000 euros, as\u00ed como el registro discogr\u00e1fico de la obra interpretada en la grabaci\u00f3n para el sello Naxos.<\/p>\n\n\n\n<p>Por \u00faltimo, se otorgar\u00e1 el Trofeo del P\u00fablico -una escultura de bronce realizada por el artista Juan de Dios S\u00e1nchez Garc\u00eda-, al pianista que consiga m\u00e1s votos de los espectadores presentes en la final del 13 de abril.<\/p>\n\n\n\n<h2 class=\"wp-block-heading\">JURADO<\/h2>\n\n\n\n<p>Albert Attenelle volver\u00e1 a ser el presidente del jurado de este concurso, que volver\u00e1 a contar con la presencia de Pilar Bilbao, catedr\u00e1tica en los Conservatorios Superiores de Sevilla y Madrid; Ralf Nattkemper, jefe del Departamento de Piano de la Universidad de Hamburgo; Graham Scott, director de la Escuela de Piano de la Royal Northern College of Music de Manchester; y Yukine Uehara, presidenta de The Japanese Society for Spaniche Piano Music y catedr\u00e1tica de la Universidad Nacional de Ryukyus en Jap\u00f3n.<\/p>\n\n\n\n<p>A ellos se sumar\u00e1n por primera vez como miembros del jurado Mariana Gurkova, que fue segundo premio del Concurso Internacional de Piano Premio Ja\u00e9n y es catedr\u00e1tica del Conservatorio Superior de M\u00fasica de Madrid; Marianna Prjesvalskaya, ganadora de este certamen en 2011; y Stephan M\u00f6ller, profesor de la Universidad de M\u00fasica y Artes Esc\u00e9nicas de Viena.<\/p>\n\n\n\n<p>De forma previa al certamen, se llevar\u00e1n a cabo en el Palacio Provincial de la Diputaci\u00f3n de Ja\u00e9n conciertos de piano en la calle los d\u00edas 2 y 3 de abril. Adem\u00e1s, en la lonja del Palacio Provincial se ha instalado un banco-piano con informaci\u00f3n de la programaci\u00f3n de este concurso.<\/p>\n","protected":false},"excerpt":{"rendered":"<p>Un total de 98 pianistas de 23 pa\u00edses de cuatro continentes se han inscrito en el 65\u00ba Concurso Internacional de Piano Premio Ja\u00e9n que organiza la Diputaci\u00f3n y que se desarrollar\u00e1 entre los pr\u00f3ximos 4 y 13 de abril. \u00abEs uno de los buques insignias de la actividad cultural jiennense y una de las citas &hellip;<\/p>\n<p class=\"read-more\"> <a class=\"\" href=\"https:\/\/torredonjimenoactualidad.com\/index.php\/2024\/03\/26\/un-total-de-98-pianistas-de-23-paises-se-inscriben-en-el-65o-concurso-internacional-de-piano-premio-jaen\/\"> <span class=\"screen-reader-text\">Un total de 98 pianistas de 23 pa\u00edses se inscriben en el 65\u00ba Concurso Internacional de Piano Premio Ja\u00e9n<\/span> Leer m\u00e1s &raquo;<\/a><\/p>\n","protected":false},"author":3,"featured_media":1793,"comment_status":"closed","ping_status":"open","sticky":false,"template":"","format":"standard","meta":{"site-sidebar-layout":"default","site-content-layout":"default","ast-global-header-display":"","ast-main-header-display":"","ast-hfb-above-header-display":"","ast-hfb-below-header-display":"","ast-hfb-mobile-header-display":"","site-post-title":"","ast-breadcrumbs-content":"","ast-featured-img":"","footer-sml-layout":"","theme-transparent-header-meta":"","adv-header-id-meta":"","stick-header-meta":"","header-above-stick-meta":"","header-main-stick-meta":"","header-below-stick-meta":"","footnotes":""},"categories":[8],"tags":[],"class_list":["post-1792","post","type-post","status-publish","format-standard","has-post-thumbnail","hentry","category-provincia"],"yoast_head":"<!-- This site is optimized with the Yoast SEO plugin v20.8 - https:\/\/yoast.com\/wordpress\/plugins\/seo\/ -->\n<title>Un total de 98 pianistas de 23 pa\u00edses se inscriben en el 65\u00ba Concurso Internacional de Piano Premio Ja\u00e9n - Torredonjimeno Actualidad<\/title>\n<meta name=\"robots\" content=\"index, follow, max-snippet:-1, max-image-preview:large, max-video-preview:-1\" \/>\n<link rel=\"canonical\" href=\"https:\/\/torredonjimenoactualidad.com\/index.php\/2024\/03\/26\/un-total-de-98-pianistas-de-23-paises-se-inscriben-en-el-65o-concurso-internacional-de-piano-premio-jaen\/\" \/>\n<meta property=\"og:locale\" content=\"es_ES\" \/>\n<meta property=\"og:type\" content=\"article\" \/>\n<meta property=\"og:title\" content=\"Un total de 98 pianistas de 23 pa\u00edses se inscriben en el 65\u00ba Concurso Internacional de Piano Premio Ja\u00e9n - Torredonjimeno Actualidad\" \/>\n<meta property=\"og:description\" content=\"Un total de 98 pianistas de 23 pa\u00edses de cuatro continentes se han inscrito en el 65\u00ba Concurso Internacional de Piano Premio Ja\u00e9n que organiza la Diputaci\u00f3n y que se desarrollar\u00e1 entre los pr\u00f3ximos 4 y 13 de abril. \u00abEs uno de los buques insignias de la actividad cultural jiennense y una de las citas &hellip; Un total de 98 pianistas de 23 pa\u00edses se inscriben en el 65\u00ba Concurso Internacional de Piano Premio Ja\u00e9n Leer m\u00e1s &raquo;\" \/>\n<meta property=\"og:url\" content=\"https:\/\/torredonjimenoactualidad.com\/index.php\/2024\/03\/26\/un-total-de-98-pianistas-de-23-paises-se-inscriben-en-el-65o-concurso-internacional-de-piano-premio-jaen\/\" \/>\n<meta property=\"og:site_name\" content=\"Torredonjimeno Actualidad\" \/>\n<meta property=\"article:published_time\" content=\"2024-03-26T14:55:23+00:00\" \/>\n<meta property=\"article:modified_time\" content=\"2024-03-26T14:55:24+00:00\" \/>\n<meta property=\"og:image\" content=\"https:\/\/torredonjimenoactualidad.com\/wp-content\/uploads\/2024\/03\/fotonoticia_20240326144519_1920.jpg\" \/>\n\t<meta property=\"og:image:width\" content=\"1890\" \/>\n\t<meta property=\"og:image:height\" content=\"1080\" \/>\n\t<meta property=\"og:image:type\" content=\"image\/jpeg\" \/>\n<meta name=\"author\" content=\"Redaccion\" \/>\n<meta name=\"twitter:card\" content=\"summary_large_image\" \/>\n<meta name=\"twitter:label1\" content=\"Escrito por\" \/>\n\t<meta name=\"twitter:data1\" content=\"Redaccion\" \/>\n\t<meta name=\"twitter:label2\" content=\"Tiempo de lectura\" \/>\n\t<meta name=\"twitter:data2\" content=\"5 minutos\" \/>\n<script type=\"application\/ld+json\" class=\"yoast-schema-graph\">{\"@context\":\"https:\/\/schema.org\",\"@graph\":[{\"@type\":\"Article\",\"@id\":\"https:\/\/torredonjimenoactualidad.com\/index.php\/2024\/03\/26\/un-total-de-98-pianistas-de-23-paises-se-inscriben-en-el-65o-concurso-internacional-de-piano-premio-jaen\/#article\",\"isPartOf\":{\"@id\":\"https:\/\/torredonjimenoactualidad.com\/index.php\/2024\/03\/26\/un-total-de-98-pianistas-de-23-paises-se-inscriben-en-el-65o-concurso-internacional-de-piano-premio-jaen\/\"},\"author\":{\"name\":\"Redaccion\",\"@id\":\"https:\/\/torredonjimenoactualidad.com\/#\/schema\/person\/11f05803cdf40dbeb7f4fbf2365c9ac5\"},\"headline\":\"Un total de 98 pianistas de 23 pa\u00edses se inscriben en el 65\u00ba Concurso Internacional de Piano Premio Ja\u00e9n\",\"datePublished\":\"2024-03-26T14:55:23+00:00\",\"dateModified\":\"2024-03-26T14:55:24+00:00\",\"mainEntityOfPage\":{\"@id\":\"https:\/\/torredonjimenoactualidad.com\/index.php\/2024\/03\/26\/un-total-de-98-pianistas-de-23-paises-se-inscriben-en-el-65o-concurso-internacional-de-piano-premio-jaen\/\"},\"wordCount\":1080,\"publisher\":{\"@id\":\"https:\/\/torredonjimenoactualidad.com\/#organization\"},\"articleSection\":[\"provincia\"],\"inLanguage\":\"es\"},{\"@type\":\"WebPage\",\"@id\":\"https:\/\/torredonjimenoactualidad.com\/index.php\/2024\/03\/26\/un-total-de-98-pianistas-de-23-paises-se-inscriben-en-el-65o-concurso-internacional-de-piano-premio-jaen\/\",\"url\":\"https:\/\/torredonjimenoactualidad.com\/index.php\/2024\/03\/26\/un-total-de-98-pianistas-de-23-paises-se-inscriben-en-el-65o-concurso-internacional-de-piano-premio-jaen\/\",\"name\":\"Un total de 98 pianistas de 23 pa\u00edses se inscriben en el 65\u00ba Concurso Internacional de Piano Premio Ja\u00e9n - Torredonjimeno Actualidad\",\"isPartOf\":{\"@id\":\"https:\/\/torredonjimenoactualidad.com\/#website\"},\"datePublished\":\"2024-03-26T14:55:23+00:00\",\"dateModified\":\"2024-03-26T14:55:24+00:00\",\"breadcrumb\":{\"@id\":\"https:\/\/torredonjimenoactualidad.com\/index.php\/2024\/03\/26\/un-total-de-98-pianistas-de-23-paises-se-inscriben-en-el-65o-concurso-internacional-de-piano-premio-jaen\/#breadcrumb\"},\"inLanguage\":\"es\",\"potentialAction\":[{\"@type\":\"ReadAction\",\"target\":[\"https:\/\/torredonjimenoactualidad.com\/index.php\/2024\/03\/26\/un-total-de-98-pianistas-de-23-paises-se-inscriben-en-el-65o-concurso-internacional-de-piano-premio-jaen\/\"]}]},{\"@type\":\"BreadcrumbList\",\"@id\":\"https:\/\/torredonjimenoactualidad.com\/index.php\/2024\/03\/26\/un-total-de-98-pianistas-de-23-paises-se-inscriben-en-el-65o-concurso-internacional-de-piano-premio-jaen\/#breadcrumb\",\"itemListElement\":[{\"@type\":\"ListItem\",\"position\":1,\"name\":\"Portada\",\"item\":\"https:\/\/torredonjimenoactualidad.com\/\"},{\"@type\":\"ListItem\",\"position\":2,\"name\":\"Un total de 98 pianistas de 23 pa\u00edses se inscriben en el 65\u00ba Concurso Internacional de Piano Premio Ja\u00e9n\"}]},{\"@type\":\"WebSite\",\"@id\":\"https:\/\/torredonjimenoactualidad.com\/#website\",\"url\":\"https:\/\/torredonjimenoactualidad.com\/\",\"name\":\"Torredonjimeno Actualidad\",\"description\":\"\",\"publisher\":{\"@id\":\"https:\/\/torredonjimenoactualidad.com\/#organization\"},\"potentialAction\":[{\"@type\":\"SearchAction\",\"target\":{\"@type\":\"EntryPoint\",\"urlTemplate\":\"https:\/\/torredonjimenoactualidad.com\/?s={search_term_string}\"},\"query-input\":\"required name=search_term_string\"}],\"inLanguage\":\"es\"},{\"@type\":\"Organization\",\"@id\":\"https:\/\/torredonjimenoactualidad.com\/#organization\",\"name\":\"Torredonjimeno Actualidad\",\"url\":\"https:\/\/torredonjimenoactualidad.com\/\",\"logo\":{\"@type\":\"ImageObject\",\"inLanguage\":\"es\",\"@id\":\"https:\/\/torredonjimenoactualidad.com\/#\/schema\/logo\/image\/\",\"url\":\"https:\/\/torredonjimenoactualidad.com\/wp-content\/uploads\/2023\/02\/logo-torredonjimeno-544x180-1.png\",\"contentUrl\":\"https:\/\/torredonjimenoactualidad.com\/wp-content\/uploads\/2023\/02\/logo-torredonjimeno-544x180-1.png\",\"width\":545,\"height\":112,\"caption\":\"Torredonjimeno Actualidad\"},\"image\":{\"@id\":\"https:\/\/torredonjimenoactualidad.com\/#\/schema\/logo\/image\/\"}},{\"@type\":\"Person\",\"@id\":\"https:\/\/torredonjimenoactualidad.com\/#\/schema\/person\/11f05803cdf40dbeb7f4fbf2365c9ac5\",\"name\":\"Redaccion\",\"image\":{\"@type\":\"ImageObject\",\"inLanguage\":\"es\",\"@id\":\"https:\/\/torredonjimenoactualidad.com\/#\/schema\/person\/image\/\",\"url\":\"https:\/\/secure.gravatar.com\/avatar\/5917bab7eff43e17746fd29b509939469470810b6b989b7cc2f89e3188399bf3?s=96&d=mm&r=g\",\"contentUrl\":\"https:\/\/secure.gravatar.com\/avatar\/5917bab7eff43e17746fd29b509939469470810b6b989b7cc2f89e3188399bf3?s=96&d=mm&r=g\",\"caption\":\"Redaccion\"},\"url\":\"https:\/\/torredonjimenoactualidad.com\/index.php\/author\/jose-bueno\/\"}]}<\/script>\n<!-- \/ Yoast SEO plugin. -->","yoast_head_json":{"title":"Un total de 98 pianistas de 23 pa\u00edses se inscriben en el 65\u00ba Concurso Internacional de Piano Premio Ja\u00e9n - Torredonjimeno Actualidad","robots":{"index":"index","follow":"follow","max-snippet":"max-snippet:-1","max-image-preview":"max-image-preview:large","max-video-preview":"max-video-preview:-1"},"canonical":"https:\/\/torredonjimenoactualidad.com\/index.php\/2024\/03\/26\/un-total-de-98-pianistas-de-23-paises-se-inscriben-en-el-65o-concurso-internacional-de-piano-premio-jaen\/","og_locale":"es_ES","og_type":"article","og_title":"Un total de 98 pianistas de 23 pa\u00edses se inscriben en el 65\u00ba Concurso Internacional de Piano Premio Ja\u00e9n - Torredonjimeno Actualidad","og_description":"Un total de 98 pianistas de 23 pa\u00edses de cuatro continentes se han inscrito en el 65\u00ba Concurso Internacional de Piano Premio Ja\u00e9n que organiza la Diputaci\u00f3n y que se desarrollar\u00e1 entre los pr\u00f3ximos 4 y 13 de abril. \u00abEs uno de los buques insignias de la actividad cultural jiennense y una de las citas &hellip; Un total de 98 pianistas de 23 pa\u00edses se inscriben en el 65\u00ba Concurso Internacional de Piano Premio Ja\u00e9n Leer m\u00e1s &raquo;","og_url":"https:\/\/torredonjimenoactualidad.com\/index.php\/2024\/03\/26\/un-total-de-98-pianistas-de-23-paises-se-inscriben-en-el-65o-concurso-internacional-de-piano-premio-jaen\/","og_site_name":"Torredonjimeno Actualidad","article_published_time":"2024-03-26T14:55:23+00:00","article_modified_time":"2024-03-26T14:55:24+00:00","og_image":[{"width":1890,"height":1080,"url":"https:\/\/torredonjimenoactualidad.com\/wp-content\/uploads\/2024\/03\/fotonoticia_20240326144519_1920.jpg","type":"image\/jpeg"}],"author":"Redaccion","twitter_card":"summary_large_image","twitter_misc":{"Escrito por":"Redaccion","Tiempo de lectura":"5 minutos"},"schema":{"@context":"https:\/\/schema.org","@graph":[{"@type":"Article","@id":"https:\/\/torredonjimenoactualidad.com\/index.php\/2024\/03\/26\/un-total-de-98-pianistas-de-23-paises-se-inscriben-en-el-65o-concurso-internacional-de-piano-premio-jaen\/#article","isPartOf":{"@id":"https:\/\/torredonjimenoactualidad.com\/index.php\/2024\/03\/26\/un-total-de-98-pianistas-de-23-paises-se-inscriben-en-el-65o-concurso-internacional-de-piano-premio-jaen\/"},"author":{"name":"Redaccion","@id":"https:\/\/torredonjimenoactualidad.com\/#\/schema\/person\/11f05803cdf40dbeb7f4fbf2365c9ac5"},"headline":"Un total de 98 pianistas de 23 pa\u00edses se inscriben en el 65\u00ba Concurso Internacional de Piano Premio Ja\u00e9n","datePublished":"2024-03-26T14:55:23+00:00","dateModified":"2024-03-26T14:55:24+00:00","mainEntityOfPage":{"@id":"https:\/\/torredonjimenoactualidad.com\/index.php\/2024\/03\/26\/un-total-de-98-pianistas-de-23-paises-se-inscriben-en-el-65o-concurso-internacional-de-piano-premio-jaen\/"},"wordCount":1080,"publisher":{"@id":"https:\/\/torredonjimenoactualidad.com\/#organization"},"articleSection":["provincia"],"inLanguage":"es"},{"@type":"WebPage","@id":"https:\/\/torredonjimenoactualidad.com\/index.php\/2024\/03\/26\/un-total-de-98-pianistas-de-23-paises-se-inscriben-en-el-65o-concurso-internacional-de-piano-premio-jaen\/","url":"https:\/\/torredonjimenoactualidad.com\/index.php\/2024\/03\/26\/un-total-de-98-pianistas-de-23-paises-se-inscriben-en-el-65o-concurso-internacional-de-piano-premio-jaen\/","name":"Un total de 98 pianistas de 23 pa\u00edses se inscriben en el 65\u00ba Concurso Internacional de Piano Premio Ja\u00e9n - Torredonjimeno Actualidad","isPartOf":{"@id":"https:\/\/torredonjimenoactualidad.com\/#website"},"datePublished":"2024-03-26T14:55:23+00:00","dateModified":"2024-03-26T14:55:24+00:00","breadcrumb":{"@id":"https:\/\/torredonjimenoactualidad.com\/index.php\/2024\/03\/26\/un-total-de-98-pianistas-de-23-paises-se-inscriben-en-el-65o-concurso-internacional-de-piano-premio-jaen\/#breadcrumb"},"inLanguage":"es","potentialAction":[{"@type":"ReadAction","target":["https:\/\/torredonjimenoactualidad.com\/index.php\/2024\/03\/26\/un-total-de-98-pianistas-de-23-paises-se-inscriben-en-el-65o-concurso-internacional-de-piano-premio-jaen\/"]}]},{"@type":"BreadcrumbList","@id":"https:\/\/torredonjimenoactualidad.com\/index.php\/2024\/03\/26\/un-total-de-98-pianistas-de-23-paises-se-inscriben-en-el-65o-concurso-internacional-de-piano-premio-jaen\/#breadcrumb","itemListElement":[{"@type":"ListItem","position":1,"name":"Portada","item":"https:\/\/torredonjimenoactualidad.com\/"},{"@type":"ListItem","position":2,"name":"Un total de 98 pianistas de 23 pa\u00edses se inscriben en el 65\u00ba Concurso Internacional de Piano Premio Ja\u00e9n"}]},{"@type":"WebSite","@id":"https:\/\/torredonjimenoactualidad.com\/#website","url":"https:\/\/torredonjimenoactualidad.com\/","name":"Torredonjimeno Actualidad","description":"","publisher":{"@id":"https:\/\/torredonjimenoactualidad.com\/#organization"},"potentialAction":[{"@type":"SearchAction","target":{"@type":"EntryPoint","urlTemplate":"https:\/\/torredonjimenoactualidad.com\/?s={search_term_string}"},"query-input":"required name=search_term_string"}],"inLanguage":"es"},{"@type":"Organization","@id":"https:\/\/torredonjimenoactualidad.com\/#organization","name":"Torredonjimeno Actualidad","url":"https:\/\/torredonjimenoactualidad.com\/","logo":{"@type":"ImageObject","inLanguage":"es","@id":"https:\/\/torredonjimenoactualidad.com\/#\/schema\/logo\/image\/","url":"https:\/\/torredonjimenoactualidad.com\/wp-content\/uploads\/2023\/02\/logo-torredonjimeno-544x180-1.png","contentUrl":"https:\/\/torredonjimenoactualidad.com\/wp-content\/uploads\/2023\/02\/logo-torredonjimeno-544x180-1.png","width":545,"height":112,"caption":"Torredonjimeno Actualidad"},"image":{"@id":"https:\/\/torredonjimenoactualidad.com\/#\/schema\/logo\/image\/"}},{"@type":"Person","@id":"https:\/\/torredonjimenoactualidad.com\/#\/schema\/person\/11f05803cdf40dbeb7f4fbf2365c9ac5","name":"Redaccion","image":{"@type":"ImageObject","inLanguage":"es","@id":"https:\/\/torredonjimenoactualidad.com\/#\/schema\/person\/image\/","url":"https:\/\/secure.gravatar.com\/avatar\/5917bab7eff43e17746fd29b509939469470810b6b989b7cc2f89e3188399bf3?s=96&d=mm&r=g","contentUrl":"https:\/\/secure.gravatar.com\/avatar\/5917bab7eff43e17746fd29b509939469470810b6b989b7cc2f89e3188399bf3?s=96&d=mm&r=g","caption":"Redaccion"},"url":"https:\/\/torredonjimenoactualidad.com\/index.php\/author\/jose-bueno\/"}]}},"_links":{"self":[{"href":"https:\/\/torredonjimenoactualidad.com\/index.php\/wp-json\/wp\/v2\/posts\/1792","targetHints":{"allow":["GET"]}}],"collection":[{"href":"https:\/\/torredonjimenoactualidad.com\/index.php\/wp-json\/wp\/v2\/posts"}],"about":[{"href":"https:\/\/torredonjimenoactualidad.com\/index.php\/wp-json\/wp\/v2\/types\/post"}],"author":[{"embeddable":true,"href":"https:\/\/torredonjimenoactualidad.com\/index.php\/wp-json\/wp\/v2\/users\/3"}],"replies":[{"embeddable":true,"href":"https:\/\/torredonjimenoactualidad.com\/index.php\/wp-json\/wp\/v2\/comments?post=1792"}],"version-history":[{"count":1,"href":"https:\/\/torredonjimenoactualidad.com\/index.php\/wp-json\/wp\/v2\/posts\/1792\/revisions"}],"predecessor-version":[{"id":1794,"href":"https:\/\/torredonjimenoactualidad.com\/index.php\/wp-json\/wp\/v2\/posts\/1792\/revisions\/1794"}],"wp:featuredmedia":[{"embeddable":true,"href":"https:\/\/torredonjimenoactualidad.com\/index.php\/wp-json\/wp\/v2\/media\/1793"}],"wp:attachment":[{"href":"https:\/\/torredonjimenoactualidad.com\/index.php\/wp-json\/wp\/v2\/media?parent=1792"}],"wp:term":[{"taxonomy":"category","embeddable":true,"href":"https:\/\/torredonjimenoactualidad.com\/index.php\/wp-json\/wp\/v2\/categories?post=1792"},{"taxonomy":"post_tag","embeddable":true,"href":"https:\/\/torredonjimenoactualidad.com\/index.php\/wp-json\/wp\/v2\/tags?post=1792"}],"curies":[{"name":"wp","href":"https:\/\/api.w.org\/{rel}","templated":true}]}}