{"id":1709,"date":"2024-03-11T10:14:24","date_gmt":"2024-03-11T10:14:24","guid":{"rendered":"https:\/\/torredonjimenoactualidad.com\/?p=1709"},"modified":"2024-03-11T10:14:25","modified_gmt":"2024-03-11T10:14:25","slug":"se-celebra-con-exito-el-xvi-salon-del-vehiculo-de-ocasion-y-seminuevo","status":"publish","type":"post","link":"https:\/\/torredonjimenoactualidad.com\/index.php\/2024\/03\/11\/se-celebra-con-exito-el-xvi-salon-del-vehiculo-de-ocasion-y-seminuevo\/","title":{"rendered":"Se celebra con \u00e9xito el  XVI Sal\u00f3n del Veh\u00edculo de Ocasi\u00f3n y Seminuevo\u00a0"},"content":{"rendered":"\n<p>El Sal\u00f3n de Veh\u00edculo de Ocasi\u00f3n y semi nuevo de Ja\u00e9n cerr\u00f3 ayer domingo sus puertas con unos resultados muy interesantes. Mas que destacables cifras de ventas y de visitantes han hecho que la feria vuelva a mostrarse como una verdadera plataforma comercial para los establecimientos de compra \u2013 venta de coches de ocasi\u00f3n y seminuevos.\u00a0<\/p>\n\n\n\n<p>En el apartado de ventas las cifras son m\u00e1s que llamativas: 225 coches vendidos durante los cuatro de la feria. Sin duda, \u201cson datos que cumplen con las expectativas marcadas antes del comienzo de la feria, ya que superan ampliamente los 190 veh\u00edculos vendidos en la edici\u00f3n pasada\u201d, afirma \u00c1frica Colomo, vicepresidenta de Ferias Ja\u00e9n. Cabe destacar que todos los concesionarios y establecimientos de compra ventas presentes se marchan del sal\u00f3n satisfechos ya que todos han vendido un n\u00famero de coches m\u00e1s que destacable, viendo as\u00ed m\u00e1s que amortizada la inversi\u00f3n hecha para estar presente en esta feria.<\/p>\n\n\n\n<p>Cabe tambi\u00e9n recordar que estos m\u00e1s de 225 coches son ventas iniciadas y cerradas en la feria. La experiencia de otras ediciones nos dice que en las pr\u00f3ximas semanas se cerrar\u00e1n a\u00fan m\u00e1s ventas que se han iniciado en este sal\u00f3n y que por diversos motivos no se han terminado de cerrar.<\/p>\n\n\n\n<p>Si atendemos a los datos de visitantes, las cifras son tambi\u00e9n muy destacables. Aproximadamente 4.300 personas han estado presentes en la feria, cifras muy destacables tambi\u00e9n que incluso superan los datos del a\u00f1o pasado.&nbsp;<\/p>\n\n\n\n<p>En definitiva, satisfacci\u00f3n es total por parte de la organizaci\u00f3n \u201cpor los buenos resultados obtenidos por este sal\u00f3n en todos los apartados\u201d comenta Colomo. As\u00ed, un a\u00f1o m\u00e1s, este XVI Sal\u00f3n compra ventas de Ja\u00e9n demuestra estar m\u00e1s que consolidado. \u201cDebemos recordar que ya antes de comenzar la feria, el n\u00famero de concesionarios y marcas presentes era muy importante a pesar de la coyuntura actual que tiene el sector del autom\u00f3vil, demostrando as\u00ed que cada vez son m\u00e1s las empresas de automoci\u00f3n que conf\u00edan en la organizaci\u00f3n de este evento\u201d finalizaba \u00c1frica Colomo. Con estas cifras, el a\u00f1o que viene seguro que ser\u00e1n a\u00fan m\u00e1s las marcas presentes en la edici\u00f3n de 2025.&nbsp;&nbsp;<\/p>\n","protected":false},"excerpt":{"rendered":"<p>El Sal\u00f3n de Veh\u00edculo de Ocasi\u00f3n y semi nuevo de Ja\u00e9n cerr\u00f3 ayer domingo sus puertas con unos resultados muy interesantes. Mas que destacables cifras de ventas y de visitantes han hecho que la feria vuelva a mostrarse como una verdadera plataforma comercial para los establecimientos de compra \u2013 venta de coches de ocasi\u00f3n y &hellip;<\/p>\n<p class=\"read-more\"> <a class=\"\" href=\"https:\/\/torredonjimenoactualidad.com\/index.php\/2024\/03\/11\/se-celebra-con-exito-el-xvi-salon-del-vehiculo-de-ocasion-y-seminuevo\/\"> <span class=\"screen-reader-text\">Se celebra con \u00e9xito el  XVI Sal\u00f3n del Veh\u00edculo de Ocasi\u00f3n y Seminuevo\u00a0<\/span> Leer m\u00e1s &raquo;<\/a><\/p>\n","protected":false},"author":2,"featured_media":1710,"comment_status":"open","ping_status":"open","sticky":false,"template":"","format":"standard","meta":{"site-sidebar-layout":"default","site-content-layout":"default","ast-global-header-display":"","ast-main-header-display":"","ast-hfb-above-header-display":"","ast-hfb-below-header-display":"","ast-hfb-mobile-header-display":"","site-post-title":"","ast-breadcrumbs-content":"","ast-featured-img":"","footer-sml-layout":"","theme-transparent-header-meta":"","adv-header-id-meta":"","stick-header-meta":"","header-above-stick-meta":"","header-main-stick-meta":"","header-below-stick-meta":"","footnotes":""},"categories":[8],"tags":[],"class_list":["post-1709","post","type-post","status-publish","format-standard","has-post-thumbnail","hentry","category-provincia"],"yoast_head":"<!-- This site is optimized with the Yoast SEO plugin v20.8 - https:\/\/yoast.com\/wordpress\/plugins\/seo\/ -->\n<title>Se celebra con \u00e9xito el XVI Sal\u00f3n del Veh\u00edculo de Ocasi\u00f3n y Seminuevo\u00a0 - Torredonjimeno Actualidad<\/title>\n<meta name=\"robots\" content=\"index, follow, max-snippet:-1, max-image-preview:large, max-video-preview:-1\" \/>\n<link rel=\"canonical\" href=\"https:\/\/torredonjimenoactualidad.com\/index.php\/2024\/03\/11\/se-celebra-con-exito-el-xvi-salon-del-vehiculo-de-ocasion-y-seminuevo\/\" \/>\n<meta property=\"og:locale\" content=\"es_ES\" \/>\n<meta property=\"og:type\" content=\"article\" \/>\n<meta property=\"og:title\" content=\"Se celebra con \u00e9xito el XVI Sal\u00f3n del Veh\u00edculo de Ocasi\u00f3n y Seminuevo\u00a0 - Torredonjimeno Actualidad\" \/>\n<meta property=\"og:description\" content=\"El Sal\u00f3n de Veh\u00edculo de Ocasi\u00f3n y semi nuevo de Ja\u00e9n cerr\u00f3 ayer domingo sus puertas con unos resultados muy interesantes. Mas que destacables cifras de ventas y de visitantes han hecho que la feria vuelva a mostrarse como una verdadera plataforma comercial para los establecimientos de compra \u2013 venta de coches de ocasi\u00f3n y &hellip; Se celebra con \u00e9xito el XVI Sal\u00f3n del Veh\u00edculo de Ocasi\u00f3n y Seminuevo\u00a0 Leer m\u00e1s &raquo;\" \/>\n<meta property=\"og:url\" content=\"https:\/\/torredonjimenoactualidad.com\/index.php\/2024\/03\/11\/se-celebra-con-exito-el-xvi-salon-del-vehiculo-de-ocasion-y-seminuevo\/\" \/>\n<meta property=\"og:site_name\" content=\"Torredonjimeno Actualidad\" \/>\n<meta property=\"article:published_time\" content=\"2024-03-11T10:14:24+00:00\" \/>\n<meta property=\"article:modified_time\" content=\"2024-03-11T10:14:25+00:00\" \/>\n<meta property=\"og:image\" content=\"https:\/\/torredonjimenoactualidad.com\/wp-content\/uploads\/2024\/03\/431106812_748978857333859_6871879828042510911_n.jpg\" \/>\n\t<meta property=\"og:image:width\" content=\"2048\" \/>\n\t<meta property=\"og:image:height\" content=\"1170\" \/>\n\t<meta property=\"og:image:type\" content=\"image\/jpeg\" \/>\n<meta name=\"author\" content=\"Alba Mar\u00eda Torres\" \/>\n<meta name=\"twitter:card\" content=\"summary_large_image\" \/>\n<meta name=\"twitter:label1\" content=\"Escrito por\" \/>\n\t<meta name=\"twitter:data1\" content=\"Alba Mar\u00eda Torres\" \/>\n\t<meta name=\"twitter:label2\" content=\"Tiempo de lectura\" \/>\n\t<meta name=\"twitter:data2\" content=\"2 minutos\" \/>\n<script type=\"application\/ld+json\" class=\"yoast-schema-graph\">{\"@context\":\"https:\/\/schema.org\",\"@graph\":[{\"@type\":\"Article\",\"@id\":\"https:\/\/torredonjimenoactualidad.com\/index.php\/2024\/03\/11\/se-celebra-con-exito-el-xvi-salon-del-vehiculo-de-ocasion-y-seminuevo\/#article\",\"isPartOf\":{\"@id\":\"https:\/\/torredonjimenoactualidad.com\/index.php\/2024\/03\/11\/se-celebra-con-exito-el-xvi-salon-del-vehiculo-de-ocasion-y-seminuevo\/\"},\"author\":{\"name\":\"Alba Mar\u00eda Torres\",\"@id\":\"https:\/\/torredonjimenoactualidad.com\/#\/schema\/person\/84de5f233e783ef2c75151a532b54977\"},\"headline\":\"Se celebra con \u00e9xito el XVI Sal\u00f3n del Veh\u00edculo de Ocasi\u00f3n y Seminuevo\u00a0\",\"datePublished\":\"2024-03-11T10:14:24+00:00\",\"dateModified\":\"2024-03-11T10:14:25+00:00\",\"mainEntityOfPage\":{\"@id\":\"https:\/\/torredonjimenoactualidad.com\/index.php\/2024\/03\/11\/se-celebra-con-exito-el-xvi-salon-del-vehiculo-de-ocasion-y-seminuevo\/\"},\"wordCount\":409,\"commentCount\":0,\"publisher\":{\"@id\":\"https:\/\/torredonjimenoactualidad.com\/#organization\"},\"articleSection\":[\"provincia\"],\"inLanguage\":\"es\",\"potentialAction\":[{\"@type\":\"CommentAction\",\"name\":\"Comment\",\"target\":[\"https:\/\/torredonjimenoactualidad.com\/index.php\/2024\/03\/11\/se-celebra-con-exito-el-xvi-salon-del-vehiculo-de-ocasion-y-seminuevo\/#respond\"]}]},{\"@type\":\"WebPage\",\"@id\":\"https:\/\/torredonjimenoactualidad.com\/index.php\/2024\/03\/11\/se-celebra-con-exito-el-xvi-salon-del-vehiculo-de-ocasion-y-seminuevo\/\",\"url\":\"https:\/\/torredonjimenoactualidad.com\/index.php\/2024\/03\/11\/se-celebra-con-exito-el-xvi-salon-del-vehiculo-de-ocasion-y-seminuevo\/\",\"name\":\"Se celebra con \u00e9xito el XVI Sal\u00f3n del Veh\u00edculo de Ocasi\u00f3n y Seminuevo\u00a0 - Torredonjimeno Actualidad\",\"isPartOf\":{\"@id\":\"https:\/\/torredonjimenoactualidad.com\/#website\"},\"datePublished\":\"2024-03-11T10:14:24+00:00\",\"dateModified\":\"2024-03-11T10:14:25+00:00\",\"breadcrumb\":{\"@id\":\"https:\/\/torredonjimenoactualidad.com\/index.php\/2024\/03\/11\/se-celebra-con-exito-el-xvi-salon-del-vehiculo-de-ocasion-y-seminuevo\/#breadcrumb\"},\"inLanguage\":\"es\",\"potentialAction\":[{\"@type\":\"ReadAction\",\"target\":[\"https:\/\/torredonjimenoactualidad.com\/index.php\/2024\/03\/11\/se-celebra-con-exito-el-xvi-salon-del-vehiculo-de-ocasion-y-seminuevo\/\"]}]},{\"@type\":\"BreadcrumbList\",\"@id\":\"https:\/\/torredonjimenoactualidad.com\/index.php\/2024\/03\/11\/se-celebra-con-exito-el-xvi-salon-del-vehiculo-de-ocasion-y-seminuevo\/#breadcrumb\",\"itemListElement\":[{\"@type\":\"ListItem\",\"position\":1,\"name\":\"Portada\",\"item\":\"https:\/\/torredonjimenoactualidad.com\/\"},{\"@type\":\"ListItem\",\"position\":2,\"name\":\"Se celebra con \u00e9xito el XVI Sal\u00f3n del Veh\u00edculo de Ocasi\u00f3n y Seminuevo\u00a0\"}]},{\"@type\":\"WebSite\",\"@id\":\"https:\/\/torredonjimenoactualidad.com\/#website\",\"url\":\"https:\/\/torredonjimenoactualidad.com\/\",\"name\":\"Torredonjimeno Actualidad\",\"description\":\"\",\"publisher\":{\"@id\":\"https:\/\/torredonjimenoactualidad.com\/#organization\"},\"potentialAction\":[{\"@type\":\"SearchAction\",\"target\":{\"@type\":\"EntryPoint\",\"urlTemplate\":\"https:\/\/torredonjimenoactualidad.com\/?s={search_term_string}\"},\"query-input\":\"required name=search_term_string\"}],\"inLanguage\":\"es\"},{\"@type\":\"Organization\",\"@id\":\"https:\/\/torredonjimenoactualidad.com\/#organization\",\"name\":\"Torredonjimeno Actualidad\",\"url\":\"https:\/\/torredonjimenoactualidad.com\/\",\"logo\":{\"@type\":\"ImageObject\",\"inLanguage\":\"es\",\"@id\":\"https:\/\/torredonjimenoactualidad.com\/#\/schema\/logo\/image\/\",\"url\":\"https:\/\/torredonjimenoactualidad.com\/wp-content\/uploads\/2023\/02\/logo-torredonjimeno-544x180-1.png\",\"contentUrl\":\"https:\/\/torredonjimenoactualidad.com\/wp-content\/uploads\/2023\/02\/logo-torredonjimeno-544x180-1.png\",\"width\":545,\"height\":112,\"caption\":\"Torredonjimeno Actualidad\"},\"image\":{\"@id\":\"https:\/\/torredonjimenoactualidad.com\/#\/schema\/logo\/image\/\"}},{\"@type\":\"Person\",\"@id\":\"https:\/\/torredonjimenoactualidad.com\/#\/schema\/person\/84de5f233e783ef2c75151a532b54977\",\"name\":\"Alba Mar\u00eda Torres\",\"image\":{\"@type\":\"ImageObject\",\"inLanguage\":\"es\",\"@id\":\"https:\/\/torredonjimenoactualidad.com\/#\/schema\/person\/image\/\",\"url\":\"https:\/\/secure.gravatar.com\/avatar\/f9371f188c71501b4475a9ba2a71595850ec72967f800a2ed8e3e2102859ed65?s=96&d=mm&r=g\",\"contentUrl\":\"https:\/\/secure.gravatar.com\/avatar\/f9371f188c71501b4475a9ba2a71595850ec72967f800a2ed8e3e2102859ed65?s=96&d=mm&r=g\",\"caption\":\"Alba Mar\u00eda Torres\"},\"url\":\"https:\/\/torredonjimenoactualidad.com\/index.php\/author\/alba-torres\/\"}]}<\/script>\n<!-- \/ Yoast SEO plugin. -->","yoast_head_json":{"title":"Se celebra con \u00e9xito el XVI Sal\u00f3n del Veh\u00edculo de Ocasi\u00f3n y Seminuevo\u00a0 - Torredonjimeno Actualidad","robots":{"index":"index","follow":"follow","max-snippet":"max-snippet:-1","max-image-preview":"max-image-preview:large","max-video-preview":"max-video-preview:-1"},"canonical":"https:\/\/torredonjimenoactualidad.com\/index.php\/2024\/03\/11\/se-celebra-con-exito-el-xvi-salon-del-vehiculo-de-ocasion-y-seminuevo\/","og_locale":"es_ES","og_type":"article","og_title":"Se celebra con \u00e9xito el XVI Sal\u00f3n del Veh\u00edculo de Ocasi\u00f3n y Seminuevo\u00a0 - Torredonjimeno Actualidad","og_description":"El Sal\u00f3n de Veh\u00edculo de Ocasi\u00f3n y semi nuevo de Ja\u00e9n cerr\u00f3 ayer domingo sus puertas con unos resultados muy interesantes. Mas que destacables cifras de ventas y de visitantes han hecho que la feria vuelva a mostrarse como una verdadera plataforma comercial para los establecimientos de compra \u2013 venta de coches de ocasi\u00f3n y &hellip; Se celebra con \u00e9xito el XVI Sal\u00f3n del Veh\u00edculo de Ocasi\u00f3n y Seminuevo\u00a0 Leer m\u00e1s &raquo;","og_url":"https:\/\/torredonjimenoactualidad.com\/index.php\/2024\/03\/11\/se-celebra-con-exito-el-xvi-salon-del-vehiculo-de-ocasion-y-seminuevo\/","og_site_name":"Torredonjimeno Actualidad","article_published_time":"2024-03-11T10:14:24+00:00","article_modified_time":"2024-03-11T10:14:25+00:00","og_image":[{"width":2048,"height":1170,"url":"https:\/\/torredonjimenoactualidad.com\/wp-content\/uploads\/2024\/03\/431106812_748978857333859_6871879828042510911_n.jpg","type":"image\/jpeg"}],"author":"Alba Mar\u00eda Torres","twitter_card":"summary_large_image","twitter_misc":{"Escrito por":"Alba Mar\u00eda Torres","Tiempo de lectura":"2 minutos"},"schema":{"@context":"https:\/\/schema.org","@graph":[{"@type":"Article","@id":"https:\/\/torredonjimenoactualidad.com\/index.php\/2024\/03\/11\/se-celebra-con-exito-el-xvi-salon-del-vehiculo-de-ocasion-y-seminuevo\/#article","isPartOf":{"@id":"https:\/\/torredonjimenoactualidad.com\/index.php\/2024\/03\/11\/se-celebra-con-exito-el-xvi-salon-del-vehiculo-de-ocasion-y-seminuevo\/"},"author":{"name":"Alba Mar\u00eda Torres","@id":"https:\/\/torredonjimenoactualidad.com\/#\/schema\/person\/84de5f233e783ef2c75151a532b54977"},"headline":"Se celebra con \u00e9xito el XVI Sal\u00f3n del Veh\u00edculo de Ocasi\u00f3n y Seminuevo\u00a0","datePublished":"2024-03-11T10:14:24+00:00","dateModified":"2024-03-11T10:14:25+00:00","mainEntityOfPage":{"@id":"https:\/\/torredonjimenoactualidad.com\/index.php\/2024\/03\/11\/se-celebra-con-exito-el-xvi-salon-del-vehiculo-de-ocasion-y-seminuevo\/"},"wordCount":409,"commentCount":0,"publisher":{"@id":"https:\/\/torredonjimenoactualidad.com\/#organization"},"articleSection":["provincia"],"inLanguage":"es","potentialAction":[{"@type":"CommentAction","name":"Comment","target":["https:\/\/torredonjimenoactualidad.com\/index.php\/2024\/03\/11\/se-celebra-con-exito-el-xvi-salon-del-vehiculo-de-ocasion-y-seminuevo\/#respond"]}]},{"@type":"WebPage","@id":"https:\/\/torredonjimenoactualidad.com\/index.php\/2024\/03\/11\/se-celebra-con-exito-el-xvi-salon-del-vehiculo-de-ocasion-y-seminuevo\/","url":"https:\/\/torredonjimenoactualidad.com\/index.php\/2024\/03\/11\/se-celebra-con-exito-el-xvi-salon-del-vehiculo-de-ocasion-y-seminuevo\/","name":"Se celebra con \u00e9xito el XVI Sal\u00f3n del Veh\u00edculo de Ocasi\u00f3n y Seminuevo\u00a0 - Torredonjimeno Actualidad","isPartOf":{"@id":"https:\/\/torredonjimenoactualidad.com\/#website"},"datePublished":"2024-03-11T10:14:24+00:00","dateModified":"2024-03-11T10:14:25+00:00","breadcrumb":{"@id":"https:\/\/torredonjimenoactualidad.com\/index.php\/2024\/03\/11\/se-celebra-con-exito-el-xvi-salon-del-vehiculo-de-ocasion-y-seminuevo\/#breadcrumb"},"inLanguage":"es","potentialAction":[{"@type":"ReadAction","target":["https:\/\/torredonjimenoactualidad.com\/index.php\/2024\/03\/11\/se-celebra-con-exito-el-xvi-salon-del-vehiculo-de-ocasion-y-seminuevo\/"]}]},{"@type":"BreadcrumbList","@id":"https:\/\/torredonjimenoactualidad.com\/index.php\/2024\/03\/11\/se-celebra-con-exito-el-xvi-salon-del-vehiculo-de-ocasion-y-seminuevo\/#breadcrumb","itemListElement":[{"@type":"ListItem","position":1,"name":"Portada","item":"https:\/\/torredonjimenoactualidad.com\/"},{"@type":"ListItem","position":2,"name":"Se celebra con \u00e9xito el XVI Sal\u00f3n del Veh\u00edculo de Ocasi\u00f3n y Seminuevo\u00a0"}]},{"@type":"WebSite","@id":"https:\/\/torredonjimenoactualidad.com\/#website","url":"https:\/\/torredonjimenoactualidad.com\/","name":"Torredonjimeno Actualidad","description":"","publisher":{"@id":"https:\/\/torredonjimenoactualidad.com\/#organization"},"potentialAction":[{"@type":"SearchAction","target":{"@type":"EntryPoint","urlTemplate":"https:\/\/torredonjimenoactualidad.com\/?s={search_term_string}"},"query-input":"required name=search_term_string"}],"inLanguage":"es"},{"@type":"Organization","@id":"https:\/\/torredonjimenoactualidad.com\/#organization","name":"Torredonjimeno Actualidad","url":"https:\/\/torredonjimenoactualidad.com\/","logo":{"@type":"ImageObject","inLanguage":"es","@id":"https:\/\/torredonjimenoactualidad.com\/#\/schema\/logo\/image\/","url":"https:\/\/torredonjimenoactualidad.com\/wp-content\/uploads\/2023\/02\/logo-torredonjimeno-544x180-1.png","contentUrl":"https:\/\/torredonjimenoactualidad.com\/wp-content\/uploads\/2023\/02\/logo-torredonjimeno-544x180-1.png","width":545,"height":112,"caption":"Torredonjimeno Actualidad"},"image":{"@id":"https:\/\/torredonjimenoactualidad.com\/#\/schema\/logo\/image\/"}},{"@type":"Person","@id":"https:\/\/torredonjimenoactualidad.com\/#\/schema\/person\/84de5f233e783ef2c75151a532b54977","name":"Alba Mar\u00eda Torres","image":{"@type":"ImageObject","inLanguage":"es","@id":"https:\/\/torredonjimenoactualidad.com\/#\/schema\/person\/image\/","url":"https:\/\/secure.gravatar.com\/avatar\/f9371f188c71501b4475a9ba2a71595850ec72967f800a2ed8e3e2102859ed65?s=96&d=mm&r=g","contentUrl":"https:\/\/secure.gravatar.com\/avatar\/f9371f188c71501b4475a9ba2a71595850ec72967f800a2ed8e3e2102859ed65?s=96&d=mm&r=g","caption":"Alba Mar\u00eda Torres"},"url":"https:\/\/torredonjimenoactualidad.com\/index.php\/author\/alba-torres\/"}]}},"_links":{"self":[{"href":"https:\/\/torredonjimenoactualidad.com\/index.php\/wp-json\/wp\/v2\/posts\/1709","targetHints":{"allow":["GET"]}}],"collection":[{"href":"https:\/\/torredonjimenoactualidad.com\/index.php\/wp-json\/wp\/v2\/posts"}],"about":[{"href":"https:\/\/torredonjimenoactualidad.com\/index.php\/wp-json\/wp\/v2\/types\/post"}],"author":[{"embeddable":true,"href":"https:\/\/torredonjimenoactualidad.com\/index.php\/wp-json\/wp\/v2\/users\/2"}],"replies":[{"embeddable":true,"href":"https:\/\/torredonjimenoactualidad.com\/index.php\/wp-json\/wp\/v2\/comments?post=1709"}],"version-history":[{"count":1,"href":"https:\/\/torredonjimenoactualidad.com\/index.php\/wp-json\/wp\/v2\/posts\/1709\/revisions"}],"predecessor-version":[{"id":1711,"href":"https:\/\/torredonjimenoactualidad.com\/index.php\/wp-json\/wp\/v2\/posts\/1709\/revisions\/1711"}],"wp:featuredmedia":[{"embeddable":true,"href":"https:\/\/torredonjimenoactualidad.com\/index.php\/wp-json\/wp\/v2\/media\/1710"}],"wp:attachment":[{"href":"https:\/\/torredonjimenoactualidad.com\/index.php\/wp-json\/wp\/v2\/media?parent=1709"}],"wp:term":[{"taxonomy":"category","embeddable":true,"href":"https:\/\/torredonjimenoactualidad.com\/index.php\/wp-json\/wp\/v2\/categories?post=1709"},{"taxonomy":"post_tag","embeddable":true,"href":"https:\/\/torredonjimenoactualidad.com\/index.php\/wp-json\/wp\/v2\/tags?post=1709"}],"curies":[{"name":"wp","href":"https:\/\/api.w.org\/{rel}","templated":true}]}}