{"id":1606,"date":"2024-02-22T18:02:00","date_gmt":"2024-02-22T18:02:00","guid":{"rendered":"https:\/\/torredonjimenoactualidad.com\/?p=1606"},"modified":"2024-02-22T18:13:13","modified_gmt":"2024-02-22T18:13:13","slug":"el-ginecologo-tosiriano-jesus-presa-lidera-la-jornada-de-abordaje-multidisciplinar-sobre-sexualidad","status":"publish","type":"post","link":"https:\/\/torredonjimenoactualidad.com\/index.php\/2024\/02\/22\/el-ginecologo-tosiriano-jesus-presa-lidera-la-jornada-de-abordaje-multidisciplinar-sobre-sexualidad\/","title":{"rendered":"El ginec\u00f3logo tosiriano Jes\u00fas Presa al frente de la jornada de abordaje multidisciplinar sobre sexualidad"},"content":{"rendered":"\n<p>El Hospital Universitario de Ja\u00e9n ha organizado la jornada de abordaje multidisciplinar sobre sexualidad, un encuentro en el que han participado m\u00e1s de 110 profesionales vinculados a la Ginecolog\u00eda, Psicolog\u00eda Cl\u00ednica, Fisioterapia, Sexolog\u00eda, Medicina de Familia, o matronas, que han contado con especialistas de la provincia de Ja\u00e9n, Granada, o profesionales de referencia de otras comunidades aut\u00f3nomas como Madrid o Barcelona.<\/p>\n\n\n\n<p>A la inauguraci\u00f3n ha asistido la delegada territorial de Salud y Consumo, Elena Gonz\u00e1lez, junto al director gerente del Hospital Universitario de Ja\u00e9n, Francisco Javier Vadillo, la directora m\u00e9dica del centro, Myr\u00edam C\u00e1rdenas y el coordinador de la jornada y jefe de servicio de Ginecolog\u00eda y Obstetricia del Hospital Universitario de Ja\u00e9n, Jes\u00fas Presa y Ricardo Gallego.<\/p>\n\n\n\n<p>Elena Gonz\u00e1lez ha valorado muy positivamente la organizaci\u00f3n de este encuentro \u201cnovedoso y sin precedentes, que aborda de forma rigurosa m\u00faltiples visiones de patolog\u00edas y disfunciones que sufre la mujer a lo largo de su vida, desde el punto de vista de la sexualidad, ofreciendo una visi\u00f3n global y comprometida con aspectos que, entre todos, es importante que hagamos que visibilice, estudie y valore, debido a la enorme trascendencia en la calidad de vida de la mujer\u201d.<\/p>\n\n\n\n<p>En el encuentro, se han organizado dos mesas de trabajo, una de ellas sobre el abordaje de la sexualidad en la consulta y la segunda sobre las disfunciones sexuales en situaciones especiales. En la primera de ellas, se han tratado temas como la disfunci\u00f3n de suelo p\u00e9lvico en la sexualidad, adem\u00e1s de valorar qu\u00e9 puede aportar una psic\u00f3loga o sex\u00f3loga que trabaja con un equipo m\u00e9dico. En la segunda mesa se ha hablado sobre la sexualidad en la paciente oncol\u00f3gica, menopausia y sexualidad y alteraci\u00f3n del deseo sexual.<\/p>\n\n\n\n<p>Los profesionales que han participado han sido Jes\u00fas Presa, jefe de servicio de Obstetricia y Ginecolog\u00eda del Hospital Universitario de Ja\u00e9n; la ginec\u00f3loga Mar\u00eda<br>Moreno; Ricardo Gallego, m\u00e9dico de familia y sex\u00f3logo, de Barcelona; Julia G\u00f3mez, ginec\u00f3loga del Hospital Universitario de Ja\u00e9n; Laura Herrador, fisioterapeuta del Hospital Universitario de Ja\u00e9n; Rosario Casta\u00f1o, psic\u00f3loga cl\u00ednica y sex\u00f3loga, de Madrid; Sonia S\u00e1nchez, ginec\u00f3loga de Barcelona; Laura C\u00e1mara, matrona y sex\u00f3loga, de Granada; Noelia Salas, ginec\u00f3loga del Hospital Universitario de Ja\u00e9n; y Ana Rosa Jurado, m\u00e9dico de familia y sex\u00f3loga, de Marbella.<\/p>\n\n\n\n<p>La salud sexual es definida por la Organizaci\u00f3n Mundial de la Salud (OMS) como un estado de bienestar f\u00edsico, mental y social en relaci\u00f3n con la sexualidad, que requiere un enfoque positivo y respetuoso de la misma y de las relaciones sexuales. Es un derecho fundamental reconocido.<\/p>\n\n\n\n<p>\u201cEn algunos estudios se estima que hasta el 90% de la poblaci\u00f3n va a presentar alguna dificultad relacionada con la sexualidad. La mayor\u00eda no consulta con ning\u00fan profesional sobre estas dificultades\u201d, ha indicado Elena Gonz\u00e1lez. \u201cPor ello, es fundamental el papel de nuestros profesionales de la salud, al contribuir a la calidad de vida y salud global de nuestros pacientes, considerando la salud sexual como un aspecto fundamental, ya que es importante conocer cu\u00e1les son los factores que influyen en ella y algunas estrategias para mejorarla\u201d, ha destacado.<\/p>\n\n\n\n<p><strong>Disfunci\u00f3n sexual<\/strong><\/p>\n\n\n\n<p>La disfunci\u00f3n sexual femenina m\u00e1s prevalente es el trastorno de deseo-excitaci\u00f3n sexual, que puede llegar a afectar a 1 de cada 5 mujeres. Su origen es multifactorial, pueden estar involucrados aspectos muy distintos, como los cambios hormonales, factores psicol\u00f3gicos y socioculturales.<\/p>\n\n\n\n<p>La sexualidad est\u00e1 en continuo cambio en la vida de las mujeres, especialmente en periodos como el embarazo, puerperio o la menopausia. El manejo requiere abordar todo los condicionantes que se mencionaban antes. \u201cPor este motivo, es necesario un enfoque multidisciplinar para poder tratar estos problemas, mejorar la calidad de vida sexual y promover una sexualidad positiva, ya que cada vez m\u00e1s frecuente especialmente en determinadas consultas como menopausia, c\u00e1ncer ginecol\u00f3gico o suelo p\u00e9lvico\u201d, ha indicado Jes\u00fas Presa, jefe de servicio de Ginecolog\u00eda del Hospital Universitario de Ja\u00e9n.<\/p>\n","protected":false},"excerpt":{"rendered":"<p>El Hospital Universitario de Ja\u00e9n ha organizado la jornada de abordaje multidisciplinar sobre sexualidad, un encuentro en el que han participado m\u00e1s de 110 profesionales vinculados a la Ginecolog\u00eda, Psicolog\u00eda Cl\u00ednica, Fisioterapia, Sexolog\u00eda, Medicina de Familia, o matronas, que han contado con especialistas de la provincia de Ja\u00e9n, Granada, o profesionales de referencia de otras &hellip;<\/p>\n<p class=\"read-more\"> <a class=\"\" href=\"https:\/\/torredonjimenoactualidad.com\/index.php\/2024\/02\/22\/el-ginecologo-tosiriano-jesus-presa-lidera-la-jornada-de-abordaje-multidisciplinar-sobre-sexualidad\/\"> <span class=\"screen-reader-text\">El ginec\u00f3logo tosiriano Jes\u00fas Presa al frente de la jornada de abordaje multidisciplinar sobre sexualidad<\/span> Leer m\u00e1s &raquo;<\/a><\/p>\n","protected":false},"author":3,"featured_media":1607,"comment_status":"closed","ping_status":"open","sticky":false,"template":"","format":"standard","meta":{"site-sidebar-layout":"default","site-content-layout":"default","ast-global-header-display":"","ast-main-header-display":"","ast-hfb-above-header-display":"","ast-hfb-below-header-display":"","ast-hfb-mobile-header-display":"","site-post-title":"","ast-breadcrumbs-content":"","ast-featured-img":"","footer-sml-layout":"","theme-transparent-header-meta":"","adv-header-id-meta":"","stick-header-meta":"","header-above-stick-meta":"","header-main-stick-meta":"","header-below-stick-meta":"","footnotes":""},"categories":[8],"tags":[],"class_list":["post-1606","post","type-post","status-publish","format-standard","has-post-thumbnail","hentry","category-provincia"],"yoast_head":"<!-- This site is optimized with the Yoast SEO plugin v20.8 - https:\/\/yoast.com\/wordpress\/plugins\/seo\/ -->\n<title>El ginec\u00f3logo tosiriano Jes\u00fas Presa al frente de la jornada de abordaje multidisciplinar sobre sexualidad - Torredonjimeno Actualidad<\/title>\n<meta name=\"robots\" content=\"index, follow, max-snippet:-1, max-image-preview:large, max-video-preview:-1\" \/>\n<link rel=\"canonical\" href=\"https:\/\/torredonjimenoactualidad.com\/index.php\/2024\/02\/22\/el-ginecologo-tosiriano-jesus-presa-lidera-la-jornada-de-abordaje-multidisciplinar-sobre-sexualidad\/\" \/>\n<meta property=\"og:locale\" content=\"es_ES\" \/>\n<meta property=\"og:type\" content=\"article\" \/>\n<meta property=\"og:title\" content=\"El ginec\u00f3logo tosiriano Jes\u00fas Presa al frente de la jornada de abordaje multidisciplinar sobre sexualidad - Torredonjimeno Actualidad\" \/>\n<meta property=\"og:description\" content=\"El Hospital Universitario de Ja\u00e9n ha organizado la jornada de abordaje multidisciplinar sobre sexualidad, un encuentro en el que han participado m\u00e1s de 110 profesionales vinculados a la Ginecolog\u00eda, Psicolog\u00eda Cl\u00ednica, Fisioterapia, Sexolog\u00eda, Medicina de Familia, o matronas, que han contado con especialistas de la provincia de Ja\u00e9n, Granada, o profesionales de referencia de otras &hellip; El ginec\u00f3logo tosiriano Jes\u00fas Presa al frente de la jornada de abordaje multidisciplinar sobre sexualidad Leer m\u00e1s &raquo;\" \/>\n<meta property=\"og:url\" content=\"https:\/\/torredonjimenoactualidad.com\/index.php\/2024\/02\/22\/el-ginecologo-tosiriano-jesus-presa-lidera-la-jornada-de-abordaje-multidisciplinar-sobre-sexualidad\/\" \/>\n<meta property=\"og:site_name\" content=\"Torredonjimeno Actualidad\" \/>\n<meta property=\"article:published_time\" content=\"2024-02-22T18:02:00+00:00\" \/>\n<meta property=\"article:modified_time\" content=\"2024-02-22T18:13:13+00:00\" \/>\n<meta property=\"og:image\" content=\"https:\/\/torredonjimenoactualidad.com\/wp-content\/uploads\/2024\/02\/409028669_441464588208398_1572698662426728748_n.jpg\" \/>\n\t<meta property=\"og:image:width\" content=\"1488\" \/>\n\t<meta property=\"og:image:height\" content=\"850\" \/>\n\t<meta property=\"og:image:type\" content=\"image\/jpeg\" \/>\n<meta name=\"author\" content=\"Redaccion\" \/>\n<meta name=\"twitter:card\" content=\"summary_large_image\" \/>\n<meta name=\"twitter:label1\" content=\"Escrito por\" \/>\n\t<meta name=\"twitter:data1\" content=\"Redaccion\" \/>\n\t<meta name=\"twitter:label2\" content=\"Tiempo de lectura\" \/>\n\t<meta name=\"twitter:data2\" content=\"3 minutos\" \/>\n<script type=\"application\/ld+json\" class=\"yoast-schema-graph\">{\"@context\":\"https:\/\/schema.org\",\"@graph\":[{\"@type\":\"Article\",\"@id\":\"https:\/\/torredonjimenoactualidad.com\/index.php\/2024\/02\/22\/el-ginecologo-tosiriano-jesus-presa-lidera-la-jornada-de-abordaje-multidisciplinar-sobre-sexualidad\/#article\",\"isPartOf\":{\"@id\":\"https:\/\/torredonjimenoactualidad.com\/index.php\/2024\/02\/22\/el-ginecologo-tosiriano-jesus-presa-lidera-la-jornada-de-abordaje-multidisciplinar-sobre-sexualidad\/\"},\"author\":{\"name\":\"Redaccion\",\"@id\":\"https:\/\/torredonjimenoactualidad.com\/#\/schema\/person\/11f05803cdf40dbeb7f4fbf2365c9ac5\"},\"headline\":\"El ginec\u00f3logo tosiriano Jes\u00fas Presa al frente de la jornada de abordaje multidisciplinar sobre sexualidad\",\"datePublished\":\"2024-02-22T18:02:00+00:00\",\"dateModified\":\"2024-02-22T18:13:13+00:00\",\"mainEntityOfPage\":{\"@id\":\"https:\/\/torredonjimenoactualidad.com\/index.php\/2024\/02\/22\/el-ginecologo-tosiriano-jesus-presa-lidera-la-jornada-de-abordaje-multidisciplinar-sobre-sexualidad\/\"},\"wordCount\":723,\"publisher\":{\"@id\":\"https:\/\/torredonjimenoactualidad.com\/#organization\"},\"articleSection\":[\"provincia\"],\"inLanguage\":\"es\"},{\"@type\":\"WebPage\",\"@id\":\"https:\/\/torredonjimenoactualidad.com\/index.php\/2024\/02\/22\/el-ginecologo-tosiriano-jesus-presa-lidera-la-jornada-de-abordaje-multidisciplinar-sobre-sexualidad\/\",\"url\":\"https:\/\/torredonjimenoactualidad.com\/index.php\/2024\/02\/22\/el-ginecologo-tosiriano-jesus-presa-lidera-la-jornada-de-abordaje-multidisciplinar-sobre-sexualidad\/\",\"name\":\"El ginec\u00f3logo tosiriano Jes\u00fas Presa al frente de la jornada de abordaje multidisciplinar sobre sexualidad - Torredonjimeno Actualidad\",\"isPartOf\":{\"@id\":\"https:\/\/torredonjimenoactualidad.com\/#website\"},\"datePublished\":\"2024-02-22T18:02:00+00:00\",\"dateModified\":\"2024-02-22T18:13:13+00:00\",\"breadcrumb\":{\"@id\":\"https:\/\/torredonjimenoactualidad.com\/index.php\/2024\/02\/22\/el-ginecologo-tosiriano-jesus-presa-lidera-la-jornada-de-abordaje-multidisciplinar-sobre-sexualidad\/#breadcrumb\"},\"inLanguage\":\"es\",\"potentialAction\":[{\"@type\":\"ReadAction\",\"target\":[\"https:\/\/torredonjimenoactualidad.com\/index.php\/2024\/02\/22\/el-ginecologo-tosiriano-jesus-presa-lidera-la-jornada-de-abordaje-multidisciplinar-sobre-sexualidad\/\"]}]},{\"@type\":\"BreadcrumbList\",\"@id\":\"https:\/\/torredonjimenoactualidad.com\/index.php\/2024\/02\/22\/el-ginecologo-tosiriano-jesus-presa-lidera-la-jornada-de-abordaje-multidisciplinar-sobre-sexualidad\/#breadcrumb\",\"itemListElement\":[{\"@type\":\"ListItem\",\"position\":1,\"name\":\"Portada\",\"item\":\"https:\/\/torredonjimenoactualidad.com\/\"},{\"@type\":\"ListItem\",\"position\":2,\"name\":\"El ginec\u00f3logo tosiriano Jes\u00fas Presa al frente de la jornada de abordaje multidisciplinar sobre sexualidad\"}]},{\"@type\":\"WebSite\",\"@id\":\"https:\/\/torredonjimenoactualidad.com\/#website\",\"url\":\"https:\/\/torredonjimenoactualidad.com\/\",\"name\":\"Torredonjimeno Actualidad\",\"description\":\"\",\"publisher\":{\"@id\":\"https:\/\/torredonjimenoactualidad.com\/#organization\"},\"potentialAction\":[{\"@type\":\"SearchAction\",\"target\":{\"@type\":\"EntryPoint\",\"urlTemplate\":\"https:\/\/torredonjimenoactualidad.com\/?s={search_term_string}\"},\"query-input\":\"required name=search_term_string\"}],\"inLanguage\":\"es\"},{\"@type\":\"Organization\",\"@id\":\"https:\/\/torredonjimenoactualidad.com\/#organization\",\"name\":\"Torredonjimeno Actualidad\",\"url\":\"https:\/\/torredonjimenoactualidad.com\/\",\"logo\":{\"@type\":\"ImageObject\",\"inLanguage\":\"es\",\"@id\":\"https:\/\/torredonjimenoactualidad.com\/#\/schema\/logo\/image\/\",\"url\":\"https:\/\/torredonjimenoactualidad.com\/wp-content\/uploads\/2023\/02\/logo-torredonjimeno-544x180-1.png\",\"contentUrl\":\"https:\/\/torredonjimenoactualidad.com\/wp-content\/uploads\/2023\/02\/logo-torredonjimeno-544x180-1.png\",\"width\":545,\"height\":112,\"caption\":\"Torredonjimeno Actualidad\"},\"image\":{\"@id\":\"https:\/\/torredonjimenoactualidad.com\/#\/schema\/logo\/image\/\"}},{\"@type\":\"Person\",\"@id\":\"https:\/\/torredonjimenoactualidad.com\/#\/schema\/person\/11f05803cdf40dbeb7f4fbf2365c9ac5\",\"name\":\"Redaccion\",\"image\":{\"@type\":\"ImageObject\",\"inLanguage\":\"es\",\"@id\":\"https:\/\/torredonjimenoactualidad.com\/#\/schema\/person\/image\/\",\"url\":\"https:\/\/secure.gravatar.com\/avatar\/5917bab7eff43e17746fd29b509939469470810b6b989b7cc2f89e3188399bf3?s=96&d=mm&r=g\",\"contentUrl\":\"https:\/\/secure.gravatar.com\/avatar\/5917bab7eff43e17746fd29b509939469470810b6b989b7cc2f89e3188399bf3?s=96&d=mm&r=g\",\"caption\":\"Redaccion\"},\"url\":\"https:\/\/torredonjimenoactualidad.com\/index.php\/author\/jose-bueno\/\"}]}<\/script>\n<!-- \/ Yoast SEO plugin. -->","yoast_head_json":{"title":"El ginec\u00f3logo tosiriano Jes\u00fas Presa al frente de la jornada de abordaje multidisciplinar sobre sexualidad - Torredonjimeno Actualidad","robots":{"index":"index","follow":"follow","max-snippet":"max-snippet:-1","max-image-preview":"max-image-preview:large","max-video-preview":"max-video-preview:-1"},"canonical":"https:\/\/torredonjimenoactualidad.com\/index.php\/2024\/02\/22\/el-ginecologo-tosiriano-jesus-presa-lidera-la-jornada-de-abordaje-multidisciplinar-sobre-sexualidad\/","og_locale":"es_ES","og_type":"article","og_title":"El ginec\u00f3logo tosiriano Jes\u00fas Presa al frente de la jornada de abordaje multidisciplinar sobre sexualidad - Torredonjimeno Actualidad","og_description":"El Hospital Universitario de Ja\u00e9n ha organizado la jornada de abordaje multidisciplinar sobre sexualidad, un encuentro en el que han participado m\u00e1s de 110 profesionales vinculados a la Ginecolog\u00eda, Psicolog\u00eda Cl\u00ednica, Fisioterapia, Sexolog\u00eda, Medicina de Familia, o matronas, que han contado con especialistas de la provincia de Ja\u00e9n, Granada, o profesionales de referencia de otras &hellip; El ginec\u00f3logo tosiriano Jes\u00fas Presa al frente de la jornada de abordaje multidisciplinar sobre sexualidad Leer m\u00e1s &raquo;","og_url":"https:\/\/torredonjimenoactualidad.com\/index.php\/2024\/02\/22\/el-ginecologo-tosiriano-jesus-presa-lidera-la-jornada-de-abordaje-multidisciplinar-sobre-sexualidad\/","og_site_name":"Torredonjimeno Actualidad","article_published_time":"2024-02-22T18:02:00+00:00","article_modified_time":"2024-02-22T18:13:13+00:00","og_image":[{"width":1488,"height":850,"url":"https:\/\/torredonjimenoactualidad.com\/wp-content\/uploads\/2024\/02\/409028669_441464588208398_1572698662426728748_n.jpg","type":"image\/jpeg"}],"author":"Redaccion","twitter_card":"summary_large_image","twitter_misc":{"Escrito por":"Redaccion","Tiempo de lectura":"3 minutos"},"schema":{"@context":"https:\/\/schema.org","@graph":[{"@type":"Article","@id":"https:\/\/torredonjimenoactualidad.com\/index.php\/2024\/02\/22\/el-ginecologo-tosiriano-jesus-presa-lidera-la-jornada-de-abordaje-multidisciplinar-sobre-sexualidad\/#article","isPartOf":{"@id":"https:\/\/torredonjimenoactualidad.com\/index.php\/2024\/02\/22\/el-ginecologo-tosiriano-jesus-presa-lidera-la-jornada-de-abordaje-multidisciplinar-sobre-sexualidad\/"},"author":{"name":"Redaccion","@id":"https:\/\/torredonjimenoactualidad.com\/#\/schema\/person\/11f05803cdf40dbeb7f4fbf2365c9ac5"},"headline":"El ginec\u00f3logo tosiriano Jes\u00fas Presa al frente de la jornada de abordaje multidisciplinar sobre sexualidad","datePublished":"2024-02-22T18:02:00+00:00","dateModified":"2024-02-22T18:13:13+00:00","mainEntityOfPage":{"@id":"https:\/\/torredonjimenoactualidad.com\/index.php\/2024\/02\/22\/el-ginecologo-tosiriano-jesus-presa-lidera-la-jornada-de-abordaje-multidisciplinar-sobre-sexualidad\/"},"wordCount":723,"publisher":{"@id":"https:\/\/torredonjimenoactualidad.com\/#organization"},"articleSection":["provincia"],"inLanguage":"es"},{"@type":"WebPage","@id":"https:\/\/torredonjimenoactualidad.com\/index.php\/2024\/02\/22\/el-ginecologo-tosiriano-jesus-presa-lidera-la-jornada-de-abordaje-multidisciplinar-sobre-sexualidad\/","url":"https:\/\/torredonjimenoactualidad.com\/index.php\/2024\/02\/22\/el-ginecologo-tosiriano-jesus-presa-lidera-la-jornada-de-abordaje-multidisciplinar-sobre-sexualidad\/","name":"El ginec\u00f3logo tosiriano Jes\u00fas Presa al frente de la jornada de abordaje multidisciplinar sobre sexualidad - Torredonjimeno Actualidad","isPartOf":{"@id":"https:\/\/torredonjimenoactualidad.com\/#website"},"datePublished":"2024-02-22T18:02:00+00:00","dateModified":"2024-02-22T18:13:13+00:00","breadcrumb":{"@id":"https:\/\/torredonjimenoactualidad.com\/index.php\/2024\/02\/22\/el-ginecologo-tosiriano-jesus-presa-lidera-la-jornada-de-abordaje-multidisciplinar-sobre-sexualidad\/#breadcrumb"},"inLanguage":"es","potentialAction":[{"@type":"ReadAction","target":["https:\/\/torredonjimenoactualidad.com\/index.php\/2024\/02\/22\/el-ginecologo-tosiriano-jesus-presa-lidera-la-jornada-de-abordaje-multidisciplinar-sobre-sexualidad\/"]}]},{"@type":"BreadcrumbList","@id":"https:\/\/torredonjimenoactualidad.com\/index.php\/2024\/02\/22\/el-ginecologo-tosiriano-jesus-presa-lidera-la-jornada-de-abordaje-multidisciplinar-sobre-sexualidad\/#breadcrumb","itemListElement":[{"@type":"ListItem","position":1,"name":"Portada","item":"https:\/\/torredonjimenoactualidad.com\/"},{"@type":"ListItem","position":2,"name":"El ginec\u00f3logo tosiriano Jes\u00fas Presa al frente de la jornada de abordaje multidisciplinar sobre sexualidad"}]},{"@type":"WebSite","@id":"https:\/\/torredonjimenoactualidad.com\/#website","url":"https:\/\/torredonjimenoactualidad.com\/","name":"Torredonjimeno Actualidad","description":"","publisher":{"@id":"https:\/\/torredonjimenoactualidad.com\/#organization"},"potentialAction":[{"@type":"SearchAction","target":{"@type":"EntryPoint","urlTemplate":"https:\/\/torredonjimenoactualidad.com\/?s={search_term_string}"},"query-input":"required name=search_term_string"}],"inLanguage":"es"},{"@type":"Organization","@id":"https:\/\/torredonjimenoactualidad.com\/#organization","name":"Torredonjimeno Actualidad","url":"https:\/\/torredonjimenoactualidad.com\/","logo":{"@type":"ImageObject","inLanguage":"es","@id":"https:\/\/torredonjimenoactualidad.com\/#\/schema\/logo\/image\/","url":"https:\/\/torredonjimenoactualidad.com\/wp-content\/uploads\/2023\/02\/logo-torredonjimeno-544x180-1.png","contentUrl":"https:\/\/torredonjimenoactualidad.com\/wp-content\/uploads\/2023\/02\/logo-torredonjimeno-544x180-1.png","width":545,"height":112,"caption":"Torredonjimeno Actualidad"},"image":{"@id":"https:\/\/torredonjimenoactualidad.com\/#\/schema\/logo\/image\/"}},{"@type":"Person","@id":"https:\/\/torredonjimenoactualidad.com\/#\/schema\/person\/11f05803cdf40dbeb7f4fbf2365c9ac5","name":"Redaccion","image":{"@type":"ImageObject","inLanguage":"es","@id":"https:\/\/torredonjimenoactualidad.com\/#\/schema\/person\/image\/","url":"https:\/\/secure.gravatar.com\/avatar\/5917bab7eff43e17746fd29b509939469470810b6b989b7cc2f89e3188399bf3?s=96&d=mm&r=g","contentUrl":"https:\/\/secure.gravatar.com\/avatar\/5917bab7eff43e17746fd29b509939469470810b6b989b7cc2f89e3188399bf3?s=96&d=mm&r=g","caption":"Redaccion"},"url":"https:\/\/torredonjimenoactualidad.com\/index.php\/author\/jose-bueno\/"}]}},"_links":{"self":[{"href":"https:\/\/torredonjimenoactualidad.com\/index.php\/wp-json\/wp\/v2\/posts\/1606","targetHints":{"allow":["GET"]}}],"collection":[{"href":"https:\/\/torredonjimenoactualidad.com\/index.php\/wp-json\/wp\/v2\/posts"}],"about":[{"href":"https:\/\/torredonjimenoactualidad.com\/index.php\/wp-json\/wp\/v2\/types\/post"}],"author":[{"embeddable":true,"href":"https:\/\/torredonjimenoactualidad.com\/index.php\/wp-json\/wp\/v2\/users\/3"}],"replies":[{"embeddable":true,"href":"https:\/\/torredonjimenoactualidad.com\/index.php\/wp-json\/wp\/v2\/comments?post=1606"}],"version-history":[{"count":2,"href":"https:\/\/torredonjimenoactualidad.com\/index.php\/wp-json\/wp\/v2\/posts\/1606\/revisions"}],"predecessor-version":[{"id":1609,"href":"https:\/\/torredonjimenoactualidad.com\/index.php\/wp-json\/wp\/v2\/posts\/1606\/revisions\/1609"}],"wp:featuredmedia":[{"embeddable":true,"href":"https:\/\/torredonjimenoactualidad.com\/index.php\/wp-json\/wp\/v2\/media\/1607"}],"wp:attachment":[{"href":"https:\/\/torredonjimenoactualidad.com\/index.php\/wp-json\/wp\/v2\/media?parent=1606"}],"wp:term":[{"taxonomy":"category","embeddable":true,"href":"https:\/\/torredonjimenoactualidad.com\/index.php\/wp-json\/wp\/v2\/categories?post=1606"},{"taxonomy":"post_tag","embeddable":true,"href":"https:\/\/torredonjimenoactualidad.com\/index.php\/wp-json\/wp\/v2\/tags?post=1606"}],"curies":[{"name":"wp","href":"https:\/\/api.w.org\/{rel}","templated":true}]}}