{"id":1514,"date":"2024-02-12T15:20:39","date_gmt":"2024-02-12T15:20:39","guid":{"rendered":"https:\/\/torredonjimenoactualidad.com\/?p=1514"},"modified":"2024-02-12T15:20:41","modified_gmt":"2024-02-12T15:20:41","slug":"el-hospital-universitario-de-jaen-incorpora-un-nuevo-mamografo-de-ultima-generacion-disenado-por-mujeres","status":"publish","type":"post","link":"https:\/\/torredonjimenoactualidad.com\/index.php\/2024\/02\/12\/el-hospital-universitario-de-jaen-incorpora-un-nuevo-mamografo-de-ultima-generacion-disenado-por-mujeres\/","title":{"rendered":"El Hospital Universitario de Ja\u00e9n incorpora un nuevo mam\u00f3grafo de \u00faltima generaci\u00f3n dise\u00f1ado por mujeres"},"content":{"rendered":"\n<p>La Unidad de Radiodiagn\u00f3stico del Hospital Universitario de Ja\u00e9n ha incorporado un nuevo equipo de \u00faltima tecnolog\u00eda para el diagn\u00f3stico del c\u00e1ncer de mama. Se trata de un mam\u00f3grafo digital de \u00faltima generaci\u00f3n que proporciona una imagen de mayor precisi\u00f3n diagn\u00f3stica a la vez que se reduce la dosis de radiaci\u00f3n que reciben las pacientes.<\/p>\n\n\n\n<p>Adem\u00e1s, seg\u00fan ha informado la Junta de Andaluc\u00eda, el nuevo aparato ofrece la posibilidad de realizar mamograf\u00eda en 3D (tomos\u00edntesis), mamograf\u00eda con contraste y biopsia 3D.<\/p>\n\n\n\n<p>La delegada territorial de Salud y Consumo, Elena Gonz\u00e1lez, que ha visitado el centro, acompa\u00f1ada del director gerente del Hospital Universitario de Ja\u00e9n, Francisco Javier Vadillo, y la directora de la Unidad de Radiodiagn\u00f3stico, Arantxa Alc\u00e1zar, ha conocido de primera mano el equipamiento y ha agradecido el trabajo que realizan los profesionales de la Unidad de la Unidad de Diagn\u00f3stico por la Imagen de este hospital.<\/p>\n\n\n\n<p>Este mam\u00f3grafo, como novedad, incorpora la biopsia guiada por mamograf\u00eda con contraste, lo que permitir\u00e1 \u00abmejorar y acelerar\u00bb el diagn\u00f3stico de la patolog\u00eda mamaria, detectando y accediendo a lesiones que requerir\u00edan estudios \u00abmenos accesibles y m\u00e1s complejos\u00bb como la resonancia magn\u00e9tica. As\u00ed lo ha indicado Gonz\u00e1lez, que ha enfatizado que \u00abbeneficiar\u00e1 a 3.700 pacientes al a\u00f1o\u00bb<\/p>\n\n\n\n<p>Es un nuevo equipo espec\u00edficamente dise\u00f1ado por mujeres, de formas suaves, m\u00e1s confortable tanto para pacientes como para el personal t\u00e9cnico, que crea un ambiente m\u00e1s cercano en la sala mejorando globalmente la experiencia de la mamograf\u00eda.<\/p>\n\n\n\n<p>La implantaci\u00f3n de este equipo ha supuesto una inversi\u00f3n de algo m\u00e1s de 239.000 euros que componen el suministro del sistema de mamograf\u00eda y la adecuaci\u00f3n del espacio donde se realizan los estudios. Esta mejora ha sido posible gracias al trabajo de un grupo multidisciplinar de profesionales de distintos servicios del centro sanitario, entre los que se encuentran ingenieros, t\u00e9cnicos de funci\u00f3n administrativa, facultativos de Radiodiagn\u00f3stico y radiof\u00edsicos.<\/p>\n\n\n\n<p>Este avance en cuanto a la tecnolog\u00eda disponible es el comienzo de una renovaci\u00f3n integral del equipamiento de la Unidad de Diagn\u00f3stico por la Imagen que est\u00e1 llevando a cabo el Hospital Universitario de Ja\u00e9n, que ya cuenta con dos nuevas gammac\u00e1maras SPECT-TC, nuevos ec\u00f3grafos, arcos de quir\u00f3fano y equipos m\u00f3viles de RX, que se suman a la reciente puesta en marcha del nuevo PET-TAC.<\/p>\n","protected":false},"excerpt":{"rendered":"<p>La Unidad de Radiodiagn\u00f3stico del Hospital Universitario de Ja\u00e9n ha incorporado un nuevo equipo de \u00faltima tecnolog\u00eda para el diagn\u00f3stico del c\u00e1ncer de mama. Se trata de un mam\u00f3grafo digital de \u00faltima generaci\u00f3n que proporciona una imagen de mayor precisi\u00f3n diagn\u00f3stica a la vez que se reduce la dosis de radiaci\u00f3n que reciben las pacientes. &hellip;<\/p>\n<p class=\"read-more\"> <a class=\"\" href=\"https:\/\/torredonjimenoactualidad.com\/index.php\/2024\/02\/12\/el-hospital-universitario-de-jaen-incorpora-un-nuevo-mamografo-de-ultima-generacion-disenado-por-mujeres\/\"> <span class=\"screen-reader-text\">El Hospital Universitario de Ja\u00e9n incorpora un nuevo mam\u00f3grafo de \u00faltima generaci\u00f3n dise\u00f1ado por mujeres<\/span> Leer m\u00e1s &raquo;<\/a><\/p>\n","protected":false},"author":2,"featured_media":1515,"comment_status":"closed","ping_status":"open","sticky":false,"template":"","format":"standard","meta":{"site-sidebar-layout":"default","site-content-layout":"default","ast-global-header-display":"","ast-main-header-display":"","ast-hfb-above-header-display":"","ast-hfb-below-header-display":"","ast-hfb-mobile-header-display":"","site-post-title":"","ast-breadcrumbs-content":"","ast-featured-img":"","footer-sml-layout":"","theme-transparent-header-meta":"","adv-header-id-meta":"","stick-header-meta":"","header-above-stick-meta":"","header-main-stick-meta":"","header-below-stick-meta":"","footnotes":""},"categories":[8],"tags":[],"class_list":["post-1514","post","type-post","status-publish","format-standard","has-post-thumbnail","hentry","category-provincia"],"yoast_head":"<!-- This site is optimized with the Yoast SEO plugin v20.8 - https:\/\/yoast.com\/wordpress\/plugins\/seo\/ -->\n<title>El Hospital Universitario de Ja\u00e9n incorpora un nuevo mam\u00f3grafo de \u00faltima generaci\u00f3n dise\u00f1ado por mujeres - Torredonjimeno Actualidad<\/title>\n<meta name=\"robots\" content=\"index, follow, max-snippet:-1, max-image-preview:large, max-video-preview:-1\" \/>\n<link rel=\"canonical\" href=\"https:\/\/torredonjimenoactualidad.com\/index.php\/2024\/02\/12\/el-hospital-universitario-de-jaen-incorpora-un-nuevo-mamografo-de-ultima-generacion-disenado-por-mujeres\/\" \/>\n<meta property=\"og:locale\" content=\"es_ES\" \/>\n<meta property=\"og:type\" content=\"article\" \/>\n<meta property=\"og:title\" content=\"El Hospital Universitario de Ja\u00e9n incorpora un nuevo mam\u00f3grafo de \u00faltima generaci\u00f3n dise\u00f1ado por mujeres - Torredonjimeno Actualidad\" \/>\n<meta property=\"og:description\" content=\"La Unidad de Radiodiagn\u00f3stico del Hospital Universitario de Ja\u00e9n ha incorporado un nuevo equipo de \u00faltima tecnolog\u00eda para el diagn\u00f3stico del c\u00e1ncer de mama. Se trata de un mam\u00f3grafo digital de \u00faltima generaci\u00f3n que proporciona una imagen de mayor precisi\u00f3n diagn\u00f3stica a la vez que se reduce la dosis de radiaci\u00f3n que reciben las pacientes. &hellip; El Hospital Universitario de Ja\u00e9n incorpora un nuevo mam\u00f3grafo de \u00faltima generaci\u00f3n dise\u00f1ado por mujeres Leer m\u00e1s &raquo;\" \/>\n<meta property=\"og:url\" content=\"https:\/\/torredonjimenoactualidad.com\/index.php\/2024\/02\/12\/el-hospital-universitario-de-jaen-incorpora-un-nuevo-mamografo-de-ultima-generacion-disenado-por-mujeres\/\" \/>\n<meta property=\"og:site_name\" content=\"Torredonjimeno Actualidad\" \/>\n<meta property=\"article:published_time\" content=\"2024-02-12T15:20:39+00:00\" \/>\n<meta property=\"article:modified_time\" content=\"2024-02-12T15:20:41+00:00\" \/>\n<meta property=\"og:image\" content=\"https:\/\/torredonjimenoactualidad.com\/wp-content\/uploads\/2024\/02\/fotonoticia_20240212130650_1920.jpg\" \/>\n\t<meta property=\"og:image:width\" content=\"1920\" \/>\n\t<meta property=\"og:image:height\" content=\"1097\" \/>\n\t<meta property=\"og:image:type\" content=\"image\/jpeg\" \/>\n<meta name=\"author\" content=\"Alba Mar\u00eda Torres\" \/>\n<meta name=\"twitter:card\" content=\"summary_large_image\" \/>\n<meta name=\"twitter:label1\" content=\"Escrito por\" \/>\n\t<meta name=\"twitter:data1\" content=\"Alba Mar\u00eda Torres\" \/>\n\t<meta name=\"twitter:label2\" content=\"Tiempo de lectura\" \/>\n\t<meta name=\"twitter:data2\" content=\"2 minutos\" \/>\n<script type=\"application\/ld+json\" class=\"yoast-schema-graph\">{\"@context\":\"https:\/\/schema.org\",\"@graph\":[{\"@type\":\"Article\",\"@id\":\"https:\/\/torredonjimenoactualidad.com\/index.php\/2024\/02\/12\/el-hospital-universitario-de-jaen-incorpora-un-nuevo-mamografo-de-ultima-generacion-disenado-por-mujeres\/#article\",\"isPartOf\":{\"@id\":\"https:\/\/torredonjimenoactualidad.com\/index.php\/2024\/02\/12\/el-hospital-universitario-de-jaen-incorpora-un-nuevo-mamografo-de-ultima-generacion-disenado-por-mujeres\/\"},\"author\":{\"name\":\"Alba Mar\u00eda Torres\",\"@id\":\"https:\/\/torredonjimenoactualidad.com\/#\/schema\/person\/84de5f233e783ef2c75151a532b54977\"},\"headline\":\"El Hospital Universitario de Ja\u00e9n incorpora un nuevo mam\u00f3grafo de \u00faltima generaci\u00f3n dise\u00f1ado por mujeres\",\"datePublished\":\"2024-02-12T15:20:39+00:00\",\"dateModified\":\"2024-02-12T15:20:41+00:00\",\"mainEntityOfPage\":{\"@id\":\"https:\/\/torredonjimenoactualidad.com\/index.php\/2024\/02\/12\/el-hospital-universitario-de-jaen-incorpora-un-nuevo-mamografo-de-ultima-generacion-disenado-por-mujeres\/\"},\"wordCount\":444,\"publisher\":{\"@id\":\"https:\/\/torredonjimenoactualidad.com\/#organization\"},\"articleSection\":[\"provincia\"],\"inLanguage\":\"es\"},{\"@type\":\"WebPage\",\"@id\":\"https:\/\/torredonjimenoactualidad.com\/index.php\/2024\/02\/12\/el-hospital-universitario-de-jaen-incorpora-un-nuevo-mamografo-de-ultima-generacion-disenado-por-mujeres\/\",\"url\":\"https:\/\/torredonjimenoactualidad.com\/index.php\/2024\/02\/12\/el-hospital-universitario-de-jaen-incorpora-un-nuevo-mamografo-de-ultima-generacion-disenado-por-mujeres\/\",\"name\":\"El Hospital Universitario de Ja\u00e9n incorpora un nuevo mam\u00f3grafo de \u00faltima generaci\u00f3n dise\u00f1ado por mujeres - Torredonjimeno Actualidad\",\"isPartOf\":{\"@id\":\"https:\/\/torredonjimenoactualidad.com\/#website\"},\"datePublished\":\"2024-02-12T15:20:39+00:00\",\"dateModified\":\"2024-02-12T15:20:41+00:00\",\"breadcrumb\":{\"@id\":\"https:\/\/torredonjimenoactualidad.com\/index.php\/2024\/02\/12\/el-hospital-universitario-de-jaen-incorpora-un-nuevo-mamografo-de-ultima-generacion-disenado-por-mujeres\/#breadcrumb\"},\"inLanguage\":\"es\",\"potentialAction\":[{\"@type\":\"ReadAction\",\"target\":[\"https:\/\/torredonjimenoactualidad.com\/index.php\/2024\/02\/12\/el-hospital-universitario-de-jaen-incorpora-un-nuevo-mamografo-de-ultima-generacion-disenado-por-mujeres\/\"]}]},{\"@type\":\"BreadcrumbList\",\"@id\":\"https:\/\/torredonjimenoactualidad.com\/index.php\/2024\/02\/12\/el-hospital-universitario-de-jaen-incorpora-un-nuevo-mamografo-de-ultima-generacion-disenado-por-mujeres\/#breadcrumb\",\"itemListElement\":[{\"@type\":\"ListItem\",\"position\":1,\"name\":\"Portada\",\"item\":\"https:\/\/torredonjimenoactualidad.com\/\"},{\"@type\":\"ListItem\",\"position\":2,\"name\":\"El Hospital Universitario de Ja\u00e9n incorpora un nuevo mam\u00f3grafo de \u00faltima generaci\u00f3n dise\u00f1ado por mujeres\"}]},{\"@type\":\"WebSite\",\"@id\":\"https:\/\/torredonjimenoactualidad.com\/#website\",\"url\":\"https:\/\/torredonjimenoactualidad.com\/\",\"name\":\"Torredonjimeno Actualidad\",\"description\":\"\",\"publisher\":{\"@id\":\"https:\/\/torredonjimenoactualidad.com\/#organization\"},\"potentialAction\":[{\"@type\":\"SearchAction\",\"target\":{\"@type\":\"EntryPoint\",\"urlTemplate\":\"https:\/\/torredonjimenoactualidad.com\/?s={search_term_string}\"},\"query-input\":\"required name=search_term_string\"}],\"inLanguage\":\"es\"},{\"@type\":\"Organization\",\"@id\":\"https:\/\/torredonjimenoactualidad.com\/#organization\",\"name\":\"Torredonjimeno Actualidad\",\"url\":\"https:\/\/torredonjimenoactualidad.com\/\",\"logo\":{\"@type\":\"ImageObject\",\"inLanguage\":\"es\",\"@id\":\"https:\/\/torredonjimenoactualidad.com\/#\/schema\/logo\/image\/\",\"url\":\"https:\/\/torredonjimenoactualidad.com\/wp-content\/uploads\/2023\/02\/logo-torredonjimeno-544x180-1.png\",\"contentUrl\":\"https:\/\/torredonjimenoactualidad.com\/wp-content\/uploads\/2023\/02\/logo-torredonjimeno-544x180-1.png\",\"width\":545,\"height\":112,\"caption\":\"Torredonjimeno Actualidad\"},\"image\":{\"@id\":\"https:\/\/torredonjimenoactualidad.com\/#\/schema\/logo\/image\/\"}},{\"@type\":\"Person\",\"@id\":\"https:\/\/torredonjimenoactualidad.com\/#\/schema\/person\/84de5f233e783ef2c75151a532b54977\",\"name\":\"Alba Mar\u00eda Torres\",\"image\":{\"@type\":\"ImageObject\",\"inLanguage\":\"es\",\"@id\":\"https:\/\/torredonjimenoactualidad.com\/#\/schema\/person\/image\/\",\"url\":\"https:\/\/secure.gravatar.com\/avatar\/f9371f188c71501b4475a9ba2a71595850ec72967f800a2ed8e3e2102859ed65?s=96&d=mm&r=g\",\"contentUrl\":\"https:\/\/secure.gravatar.com\/avatar\/f9371f188c71501b4475a9ba2a71595850ec72967f800a2ed8e3e2102859ed65?s=96&d=mm&r=g\",\"caption\":\"Alba Mar\u00eda Torres\"},\"url\":\"https:\/\/torredonjimenoactualidad.com\/index.php\/author\/alba-torres\/\"}]}<\/script>\n<!-- \/ Yoast SEO plugin. -->","yoast_head_json":{"title":"El Hospital Universitario de Ja\u00e9n incorpora un nuevo mam\u00f3grafo de \u00faltima generaci\u00f3n dise\u00f1ado por mujeres - Torredonjimeno Actualidad","robots":{"index":"index","follow":"follow","max-snippet":"max-snippet:-1","max-image-preview":"max-image-preview:large","max-video-preview":"max-video-preview:-1"},"canonical":"https:\/\/torredonjimenoactualidad.com\/index.php\/2024\/02\/12\/el-hospital-universitario-de-jaen-incorpora-un-nuevo-mamografo-de-ultima-generacion-disenado-por-mujeres\/","og_locale":"es_ES","og_type":"article","og_title":"El Hospital Universitario de Ja\u00e9n incorpora un nuevo mam\u00f3grafo de \u00faltima generaci\u00f3n dise\u00f1ado por mujeres - Torredonjimeno Actualidad","og_description":"La Unidad de Radiodiagn\u00f3stico del Hospital Universitario de Ja\u00e9n ha incorporado un nuevo equipo de \u00faltima tecnolog\u00eda para el diagn\u00f3stico del c\u00e1ncer de mama. Se trata de un mam\u00f3grafo digital de \u00faltima generaci\u00f3n que proporciona una imagen de mayor precisi\u00f3n diagn\u00f3stica a la vez que se reduce la dosis de radiaci\u00f3n que reciben las pacientes. &hellip; El Hospital Universitario de Ja\u00e9n incorpora un nuevo mam\u00f3grafo de \u00faltima generaci\u00f3n dise\u00f1ado por mujeres Leer m\u00e1s &raquo;","og_url":"https:\/\/torredonjimenoactualidad.com\/index.php\/2024\/02\/12\/el-hospital-universitario-de-jaen-incorpora-un-nuevo-mamografo-de-ultima-generacion-disenado-por-mujeres\/","og_site_name":"Torredonjimeno Actualidad","article_published_time":"2024-02-12T15:20:39+00:00","article_modified_time":"2024-02-12T15:20:41+00:00","og_image":[{"width":1920,"height":1097,"url":"https:\/\/torredonjimenoactualidad.com\/wp-content\/uploads\/2024\/02\/fotonoticia_20240212130650_1920.jpg","type":"image\/jpeg"}],"author":"Alba Mar\u00eda Torres","twitter_card":"summary_large_image","twitter_misc":{"Escrito por":"Alba Mar\u00eda Torres","Tiempo de lectura":"2 minutos"},"schema":{"@context":"https:\/\/schema.org","@graph":[{"@type":"Article","@id":"https:\/\/torredonjimenoactualidad.com\/index.php\/2024\/02\/12\/el-hospital-universitario-de-jaen-incorpora-un-nuevo-mamografo-de-ultima-generacion-disenado-por-mujeres\/#article","isPartOf":{"@id":"https:\/\/torredonjimenoactualidad.com\/index.php\/2024\/02\/12\/el-hospital-universitario-de-jaen-incorpora-un-nuevo-mamografo-de-ultima-generacion-disenado-por-mujeres\/"},"author":{"name":"Alba Mar\u00eda Torres","@id":"https:\/\/torredonjimenoactualidad.com\/#\/schema\/person\/84de5f233e783ef2c75151a532b54977"},"headline":"El Hospital Universitario de Ja\u00e9n incorpora un nuevo mam\u00f3grafo de \u00faltima generaci\u00f3n dise\u00f1ado por mujeres","datePublished":"2024-02-12T15:20:39+00:00","dateModified":"2024-02-12T15:20:41+00:00","mainEntityOfPage":{"@id":"https:\/\/torredonjimenoactualidad.com\/index.php\/2024\/02\/12\/el-hospital-universitario-de-jaen-incorpora-un-nuevo-mamografo-de-ultima-generacion-disenado-por-mujeres\/"},"wordCount":444,"publisher":{"@id":"https:\/\/torredonjimenoactualidad.com\/#organization"},"articleSection":["provincia"],"inLanguage":"es"},{"@type":"WebPage","@id":"https:\/\/torredonjimenoactualidad.com\/index.php\/2024\/02\/12\/el-hospital-universitario-de-jaen-incorpora-un-nuevo-mamografo-de-ultima-generacion-disenado-por-mujeres\/","url":"https:\/\/torredonjimenoactualidad.com\/index.php\/2024\/02\/12\/el-hospital-universitario-de-jaen-incorpora-un-nuevo-mamografo-de-ultima-generacion-disenado-por-mujeres\/","name":"El Hospital Universitario de Ja\u00e9n incorpora un nuevo mam\u00f3grafo de \u00faltima generaci\u00f3n dise\u00f1ado por mujeres - Torredonjimeno Actualidad","isPartOf":{"@id":"https:\/\/torredonjimenoactualidad.com\/#website"},"datePublished":"2024-02-12T15:20:39+00:00","dateModified":"2024-02-12T15:20:41+00:00","breadcrumb":{"@id":"https:\/\/torredonjimenoactualidad.com\/index.php\/2024\/02\/12\/el-hospital-universitario-de-jaen-incorpora-un-nuevo-mamografo-de-ultima-generacion-disenado-por-mujeres\/#breadcrumb"},"inLanguage":"es","potentialAction":[{"@type":"ReadAction","target":["https:\/\/torredonjimenoactualidad.com\/index.php\/2024\/02\/12\/el-hospital-universitario-de-jaen-incorpora-un-nuevo-mamografo-de-ultima-generacion-disenado-por-mujeres\/"]}]},{"@type":"BreadcrumbList","@id":"https:\/\/torredonjimenoactualidad.com\/index.php\/2024\/02\/12\/el-hospital-universitario-de-jaen-incorpora-un-nuevo-mamografo-de-ultima-generacion-disenado-por-mujeres\/#breadcrumb","itemListElement":[{"@type":"ListItem","position":1,"name":"Portada","item":"https:\/\/torredonjimenoactualidad.com\/"},{"@type":"ListItem","position":2,"name":"El Hospital Universitario de Ja\u00e9n incorpora un nuevo mam\u00f3grafo de \u00faltima generaci\u00f3n dise\u00f1ado por mujeres"}]},{"@type":"WebSite","@id":"https:\/\/torredonjimenoactualidad.com\/#website","url":"https:\/\/torredonjimenoactualidad.com\/","name":"Torredonjimeno Actualidad","description":"","publisher":{"@id":"https:\/\/torredonjimenoactualidad.com\/#organization"},"potentialAction":[{"@type":"SearchAction","target":{"@type":"EntryPoint","urlTemplate":"https:\/\/torredonjimenoactualidad.com\/?s={search_term_string}"},"query-input":"required name=search_term_string"}],"inLanguage":"es"},{"@type":"Organization","@id":"https:\/\/torredonjimenoactualidad.com\/#organization","name":"Torredonjimeno Actualidad","url":"https:\/\/torredonjimenoactualidad.com\/","logo":{"@type":"ImageObject","inLanguage":"es","@id":"https:\/\/torredonjimenoactualidad.com\/#\/schema\/logo\/image\/","url":"https:\/\/torredonjimenoactualidad.com\/wp-content\/uploads\/2023\/02\/logo-torredonjimeno-544x180-1.png","contentUrl":"https:\/\/torredonjimenoactualidad.com\/wp-content\/uploads\/2023\/02\/logo-torredonjimeno-544x180-1.png","width":545,"height":112,"caption":"Torredonjimeno Actualidad"},"image":{"@id":"https:\/\/torredonjimenoactualidad.com\/#\/schema\/logo\/image\/"}},{"@type":"Person","@id":"https:\/\/torredonjimenoactualidad.com\/#\/schema\/person\/84de5f233e783ef2c75151a532b54977","name":"Alba Mar\u00eda Torres","image":{"@type":"ImageObject","inLanguage":"es","@id":"https:\/\/torredonjimenoactualidad.com\/#\/schema\/person\/image\/","url":"https:\/\/secure.gravatar.com\/avatar\/f9371f188c71501b4475a9ba2a71595850ec72967f800a2ed8e3e2102859ed65?s=96&d=mm&r=g","contentUrl":"https:\/\/secure.gravatar.com\/avatar\/f9371f188c71501b4475a9ba2a71595850ec72967f800a2ed8e3e2102859ed65?s=96&d=mm&r=g","caption":"Alba Mar\u00eda Torres"},"url":"https:\/\/torredonjimenoactualidad.com\/index.php\/author\/alba-torres\/"}]}},"_links":{"self":[{"href":"https:\/\/torredonjimenoactualidad.com\/index.php\/wp-json\/wp\/v2\/posts\/1514","targetHints":{"allow":["GET"]}}],"collection":[{"href":"https:\/\/torredonjimenoactualidad.com\/index.php\/wp-json\/wp\/v2\/posts"}],"about":[{"href":"https:\/\/torredonjimenoactualidad.com\/index.php\/wp-json\/wp\/v2\/types\/post"}],"author":[{"embeddable":true,"href":"https:\/\/torredonjimenoactualidad.com\/index.php\/wp-json\/wp\/v2\/users\/2"}],"replies":[{"embeddable":true,"href":"https:\/\/torredonjimenoactualidad.com\/index.php\/wp-json\/wp\/v2\/comments?post=1514"}],"version-history":[{"count":1,"href":"https:\/\/torredonjimenoactualidad.com\/index.php\/wp-json\/wp\/v2\/posts\/1514\/revisions"}],"predecessor-version":[{"id":1516,"href":"https:\/\/torredonjimenoactualidad.com\/index.php\/wp-json\/wp\/v2\/posts\/1514\/revisions\/1516"}],"wp:featuredmedia":[{"embeddable":true,"href":"https:\/\/torredonjimenoactualidad.com\/index.php\/wp-json\/wp\/v2\/media\/1515"}],"wp:attachment":[{"href":"https:\/\/torredonjimenoactualidad.com\/index.php\/wp-json\/wp\/v2\/media?parent=1514"}],"wp:term":[{"taxonomy":"category","embeddable":true,"href":"https:\/\/torredonjimenoactualidad.com\/index.php\/wp-json\/wp\/v2\/categories?post=1514"},{"taxonomy":"post_tag","embeddable":true,"href":"https:\/\/torredonjimenoactualidad.com\/index.php\/wp-json\/wp\/v2\/tags?post=1514"}],"curies":[{"name":"wp","href":"https:\/\/api.w.org\/{rel}","templated":true}]}}