{"id":1497,"date":"2024-02-06T13:44:03","date_gmt":"2024-02-06T13:44:03","guid":{"rendered":"https:\/\/torredonjimenoactualidad.com\/?p=1497"},"modified":"2024-02-06T13:44:04","modified_gmt":"2024-02-06T13:44:04","slug":"varias-personas-heridas-al-colisionar-un-vehiculo-con-otro-que-circulaba-en-sentido-contrario-por-la-autovia-a-316","status":"publish","type":"post","link":"https:\/\/torredonjimenoactualidad.com\/index.php\/2024\/02\/06\/varias-personas-heridas-al-colisionar-un-vehiculo-con-otro-que-circulaba-en-sentido-contrario-por-la-autovia-a-316\/","title":{"rendered":"Varias personas heridas al colisionar un veh\u00edculo con otro que circulaba en sentido contrario por la autov\u00eda A-316"},"content":{"rendered":"\n<p><strong>Varias personas, entre ellas un beb\u00e9, han resultado heridas tras colisionar un veh\u00edculo con otro que circulaba en sentido contrario<\/strong>&nbsp;en la autov\u00eda A-316 en las proximidades de Ja\u00e9n capital sentido Ja\u00e9n, seg\u00fan informa el&nbsp;112, servicio adscrito a la&nbsp;Consejer\u00eda de la Presidencia, Interior, Di\u00e1logo Social y Simplificaci\u00f3n Administrativa&nbsp;de la&nbsp;Junta.<\/p>\n\n\n\n<p>Varios ciudadanos llamaron al tel\u00e9fono 112 para informar de que un veh\u00edculo circulaba en sentido contrario en la&nbsp;<strong>A-316<\/strong>; seg\u00fan indicaban los testigos, el coche iba por el carril sentido Ja\u00e9n, pero circulaba en sentido Martos; tras estas primeras llamadas se recib\u00edan otras en las que se informaba de que&nbsp;<strong>el turismo que iba en sentido contrario hab\u00eda colisionado con otro en el kil\u00f3metro 54<\/strong>&nbsp;y pod\u00eda haber varios heridos, entre ellos un beb\u00e9.<\/p>\n\n\n\n<p>El 112 activ\u00f3 a la&nbsp;Guardia Civil de Tr\u00e1fico, a la<strong>&nbsp;Polic\u00eda Local&nbsp;<\/strong>y al Centro de Emergencias Sanitarias&nbsp;<strong>061<\/strong>, as\u00ed como a&nbsp;<strong>Mantenimiento&nbsp;<\/strong>de Carreteras.<\/p>\n\n\n\n<p>Fuentes del 061 han indicado que el veh\u00edculo en sentido contrario colision\u00f3 de manera frontolateral con otro turismo en el que viajaban una pareja y un beb\u00e9; el&nbsp;<strong>var\u00f3n, de 32 a\u00f1os, fue trasladado al hospital Neurotraumatol\u00f3gico de Ja\u00e9n<\/strong>.&nbsp;<strong>La mujer y el beb\u00e9 se desplazaron por medios propios al hospital Materno-Infantil en prevenci\u00f3n<\/strong>, ya que el beb\u00e9 presentaba lesiones en la cara ocasionadas por los cristales del coche.<\/p>\n\n\n\n<p><strong>Un tercer turismo sufri\u00f3 una salida de v\u00eda<\/strong>&nbsp;tras realizar una maniobra brusca para evitar el accidente. En este veh\u00edculo viajaban dos ocupantes, un hombre y una mujer, que se encontraba dolorida y que fue trasladada por familiares al Neurotraumatol\u00f3gico para una revisi\u00f3n, aunque su estado no revest\u00eda gravedad.<\/p>\n\n\n\n<p><strong>El conductor del turismo que circulaba en sentido contrario<\/strong>, un var\u00f3n de avanzada edad que al parecer conduc\u00eda de forma negligente por error, result\u00f3&nbsp;<strong>ileso<\/strong>. Durante la intervenci\u00f3n de los operativos en el lugar y la retirada de los veh\u00edculos implicados, se procedi\u00f3 al corte del carril izquierdo de la autov\u00eda.<\/p>\n","protected":false},"excerpt":{"rendered":"<p>Varias personas, entre ellas un beb\u00e9, han resultado heridas tras colisionar un veh\u00edculo con otro que circulaba en sentido contrario&nbsp;en la autov\u00eda A-316 en las proximidades de Ja\u00e9n capital sentido Ja\u00e9n, seg\u00fan informa el&nbsp;112, servicio adscrito a la&nbsp;Consejer\u00eda de la Presidencia, Interior, Di\u00e1logo Social y Simplificaci\u00f3n Administrativa&nbsp;de la&nbsp;Junta. Varios ciudadanos llamaron al tel\u00e9fono 112 para &hellip;<\/p>\n<p class=\"read-more\"> <a class=\"\" href=\"https:\/\/torredonjimenoactualidad.com\/index.php\/2024\/02\/06\/varias-personas-heridas-al-colisionar-un-vehiculo-con-otro-que-circulaba-en-sentido-contrario-por-la-autovia-a-316\/\"> <span class=\"screen-reader-text\">Varias personas heridas al colisionar un veh\u00edculo con otro que circulaba en sentido contrario por la autov\u00eda A-316<\/span> Leer m\u00e1s &raquo;<\/a><\/p>\n","protected":false},"author":2,"featured_media":1492,"comment_status":"open","ping_status":"open","sticky":false,"template":"","format":"standard","meta":{"site-sidebar-layout":"default","site-content-layout":"default","ast-global-header-display":"","ast-main-header-display":"","ast-hfb-above-header-display":"","ast-hfb-below-header-display":"","ast-hfb-mobile-header-display":"","site-post-title":"","ast-breadcrumbs-content":"","ast-featured-img":"","footer-sml-layout":"","theme-transparent-header-meta":"","adv-header-id-meta":"","stick-header-meta":"","header-above-stick-meta":"","header-main-stick-meta":"","header-below-stick-meta":"","footnotes":""},"categories":[8],"tags":[],"class_list":["post-1497","post","type-post","status-publish","format-standard","has-post-thumbnail","hentry","category-provincia"],"yoast_head":"<!-- This site is optimized with the Yoast SEO plugin v20.8 - https:\/\/yoast.com\/wordpress\/plugins\/seo\/ -->\n<title>Varias personas heridas al colisionar un veh\u00edculo con otro que circulaba en sentido contrario por la autov\u00eda A-316 - Torredonjimeno Actualidad<\/title>\n<meta name=\"robots\" content=\"index, follow, max-snippet:-1, max-image-preview:large, max-video-preview:-1\" \/>\n<link rel=\"canonical\" href=\"https:\/\/torredonjimenoactualidad.com\/index.php\/2024\/02\/06\/varias-personas-heridas-al-colisionar-un-vehiculo-con-otro-que-circulaba-en-sentido-contrario-por-la-autovia-a-316\/\" \/>\n<meta property=\"og:locale\" content=\"es_ES\" \/>\n<meta property=\"og:type\" content=\"article\" \/>\n<meta property=\"og:title\" content=\"Varias personas heridas al colisionar un veh\u00edculo con otro que circulaba en sentido contrario por la autov\u00eda A-316 - Torredonjimeno Actualidad\" \/>\n<meta property=\"og:description\" content=\"Varias personas, entre ellas un beb\u00e9, han resultado heridas tras colisionar un veh\u00edculo con otro que circulaba en sentido contrario&nbsp;en la autov\u00eda A-316 en las proximidades de Ja\u00e9n capital sentido Ja\u00e9n, seg\u00fan informa el&nbsp;112, servicio adscrito a la&nbsp;Consejer\u00eda de la Presidencia, Interior, Di\u00e1logo Social y Simplificaci\u00f3n Administrativa&nbsp;de la&nbsp;Junta. Varios ciudadanos llamaron al tel\u00e9fono 112 para &hellip; Varias personas heridas al colisionar un veh\u00edculo con otro que circulaba en sentido contrario por la autov\u00eda A-316 Leer m\u00e1s &raquo;\" \/>\n<meta property=\"og:url\" content=\"https:\/\/torredonjimenoactualidad.com\/index.php\/2024\/02\/06\/varias-personas-heridas-al-colisionar-un-vehiculo-con-otro-que-circulaba-en-sentido-contrario-por-la-autovia-a-316\/\" \/>\n<meta property=\"og:site_name\" content=\"Torredonjimeno Actualidad\" \/>\n<meta property=\"article:published_time\" content=\"2024-02-06T13:44:03+00:00\" \/>\n<meta property=\"article:modified_time\" content=\"2024-02-06T13:44:04+00:00\" \/>\n<meta property=\"og:image\" content=\"https:\/\/torredonjimenoactualidad.com\/wp-content\/uploads\/2024\/02\/1707207925985jaen-2.jpg\" \/>\n\t<meta property=\"og:image:width\" content=\"930\" \/>\n\t<meta property=\"og:image:height\" content=\"548\" \/>\n\t<meta property=\"og:image:type\" content=\"image\/jpeg\" \/>\n<meta name=\"author\" content=\"Alba Mar\u00eda Torres\" \/>\n<meta name=\"twitter:card\" content=\"summary_large_image\" \/>\n<meta name=\"twitter:label1\" content=\"Escrito por\" \/>\n\t<meta name=\"twitter:data1\" content=\"Alba Mar\u00eda Torres\" \/>\n\t<meta name=\"twitter:label2\" content=\"Tiempo de lectura\" \/>\n\t<meta name=\"twitter:data2\" content=\"2 minutos\" \/>\n<script type=\"application\/ld+json\" class=\"yoast-schema-graph\">{\"@context\":\"https:\/\/schema.org\",\"@graph\":[{\"@type\":\"Article\",\"@id\":\"https:\/\/torredonjimenoactualidad.com\/index.php\/2024\/02\/06\/varias-personas-heridas-al-colisionar-un-vehiculo-con-otro-que-circulaba-en-sentido-contrario-por-la-autovia-a-316\/#article\",\"isPartOf\":{\"@id\":\"https:\/\/torredonjimenoactualidad.com\/index.php\/2024\/02\/06\/varias-personas-heridas-al-colisionar-un-vehiculo-con-otro-que-circulaba-en-sentido-contrario-por-la-autovia-a-316\/\"},\"author\":{\"name\":\"Alba Mar\u00eda Torres\",\"@id\":\"https:\/\/torredonjimenoactualidad.com\/#\/schema\/person\/84de5f233e783ef2c75151a532b54977\"},\"headline\":\"Varias personas heridas al colisionar un veh\u00edculo con otro que circulaba en sentido contrario por la autov\u00eda A-316\",\"datePublished\":\"2024-02-06T13:44:03+00:00\",\"dateModified\":\"2024-02-06T13:44:04+00:00\",\"mainEntityOfPage\":{\"@id\":\"https:\/\/torredonjimenoactualidad.com\/index.php\/2024\/02\/06\/varias-personas-heridas-al-colisionar-un-vehiculo-con-otro-que-circulaba-en-sentido-contrario-por-la-autovia-a-316\/\"},\"wordCount\":387,\"commentCount\":0,\"publisher\":{\"@id\":\"https:\/\/torredonjimenoactualidad.com\/#organization\"},\"articleSection\":[\"provincia\"],\"inLanguage\":\"es\",\"potentialAction\":[{\"@type\":\"CommentAction\",\"name\":\"Comment\",\"target\":[\"https:\/\/torredonjimenoactualidad.com\/index.php\/2024\/02\/06\/varias-personas-heridas-al-colisionar-un-vehiculo-con-otro-que-circulaba-en-sentido-contrario-por-la-autovia-a-316\/#respond\"]}]},{\"@type\":\"WebPage\",\"@id\":\"https:\/\/torredonjimenoactualidad.com\/index.php\/2024\/02\/06\/varias-personas-heridas-al-colisionar-un-vehiculo-con-otro-que-circulaba-en-sentido-contrario-por-la-autovia-a-316\/\",\"url\":\"https:\/\/torredonjimenoactualidad.com\/index.php\/2024\/02\/06\/varias-personas-heridas-al-colisionar-un-vehiculo-con-otro-que-circulaba-en-sentido-contrario-por-la-autovia-a-316\/\",\"name\":\"Varias personas heridas al colisionar un veh\u00edculo con otro que circulaba en sentido contrario por la autov\u00eda A-316 - Torredonjimeno Actualidad\",\"isPartOf\":{\"@id\":\"https:\/\/torredonjimenoactualidad.com\/#website\"},\"datePublished\":\"2024-02-06T13:44:03+00:00\",\"dateModified\":\"2024-02-06T13:44:04+00:00\",\"breadcrumb\":{\"@id\":\"https:\/\/torredonjimenoactualidad.com\/index.php\/2024\/02\/06\/varias-personas-heridas-al-colisionar-un-vehiculo-con-otro-que-circulaba-en-sentido-contrario-por-la-autovia-a-316\/#breadcrumb\"},\"inLanguage\":\"es\",\"potentialAction\":[{\"@type\":\"ReadAction\",\"target\":[\"https:\/\/torredonjimenoactualidad.com\/index.php\/2024\/02\/06\/varias-personas-heridas-al-colisionar-un-vehiculo-con-otro-que-circulaba-en-sentido-contrario-por-la-autovia-a-316\/\"]}]},{\"@type\":\"BreadcrumbList\",\"@id\":\"https:\/\/torredonjimenoactualidad.com\/index.php\/2024\/02\/06\/varias-personas-heridas-al-colisionar-un-vehiculo-con-otro-que-circulaba-en-sentido-contrario-por-la-autovia-a-316\/#breadcrumb\",\"itemListElement\":[{\"@type\":\"ListItem\",\"position\":1,\"name\":\"Portada\",\"item\":\"https:\/\/torredonjimenoactualidad.com\/\"},{\"@type\":\"ListItem\",\"position\":2,\"name\":\"Varias personas heridas al colisionar un veh\u00edculo con otro que circulaba en sentido contrario por la autov\u00eda A-316\"}]},{\"@type\":\"WebSite\",\"@id\":\"https:\/\/torredonjimenoactualidad.com\/#website\",\"url\":\"https:\/\/torredonjimenoactualidad.com\/\",\"name\":\"Torredonjimeno Actualidad\",\"description\":\"\",\"publisher\":{\"@id\":\"https:\/\/torredonjimenoactualidad.com\/#organization\"},\"potentialAction\":[{\"@type\":\"SearchAction\",\"target\":{\"@type\":\"EntryPoint\",\"urlTemplate\":\"https:\/\/torredonjimenoactualidad.com\/?s={search_term_string}\"},\"query-input\":\"required name=search_term_string\"}],\"inLanguage\":\"es\"},{\"@type\":\"Organization\",\"@id\":\"https:\/\/torredonjimenoactualidad.com\/#organization\",\"name\":\"Torredonjimeno Actualidad\",\"url\":\"https:\/\/torredonjimenoactualidad.com\/\",\"logo\":{\"@type\":\"ImageObject\",\"inLanguage\":\"es\",\"@id\":\"https:\/\/torredonjimenoactualidad.com\/#\/schema\/logo\/image\/\",\"url\":\"https:\/\/torredonjimenoactualidad.com\/wp-content\/uploads\/2023\/02\/logo-torredonjimeno-544x180-1.png\",\"contentUrl\":\"https:\/\/torredonjimenoactualidad.com\/wp-content\/uploads\/2023\/02\/logo-torredonjimeno-544x180-1.png\",\"width\":545,\"height\":112,\"caption\":\"Torredonjimeno Actualidad\"},\"image\":{\"@id\":\"https:\/\/torredonjimenoactualidad.com\/#\/schema\/logo\/image\/\"}},{\"@type\":\"Person\",\"@id\":\"https:\/\/torredonjimenoactualidad.com\/#\/schema\/person\/84de5f233e783ef2c75151a532b54977\",\"name\":\"Alba Mar\u00eda Torres\",\"image\":{\"@type\":\"ImageObject\",\"inLanguage\":\"es\",\"@id\":\"https:\/\/torredonjimenoactualidad.com\/#\/schema\/person\/image\/\",\"url\":\"https:\/\/secure.gravatar.com\/avatar\/f9371f188c71501b4475a9ba2a71595850ec72967f800a2ed8e3e2102859ed65?s=96&d=mm&r=g\",\"contentUrl\":\"https:\/\/secure.gravatar.com\/avatar\/f9371f188c71501b4475a9ba2a71595850ec72967f800a2ed8e3e2102859ed65?s=96&d=mm&r=g\",\"caption\":\"Alba Mar\u00eda Torres\"},\"url\":\"https:\/\/torredonjimenoactualidad.com\/index.php\/author\/alba-torres\/\"}]}<\/script>\n<!-- \/ Yoast SEO plugin. -->","yoast_head_json":{"title":"Varias personas heridas al colisionar un veh\u00edculo con otro que circulaba en sentido contrario por la autov\u00eda A-316 - Torredonjimeno Actualidad","robots":{"index":"index","follow":"follow","max-snippet":"max-snippet:-1","max-image-preview":"max-image-preview:large","max-video-preview":"max-video-preview:-1"},"canonical":"https:\/\/torredonjimenoactualidad.com\/index.php\/2024\/02\/06\/varias-personas-heridas-al-colisionar-un-vehiculo-con-otro-que-circulaba-en-sentido-contrario-por-la-autovia-a-316\/","og_locale":"es_ES","og_type":"article","og_title":"Varias personas heridas al colisionar un veh\u00edculo con otro que circulaba en sentido contrario por la autov\u00eda A-316 - Torredonjimeno Actualidad","og_description":"Varias personas, entre ellas un beb\u00e9, han resultado heridas tras colisionar un veh\u00edculo con otro que circulaba en sentido contrario&nbsp;en la autov\u00eda A-316 en las proximidades de Ja\u00e9n capital sentido Ja\u00e9n, seg\u00fan informa el&nbsp;112, servicio adscrito a la&nbsp;Consejer\u00eda de la Presidencia, Interior, Di\u00e1logo Social y Simplificaci\u00f3n Administrativa&nbsp;de la&nbsp;Junta. Varios ciudadanos llamaron al tel\u00e9fono 112 para &hellip; Varias personas heridas al colisionar un veh\u00edculo con otro que circulaba en sentido contrario por la autov\u00eda A-316 Leer m\u00e1s &raquo;","og_url":"https:\/\/torredonjimenoactualidad.com\/index.php\/2024\/02\/06\/varias-personas-heridas-al-colisionar-un-vehiculo-con-otro-que-circulaba-en-sentido-contrario-por-la-autovia-a-316\/","og_site_name":"Torredonjimeno Actualidad","article_published_time":"2024-02-06T13:44:03+00:00","article_modified_time":"2024-02-06T13:44:04+00:00","og_image":[{"width":930,"height":548,"url":"https:\/\/torredonjimenoactualidad.com\/wp-content\/uploads\/2024\/02\/1707207925985jaen-2.jpg","type":"image\/jpeg"}],"author":"Alba Mar\u00eda Torres","twitter_card":"summary_large_image","twitter_misc":{"Escrito por":"Alba Mar\u00eda Torres","Tiempo de lectura":"2 minutos"},"schema":{"@context":"https:\/\/schema.org","@graph":[{"@type":"Article","@id":"https:\/\/torredonjimenoactualidad.com\/index.php\/2024\/02\/06\/varias-personas-heridas-al-colisionar-un-vehiculo-con-otro-que-circulaba-en-sentido-contrario-por-la-autovia-a-316\/#article","isPartOf":{"@id":"https:\/\/torredonjimenoactualidad.com\/index.php\/2024\/02\/06\/varias-personas-heridas-al-colisionar-un-vehiculo-con-otro-que-circulaba-en-sentido-contrario-por-la-autovia-a-316\/"},"author":{"name":"Alba Mar\u00eda Torres","@id":"https:\/\/torredonjimenoactualidad.com\/#\/schema\/person\/84de5f233e783ef2c75151a532b54977"},"headline":"Varias personas heridas al colisionar un veh\u00edculo con otro que circulaba en sentido contrario por la autov\u00eda A-316","datePublished":"2024-02-06T13:44:03+00:00","dateModified":"2024-02-06T13:44:04+00:00","mainEntityOfPage":{"@id":"https:\/\/torredonjimenoactualidad.com\/index.php\/2024\/02\/06\/varias-personas-heridas-al-colisionar-un-vehiculo-con-otro-que-circulaba-en-sentido-contrario-por-la-autovia-a-316\/"},"wordCount":387,"commentCount":0,"publisher":{"@id":"https:\/\/torredonjimenoactualidad.com\/#organization"},"articleSection":["provincia"],"inLanguage":"es","potentialAction":[{"@type":"CommentAction","name":"Comment","target":["https:\/\/torredonjimenoactualidad.com\/index.php\/2024\/02\/06\/varias-personas-heridas-al-colisionar-un-vehiculo-con-otro-que-circulaba-en-sentido-contrario-por-la-autovia-a-316\/#respond"]}]},{"@type":"WebPage","@id":"https:\/\/torredonjimenoactualidad.com\/index.php\/2024\/02\/06\/varias-personas-heridas-al-colisionar-un-vehiculo-con-otro-que-circulaba-en-sentido-contrario-por-la-autovia-a-316\/","url":"https:\/\/torredonjimenoactualidad.com\/index.php\/2024\/02\/06\/varias-personas-heridas-al-colisionar-un-vehiculo-con-otro-que-circulaba-en-sentido-contrario-por-la-autovia-a-316\/","name":"Varias personas heridas al colisionar un veh\u00edculo con otro que circulaba en sentido contrario por la autov\u00eda A-316 - Torredonjimeno Actualidad","isPartOf":{"@id":"https:\/\/torredonjimenoactualidad.com\/#website"},"datePublished":"2024-02-06T13:44:03+00:00","dateModified":"2024-02-06T13:44:04+00:00","breadcrumb":{"@id":"https:\/\/torredonjimenoactualidad.com\/index.php\/2024\/02\/06\/varias-personas-heridas-al-colisionar-un-vehiculo-con-otro-que-circulaba-en-sentido-contrario-por-la-autovia-a-316\/#breadcrumb"},"inLanguage":"es","potentialAction":[{"@type":"ReadAction","target":["https:\/\/torredonjimenoactualidad.com\/index.php\/2024\/02\/06\/varias-personas-heridas-al-colisionar-un-vehiculo-con-otro-que-circulaba-en-sentido-contrario-por-la-autovia-a-316\/"]}]},{"@type":"BreadcrumbList","@id":"https:\/\/torredonjimenoactualidad.com\/index.php\/2024\/02\/06\/varias-personas-heridas-al-colisionar-un-vehiculo-con-otro-que-circulaba-en-sentido-contrario-por-la-autovia-a-316\/#breadcrumb","itemListElement":[{"@type":"ListItem","position":1,"name":"Portada","item":"https:\/\/torredonjimenoactualidad.com\/"},{"@type":"ListItem","position":2,"name":"Varias personas heridas al colisionar un veh\u00edculo con otro que circulaba en sentido contrario por la autov\u00eda A-316"}]},{"@type":"WebSite","@id":"https:\/\/torredonjimenoactualidad.com\/#website","url":"https:\/\/torredonjimenoactualidad.com\/","name":"Torredonjimeno Actualidad","description":"","publisher":{"@id":"https:\/\/torredonjimenoactualidad.com\/#organization"},"potentialAction":[{"@type":"SearchAction","target":{"@type":"EntryPoint","urlTemplate":"https:\/\/torredonjimenoactualidad.com\/?s={search_term_string}"},"query-input":"required name=search_term_string"}],"inLanguage":"es"},{"@type":"Organization","@id":"https:\/\/torredonjimenoactualidad.com\/#organization","name":"Torredonjimeno Actualidad","url":"https:\/\/torredonjimenoactualidad.com\/","logo":{"@type":"ImageObject","inLanguage":"es","@id":"https:\/\/torredonjimenoactualidad.com\/#\/schema\/logo\/image\/","url":"https:\/\/torredonjimenoactualidad.com\/wp-content\/uploads\/2023\/02\/logo-torredonjimeno-544x180-1.png","contentUrl":"https:\/\/torredonjimenoactualidad.com\/wp-content\/uploads\/2023\/02\/logo-torredonjimeno-544x180-1.png","width":545,"height":112,"caption":"Torredonjimeno Actualidad"},"image":{"@id":"https:\/\/torredonjimenoactualidad.com\/#\/schema\/logo\/image\/"}},{"@type":"Person","@id":"https:\/\/torredonjimenoactualidad.com\/#\/schema\/person\/84de5f233e783ef2c75151a532b54977","name":"Alba Mar\u00eda Torres","image":{"@type":"ImageObject","inLanguage":"es","@id":"https:\/\/torredonjimenoactualidad.com\/#\/schema\/person\/image\/","url":"https:\/\/secure.gravatar.com\/avatar\/f9371f188c71501b4475a9ba2a71595850ec72967f800a2ed8e3e2102859ed65?s=96&d=mm&r=g","contentUrl":"https:\/\/secure.gravatar.com\/avatar\/f9371f188c71501b4475a9ba2a71595850ec72967f800a2ed8e3e2102859ed65?s=96&d=mm&r=g","caption":"Alba Mar\u00eda Torres"},"url":"https:\/\/torredonjimenoactualidad.com\/index.php\/author\/alba-torres\/"}]}},"_links":{"self":[{"href":"https:\/\/torredonjimenoactualidad.com\/index.php\/wp-json\/wp\/v2\/posts\/1497","targetHints":{"allow":["GET"]}}],"collection":[{"href":"https:\/\/torredonjimenoactualidad.com\/index.php\/wp-json\/wp\/v2\/posts"}],"about":[{"href":"https:\/\/torredonjimenoactualidad.com\/index.php\/wp-json\/wp\/v2\/types\/post"}],"author":[{"embeddable":true,"href":"https:\/\/torredonjimenoactualidad.com\/index.php\/wp-json\/wp\/v2\/users\/2"}],"replies":[{"embeddable":true,"href":"https:\/\/torredonjimenoactualidad.com\/index.php\/wp-json\/wp\/v2\/comments?post=1497"}],"version-history":[{"count":1,"href":"https:\/\/torredonjimenoactualidad.com\/index.php\/wp-json\/wp\/v2\/posts\/1497\/revisions"}],"predecessor-version":[{"id":1498,"href":"https:\/\/torredonjimenoactualidad.com\/index.php\/wp-json\/wp\/v2\/posts\/1497\/revisions\/1498"}],"wp:featuredmedia":[{"embeddable":true,"href":"https:\/\/torredonjimenoactualidad.com\/index.php\/wp-json\/wp\/v2\/media\/1492"}],"wp:attachment":[{"href":"https:\/\/torredonjimenoactualidad.com\/index.php\/wp-json\/wp\/v2\/media?parent=1497"}],"wp:term":[{"taxonomy":"category","embeddable":true,"href":"https:\/\/torredonjimenoactualidad.com\/index.php\/wp-json\/wp\/v2\/categories?post=1497"},{"taxonomy":"post_tag","embeddable":true,"href":"https:\/\/torredonjimenoactualidad.com\/index.php\/wp-json\/wp\/v2\/tags?post=1497"}],"curies":[{"name":"wp","href":"https:\/\/api.w.org\/{rel}","templated":true}]}}