{"id":1436,"date":"2024-01-23T20:30:40","date_gmt":"2024-01-23T20:30:40","guid":{"rendered":"https:\/\/torredonjimenoactualidad.com\/?p=1436"},"modified":"2024-01-23T20:30:41","modified_gmt":"2024-01-23T20:30:41","slug":"abierto-hasta-el-proximo-29-de-enero-el-plazo-de-inscripcion-para-el-coac-2024-en-torredonjimeno","status":"publish","type":"post","link":"https:\/\/torredonjimenoactualidad.com\/index.php\/2024\/01\/23\/abierto-hasta-el-proximo-29-de-enero-el-plazo-de-inscripcion-para-el-coac-2024-en-torredonjimeno\/","title":{"rendered":"Abierto hasta el pr\u00f3ximo 29 de enero el plazo de inscripci\u00f3n para el COAC 2024 en Torredonjimeno"},"content":{"rendered":"\n<p>Hasta el pr\u00f3ximo lunes 29 de enero se encuentra abierto el plazo de inscripciones para el Concurso de Agrupaciones de Carnaval 2024 en Torredonjimeno, que este a\u00f1o tiene prevista la celebraci\u00f3n de sus semifinales los d\u00edas 2,3 y 4 y la final el d\u00eda 9 de febrero. <\/p>\n\n\n\n<p>Una vez concluido el plazo de inscripciones, desde CHATO se tiene previsto hacer p\u00fablico el orden de intervenciones el mi\u00e9rcoles d\u00eda 31 de enero.<\/p>\n\n\n\n<p>AQU\u00cd PUEDES CONSULTAR LAS BASES <a href=\"https:\/\/drive.google.com\/file\/d\/1FOXBa6iQymTSFbaUS2XNvk3Qg9rwwP8K\/view?usp=share_link\">https:\/\/drive.google.com\/file\/d\/1FOXBa6iQymTSFbaUS2XNvk3Qg9rwwP8K\/view?usp=share_link<\/a><\/p>\n","protected":false},"excerpt":{"rendered":"<p>Hasta el pr\u00f3ximo lunes 29 de enero se encuentra abierto el plazo de inscripciones para el Concurso de Agrupaciones de Carnaval 2024 en Torredonjimeno, que este a\u00f1o tiene prevista la celebraci\u00f3n de sus semifinales los d\u00edas 2,3 y 4 y la final el d\u00eda 9 de febrero. Una vez concluido el plazo de inscripciones, desde &hellip;<\/p>\n<p class=\"read-more\"> <a class=\"\" href=\"https:\/\/torredonjimenoactualidad.com\/index.php\/2024\/01\/23\/abierto-hasta-el-proximo-29-de-enero-el-plazo-de-inscripcion-para-el-coac-2024-en-torredonjimeno\/\"> <span class=\"screen-reader-text\">Abierto hasta el pr\u00f3ximo 29 de enero el plazo de inscripci\u00f3n para el COAC 2024 en Torredonjimeno<\/span> Leer m\u00e1s &raquo;<\/a><\/p>\n","protected":false},"author":2,"featured_media":1437,"comment_status":"open","ping_status":"open","sticky":false,"template":"","format":"standard","meta":{"site-sidebar-layout":"default","site-content-layout":"default","ast-global-header-display":"","ast-main-header-display":"","ast-hfb-above-header-display":"","ast-hfb-below-header-display":"","ast-hfb-mobile-header-display":"","site-post-title":"","ast-breadcrumbs-content":"","ast-featured-img":"","footer-sml-layout":"","theme-transparent-header-meta":"","adv-header-id-meta":"","stick-header-meta":"","header-above-stick-meta":"","header-main-stick-meta":"","header-below-stick-meta":"","footnotes":""},"categories":[7],"tags":[],"class_list":["post-1436","post","type-post","status-publish","format-standard","has-post-thumbnail","hentry","category-local"],"yoast_head":"<!-- This site is optimized with the Yoast SEO plugin v20.8 - https:\/\/yoast.com\/wordpress\/plugins\/seo\/ -->\n<title>Abierto hasta el pr\u00f3ximo 29 de enero el plazo de inscripci\u00f3n para el COAC 2024 en Torredonjimeno - Torredonjimeno Actualidad<\/title>\n<meta name=\"robots\" content=\"index, follow, max-snippet:-1, max-image-preview:large, max-video-preview:-1\" \/>\n<link rel=\"canonical\" href=\"https:\/\/torredonjimenoactualidad.com\/index.php\/2024\/01\/23\/abierto-hasta-el-proximo-29-de-enero-el-plazo-de-inscripcion-para-el-coac-2024-en-torredonjimeno\/\" \/>\n<meta property=\"og:locale\" content=\"es_ES\" \/>\n<meta property=\"og:type\" content=\"article\" \/>\n<meta property=\"og:title\" content=\"Abierto hasta el pr\u00f3ximo 29 de enero el plazo de inscripci\u00f3n para el COAC 2024 en Torredonjimeno - Torredonjimeno Actualidad\" \/>\n<meta property=\"og:description\" content=\"Hasta el pr\u00f3ximo lunes 29 de enero se encuentra abierto el plazo de inscripciones para el Concurso de Agrupaciones de Carnaval 2024 en Torredonjimeno, que este a\u00f1o tiene prevista la celebraci\u00f3n de sus semifinales los d\u00edas 2,3 y 4 y la final el d\u00eda 9 de febrero. Una vez concluido el plazo de inscripciones, desde &hellip; Abierto hasta el pr\u00f3ximo 29 de enero el plazo de inscripci\u00f3n para el COAC 2024 en Torredonjimeno Leer m\u00e1s &raquo;\" \/>\n<meta property=\"og:url\" content=\"https:\/\/torredonjimenoactualidad.com\/index.php\/2024\/01\/23\/abierto-hasta-el-proximo-29-de-enero-el-plazo-de-inscripcion-para-el-coac-2024-en-torredonjimeno\/\" \/>\n<meta property=\"og:site_name\" content=\"Torredonjimeno Actualidad\" \/>\n<meta property=\"article:published_time\" content=\"2024-01-23T20:30:40+00:00\" \/>\n<meta property=\"article:modified_time\" content=\"2024-01-23T20:30:41+00:00\" \/>\n<meta property=\"og:image\" content=\"https:\/\/torredonjimenoactualidad.com\/wp-content\/uploads\/2024\/01\/330250303_654919336633550_2452787520147703611_n.jpg\" \/>\n\t<meta property=\"og:image:width\" content=\"1920\" \/>\n\t<meta property=\"og:image:height\" content=\"1080\" \/>\n\t<meta property=\"og:image:type\" content=\"image\/jpeg\" \/>\n<meta name=\"author\" content=\"Alba Mar\u00eda Torres\" \/>\n<meta name=\"twitter:card\" content=\"summary_large_image\" \/>\n<meta name=\"twitter:label1\" content=\"Escrito por\" \/>\n\t<meta name=\"twitter:data1\" content=\"Alba Mar\u00eda Torres\" \/>\n\t<meta name=\"twitter:label2\" content=\"Tiempo de lectura\" \/>\n\t<meta name=\"twitter:data2\" content=\"1 minuto\" \/>\n<script type=\"application\/ld+json\" class=\"yoast-schema-graph\">{\"@context\":\"https:\/\/schema.org\",\"@graph\":[{\"@type\":\"Article\",\"@id\":\"https:\/\/torredonjimenoactualidad.com\/index.php\/2024\/01\/23\/abierto-hasta-el-proximo-29-de-enero-el-plazo-de-inscripcion-para-el-coac-2024-en-torredonjimeno\/#article\",\"isPartOf\":{\"@id\":\"https:\/\/torredonjimenoactualidad.com\/index.php\/2024\/01\/23\/abierto-hasta-el-proximo-29-de-enero-el-plazo-de-inscripcion-para-el-coac-2024-en-torredonjimeno\/\"},\"author\":{\"name\":\"Alba Mar\u00eda Torres\",\"@id\":\"https:\/\/torredonjimenoactualidad.com\/#\/schema\/person\/84de5f233e783ef2c75151a532b54977\"},\"headline\":\"Abierto hasta el pr\u00f3ximo 29 de enero el plazo de inscripci\u00f3n para el COAC 2024 en Torredonjimeno\",\"datePublished\":\"2024-01-23T20:30:40+00:00\",\"dateModified\":\"2024-01-23T20:30:41+00:00\",\"mainEntityOfPage\":{\"@id\":\"https:\/\/torredonjimenoactualidad.com\/index.php\/2024\/01\/23\/abierto-hasta-el-proximo-29-de-enero-el-plazo-de-inscripcion-para-el-coac-2024-en-torredonjimeno\/\"},\"wordCount\":111,\"commentCount\":0,\"publisher\":{\"@id\":\"https:\/\/torredonjimenoactualidad.com\/#organization\"},\"articleSection\":[\"local\"],\"inLanguage\":\"es\",\"potentialAction\":[{\"@type\":\"CommentAction\",\"name\":\"Comment\",\"target\":[\"https:\/\/torredonjimenoactualidad.com\/index.php\/2024\/01\/23\/abierto-hasta-el-proximo-29-de-enero-el-plazo-de-inscripcion-para-el-coac-2024-en-torredonjimeno\/#respond\"]}]},{\"@type\":\"WebPage\",\"@id\":\"https:\/\/torredonjimenoactualidad.com\/index.php\/2024\/01\/23\/abierto-hasta-el-proximo-29-de-enero-el-plazo-de-inscripcion-para-el-coac-2024-en-torredonjimeno\/\",\"url\":\"https:\/\/torredonjimenoactualidad.com\/index.php\/2024\/01\/23\/abierto-hasta-el-proximo-29-de-enero-el-plazo-de-inscripcion-para-el-coac-2024-en-torredonjimeno\/\",\"name\":\"Abierto hasta el pr\u00f3ximo 29 de enero el plazo de inscripci\u00f3n para el COAC 2024 en Torredonjimeno - Torredonjimeno Actualidad\",\"isPartOf\":{\"@id\":\"https:\/\/torredonjimenoactualidad.com\/#website\"},\"datePublished\":\"2024-01-23T20:30:40+00:00\",\"dateModified\":\"2024-01-23T20:30:41+00:00\",\"breadcrumb\":{\"@id\":\"https:\/\/torredonjimenoactualidad.com\/index.php\/2024\/01\/23\/abierto-hasta-el-proximo-29-de-enero-el-plazo-de-inscripcion-para-el-coac-2024-en-torredonjimeno\/#breadcrumb\"},\"inLanguage\":\"es\",\"potentialAction\":[{\"@type\":\"ReadAction\",\"target\":[\"https:\/\/torredonjimenoactualidad.com\/index.php\/2024\/01\/23\/abierto-hasta-el-proximo-29-de-enero-el-plazo-de-inscripcion-para-el-coac-2024-en-torredonjimeno\/\"]}]},{\"@type\":\"BreadcrumbList\",\"@id\":\"https:\/\/torredonjimenoactualidad.com\/index.php\/2024\/01\/23\/abierto-hasta-el-proximo-29-de-enero-el-plazo-de-inscripcion-para-el-coac-2024-en-torredonjimeno\/#breadcrumb\",\"itemListElement\":[{\"@type\":\"ListItem\",\"position\":1,\"name\":\"Portada\",\"item\":\"https:\/\/torredonjimenoactualidad.com\/\"},{\"@type\":\"ListItem\",\"position\":2,\"name\":\"Abierto hasta el pr\u00f3ximo 29 de enero el plazo de inscripci\u00f3n para el COAC 2024 en Torredonjimeno\"}]},{\"@type\":\"WebSite\",\"@id\":\"https:\/\/torredonjimenoactualidad.com\/#website\",\"url\":\"https:\/\/torredonjimenoactualidad.com\/\",\"name\":\"Torredonjimeno Actualidad\",\"description\":\"\",\"publisher\":{\"@id\":\"https:\/\/torredonjimenoactualidad.com\/#organization\"},\"potentialAction\":[{\"@type\":\"SearchAction\",\"target\":{\"@type\":\"EntryPoint\",\"urlTemplate\":\"https:\/\/torredonjimenoactualidad.com\/?s={search_term_string}\"},\"query-input\":\"required name=search_term_string\"}],\"inLanguage\":\"es\"},{\"@type\":\"Organization\",\"@id\":\"https:\/\/torredonjimenoactualidad.com\/#organization\",\"name\":\"Torredonjimeno Actualidad\",\"url\":\"https:\/\/torredonjimenoactualidad.com\/\",\"logo\":{\"@type\":\"ImageObject\",\"inLanguage\":\"es\",\"@id\":\"https:\/\/torredonjimenoactualidad.com\/#\/schema\/logo\/image\/\",\"url\":\"https:\/\/torredonjimenoactualidad.com\/wp-content\/uploads\/2023\/02\/logo-torredonjimeno-544x180-1.png\",\"contentUrl\":\"https:\/\/torredonjimenoactualidad.com\/wp-content\/uploads\/2023\/02\/logo-torredonjimeno-544x180-1.png\",\"width\":545,\"height\":112,\"caption\":\"Torredonjimeno Actualidad\"},\"image\":{\"@id\":\"https:\/\/torredonjimenoactualidad.com\/#\/schema\/logo\/image\/\"}},{\"@type\":\"Person\",\"@id\":\"https:\/\/torredonjimenoactualidad.com\/#\/schema\/person\/84de5f233e783ef2c75151a532b54977\",\"name\":\"Alba Mar\u00eda Torres\",\"image\":{\"@type\":\"ImageObject\",\"inLanguage\":\"es\",\"@id\":\"https:\/\/torredonjimenoactualidad.com\/#\/schema\/person\/image\/\",\"url\":\"https:\/\/secure.gravatar.com\/avatar\/f9371f188c71501b4475a9ba2a71595850ec72967f800a2ed8e3e2102859ed65?s=96&d=mm&r=g\",\"contentUrl\":\"https:\/\/secure.gravatar.com\/avatar\/f9371f188c71501b4475a9ba2a71595850ec72967f800a2ed8e3e2102859ed65?s=96&d=mm&r=g\",\"caption\":\"Alba Mar\u00eda Torres\"},\"url\":\"https:\/\/torredonjimenoactualidad.com\/index.php\/author\/alba-torres\/\"}]}<\/script>\n<!-- \/ Yoast SEO plugin. -->","yoast_head_json":{"title":"Abierto hasta el pr\u00f3ximo 29 de enero el plazo de inscripci\u00f3n para el COAC 2024 en Torredonjimeno - Torredonjimeno Actualidad","robots":{"index":"index","follow":"follow","max-snippet":"max-snippet:-1","max-image-preview":"max-image-preview:large","max-video-preview":"max-video-preview:-1"},"canonical":"https:\/\/torredonjimenoactualidad.com\/index.php\/2024\/01\/23\/abierto-hasta-el-proximo-29-de-enero-el-plazo-de-inscripcion-para-el-coac-2024-en-torredonjimeno\/","og_locale":"es_ES","og_type":"article","og_title":"Abierto hasta el pr\u00f3ximo 29 de enero el plazo de inscripci\u00f3n para el COAC 2024 en Torredonjimeno - Torredonjimeno Actualidad","og_description":"Hasta el pr\u00f3ximo lunes 29 de enero se encuentra abierto el plazo de inscripciones para el Concurso de Agrupaciones de Carnaval 2024 en Torredonjimeno, que este a\u00f1o tiene prevista la celebraci\u00f3n de sus semifinales los d\u00edas 2,3 y 4 y la final el d\u00eda 9 de febrero. Una vez concluido el plazo de inscripciones, desde &hellip; Abierto hasta el pr\u00f3ximo 29 de enero el plazo de inscripci\u00f3n para el COAC 2024 en Torredonjimeno Leer m\u00e1s &raquo;","og_url":"https:\/\/torredonjimenoactualidad.com\/index.php\/2024\/01\/23\/abierto-hasta-el-proximo-29-de-enero-el-plazo-de-inscripcion-para-el-coac-2024-en-torredonjimeno\/","og_site_name":"Torredonjimeno Actualidad","article_published_time":"2024-01-23T20:30:40+00:00","article_modified_time":"2024-01-23T20:30:41+00:00","og_image":[{"width":1920,"height":1080,"url":"https:\/\/torredonjimenoactualidad.com\/wp-content\/uploads\/2024\/01\/330250303_654919336633550_2452787520147703611_n.jpg","type":"image\/jpeg"}],"author":"Alba Mar\u00eda Torres","twitter_card":"summary_large_image","twitter_misc":{"Escrito por":"Alba Mar\u00eda Torres","Tiempo de lectura":"1 minuto"},"schema":{"@context":"https:\/\/schema.org","@graph":[{"@type":"Article","@id":"https:\/\/torredonjimenoactualidad.com\/index.php\/2024\/01\/23\/abierto-hasta-el-proximo-29-de-enero-el-plazo-de-inscripcion-para-el-coac-2024-en-torredonjimeno\/#article","isPartOf":{"@id":"https:\/\/torredonjimenoactualidad.com\/index.php\/2024\/01\/23\/abierto-hasta-el-proximo-29-de-enero-el-plazo-de-inscripcion-para-el-coac-2024-en-torredonjimeno\/"},"author":{"name":"Alba Mar\u00eda Torres","@id":"https:\/\/torredonjimenoactualidad.com\/#\/schema\/person\/84de5f233e783ef2c75151a532b54977"},"headline":"Abierto hasta el pr\u00f3ximo 29 de enero el plazo de inscripci\u00f3n para el COAC 2024 en Torredonjimeno","datePublished":"2024-01-23T20:30:40+00:00","dateModified":"2024-01-23T20:30:41+00:00","mainEntityOfPage":{"@id":"https:\/\/torredonjimenoactualidad.com\/index.php\/2024\/01\/23\/abierto-hasta-el-proximo-29-de-enero-el-plazo-de-inscripcion-para-el-coac-2024-en-torredonjimeno\/"},"wordCount":111,"commentCount":0,"publisher":{"@id":"https:\/\/torredonjimenoactualidad.com\/#organization"},"articleSection":["local"],"inLanguage":"es","potentialAction":[{"@type":"CommentAction","name":"Comment","target":["https:\/\/torredonjimenoactualidad.com\/index.php\/2024\/01\/23\/abierto-hasta-el-proximo-29-de-enero-el-plazo-de-inscripcion-para-el-coac-2024-en-torredonjimeno\/#respond"]}]},{"@type":"WebPage","@id":"https:\/\/torredonjimenoactualidad.com\/index.php\/2024\/01\/23\/abierto-hasta-el-proximo-29-de-enero-el-plazo-de-inscripcion-para-el-coac-2024-en-torredonjimeno\/","url":"https:\/\/torredonjimenoactualidad.com\/index.php\/2024\/01\/23\/abierto-hasta-el-proximo-29-de-enero-el-plazo-de-inscripcion-para-el-coac-2024-en-torredonjimeno\/","name":"Abierto hasta el pr\u00f3ximo 29 de enero el plazo de inscripci\u00f3n para el COAC 2024 en Torredonjimeno - Torredonjimeno Actualidad","isPartOf":{"@id":"https:\/\/torredonjimenoactualidad.com\/#website"},"datePublished":"2024-01-23T20:30:40+00:00","dateModified":"2024-01-23T20:30:41+00:00","breadcrumb":{"@id":"https:\/\/torredonjimenoactualidad.com\/index.php\/2024\/01\/23\/abierto-hasta-el-proximo-29-de-enero-el-plazo-de-inscripcion-para-el-coac-2024-en-torredonjimeno\/#breadcrumb"},"inLanguage":"es","potentialAction":[{"@type":"ReadAction","target":["https:\/\/torredonjimenoactualidad.com\/index.php\/2024\/01\/23\/abierto-hasta-el-proximo-29-de-enero-el-plazo-de-inscripcion-para-el-coac-2024-en-torredonjimeno\/"]}]},{"@type":"BreadcrumbList","@id":"https:\/\/torredonjimenoactualidad.com\/index.php\/2024\/01\/23\/abierto-hasta-el-proximo-29-de-enero-el-plazo-de-inscripcion-para-el-coac-2024-en-torredonjimeno\/#breadcrumb","itemListElement":[{"@type":"ListItem","position":1,"name":"Portada","item":"https:\/\/torredonjimenoactualidad.com\/"},{"@type":"ListItem","position":2,"name":"Abierto hasta el pr\u00f3ximo 29 de enero el plazo de inscripci\u00f3n para el COAC 2024 en Torredonjimeno"}]},{"@type":"WebSite","@id":"https:\/\/torredonjimenoactualidad.com\/#website","url":"https:\/\/torredonjimenoactualidad.com\/","name":"Torredonjimeno Actualidad","description":"","publisher":{"@id":"https:\/\/torredonjimenoactualidad.com\/#organization"},"potentialAction":[{"@type":"SearchAction","target":{"@type":"EntryPoint","urlTemplate":"https:\/\/torredonjimenoactualidad.com\/?s={search_term_string}"},"query-input":"required name=search_term_string"}],"inLanguage":"es"},{"@type":"Organization","@id":"https:\/\/torredonjimenoactualidad.com\/#organization","name":"Torredonjimeno Actualidad","url":"https:\/\/torredonjimenoactualidad.com\/","logo":{"@type":"ImageObject","inLanguage":"es","@id":"https:\/\/torredonjimenoactualidad.com\/#\/schema\/logo\/image\/","url":"https:\/\/torredonjimenoactualidad.com\/wp-content\/uploads\/2023\/02\/logo-torredonjimeno-544x180-1.png","contentUrl":"https:\/\/torredonjimenoactualidad.com\/wp-content\/uploads\/2023\/02\/logo-torredonjimeno-544x180-1.png","width":545,"height":112,"caption":"Torredonjimeno Actualidad"},"image":{"@id":"https:\/\/torredonjimenoactualidad.com\/#\/schema\/logo\/image\/"}},{"@type":"Person","@id":"https:\/\/torredonjimenoactualidad.com\/#\/schema\/person\/84de5f233e783ef2c75151a532b54977","name":"Alba Mar\u00eda Torres","image":{"@type":"ImageObject","inLanguage":"es","@id":"https:\/\/torredonjimenoactualidad.com\/#\/schema\/person\/image\/","url":"https:\/\/secure.gravatar.com\/avatar\/f9371f188c71501b4475a9ba2a71595850ec72967f800a2ed8e3e2102859ed65?s=96&d=mm&r=g","contentUrl":"https:\/\/secure.gravatar.com\/avatar\/f9371f188c71501b4475a9ba2a71595850ec72967f800a2ed8e3e2102859ed65?s=96&d=mm&r=g","caption":"Alba Mar\u00eda Torres"},"url":"https:\/\/torredonjimenoactualidad.com\/index.php\/author\/alba-torres\/"}]}},"_links":{"self":[{"href":"https:\/\/torredonjimenoactualidad.com\/index.php\/wp-json\/wp\/v2\/posts\/1436","targetHints":{"allow":["GET"]}}],"collection":[{"href":"https:\/\/torredonjimenoactualidad.com\/index.php\/wp-json\/wp\/v2\/posts"}],"about":[{"href":"https:\/\/torredonjimenoactualidad.com\/index.php\/wp-json\/wp\/v2\/types\/post"}],"author":[{"embeddable":true,"href":"https:\/\/torredonjimenoactualidad.com\/index.php\/wp-json\/wp\/v2\/users\/2"}],"replies":[{"embeddable":true,"href":"https:\/\/torredonjimenoactualidad.com\/index.php\/wp-json\/wp\/v2\/comments?post=1436"}],"version-history":[{"count":1,"href":"https:\/\/torredonjimenoactualidad.com\/index.php\/wp-json\/wp\/v2\/posts\/1436\/revisions"}],"predecessor-version":[{"id":1438,"href":"https:\/\/torredonjimenoactualidad.com\/index.php\/wp-json\/wp\/v2\/posts\/1436\/revisions\/1438"}],"wp:featuredmedia":[{"embeddable":true,"href":"https:\/\/torredonjimenoactualidad.com\/index.php\/wp-json\/wp\/v2\/media\/1437"}],"wp:attachment":[{"href":"https:\/\/torredonjimenoactualidad.com\/index.php\/wp-json\/wp\/v2\/media?parent=1436"}],"wp:term":[{"taxonomy":"category","embeddable":true,"href":"https:\/\/torredonjimenoactualidad.com\/index.php\/wp-json\/wp\/v2\/categories?post=1436"},{"taxonomy":"post_tag","embeddable":true,"href":"https:\/\/torredonjimenoactualidad.com\/index.php\/wp-json\/wp\/v2\/tags?post=1436"}],"curies":[{"name":"wp","href":"https:\/\/api.w.org\/{rel}","templated":true}]}}