{"id":1389,"date":"2024-01-17T11:57:10","date_gmt":"2024-01-17T11:57:10","guid":{"rendered":"https:\/\/torredonjimenoactualidad.com\/?p=1389"},"modified":"2024-01-17T11:57:11","modified_gmt":"2024-01-17T11:57:11","slug":"abierto-el-plazo-de-inscripciones-ii-encuentro-diocesano-de-jovenes-cofrades","status":"publish","type":"post","link":"https:\/\/torredonjimenoactualidad.com\/index.php\/2024\/01\/17\/abierto-el-plazo-de-inscripciones-ii-encuentro-diocesano-de-jovenes-cofrades\/","title":{"rendered":"Abierto el plazo de inscripciones II Encuentro diocesano de J\u00f3venes Cofrades"},"content":{"rendered":"\n<p>Desde la Delegaci\u00f3n de Cofrad\u00edas ya se ha abierto el plazo de inscripci\u00f3n, hasta el pr\u00f3ximo 22 de enero. Las cofrad\u00edas que deseen inscribirse pueden formalizar su presencia a trav\u00e9s del correo electr\u00f3nico de la Delegaci\u00f3n\u00a0<a href=\"mailto:delegaciondecofradias@diocesisdejaen.es\">delegaciondecofradias@diocesisdejaen.es<\/a>, indicando nombre de la hermandad, poblaci\u00f3n de procedencia, n\u00famero de participantes y nombre de la persona o personas responsables que acompa\u00f1ar\u00e1n a los j\u00f3venes al encuentro.<\/p>\n\n\n\n<p>Del mismo modo, desde la organizaci\u00f3n se informa que todos los menores de edad deber\u00e1n aportar autorizaci\u00f3n del padre o madre, y la persona o personas responsables deber\u00e1n disponer de dicha autorizaci\u00f3n antes de iniciar el traslado a Porcuna. En las parroquias existe un modelo de autorizaci\u00f3n, o en todo caso se puede solicitar a la Oficina del Menor del Obispado de Ja\u00e9n.<\/p>\n\n\n\n<p>A la vez, se recuerda desde la Delegaci\u00f3n de Religiosidad Popular, que est\u00e1 a punto de concluir el plazo para presentar candidaturas a la celebraci\u00f3n del III Encuentro Diocesano de J\u00f3venes Cofrades para el a\u00f1o pr\u00f3ximo. El plazo concluye tambi\u00e9n el d\u00eda 22 de enero y las solicitudes se pueden presentar a trav\u00e9s del mismo correo electr\u00f3nico de la Delegaci\u00f3n Diocesana para la Religiosidad Popular, Cofrad\u00edas, Hermandades y Grupos Parroquiales de la Di\u00f3cesis de Ja\u00e9n.<\/p>\n","protected":false},"excerpt":{"rendered":"<p>Desde la Delegaci\u00f3n de Cofrad\u00edas ya se ha abierto el plazo de inscripci\u00f3n, hasta el pr\u00f3ximo 22 de enero. Las cofrad\u00edas que deseen inscribirse pueden formalizar su presencia a trav\u00e9s del correo electr\u00f3nico de la Delegaci\u00f3n\u00a0delegaciondecofradias@diocesisdejaen.es, indicando nombre de la hermandad, poblaci\u00f3n de procedencia, n\u00famero de participantes y nombre de la persona o personas responsables &hellip;<\/p>\n<p class=\"read-more\"> <a class=\"\" href=\"https:\/\/torredonjimenoactualidad.com\/index.php\/2024\/01\/17\/abierto-el-plazo-de-inscripciones-ii-encuentro-diocesano-de-jovenes-cofrades\/\"> <span class=\"screen-reader-text\">Abierto el plazo de inscripciones II Encuentro diocesano de J\u00f3venes Cofrades<\/span> Leer m\u00e1s &raquo;<\/a><\/p>\n","protected":false},"author":2,"featured_media":1390,"comment_status":"open","ping_status":"open","sticky":false,"template":"","format":"standard","meta":{"site-sidebar-layout":"default","site-content-layout":"default","ast-global-header-display":"","ast-main-header-display":"","ast-hfb-above-header-display":"","ast-hfb-below-header-display":"","ast-hfb-mobile-header-display":"","site-post-title":"","ast-breadcrumbs-content":"","ast-featured-img":"","footer-sml-layout":"","theme-transparent-header-meta":"","adv-header-id-meta":"","stick-header-meta":"","header-above-stick-meta":"","header-main-stick-meta":"","header-below-stick-meta":"","footnotes":""},"categories":[8],"tags":[],"class_list":["post-1389","post","type-post","status-publish","format-standard","has-post-thumbnail","hentry","category-provincia"],"yoast_head":"<!-- This site is optimized with the Yoast SEO plugin v20.8 - https:\/\/yoast.com\/wordpress\/plugins\/seo\/ -->\n<title>Abierto el plazo de inscripciones II Encuentro diocesano de J\u00f3venes Cofrades - Torredonjimeno Actualidad<\/title>\n<meta name=\"robots\" content=\"index, follow, max-snippet:-1, max-image-preview:large, max-video-preview:-1\" \/>\n<link rel=\"canonical\" href=\"https:\/\/torredonjimenoactualidad.com\/index.php\/2024\/01\/17\/abierto-el-plazo-de-inscripciones-ii-encuentro-diocesano-de-jovenes-cofrades\/\" \/>\n<meta property=\"og:locale\" content=\"es_ES\" \/>\n<meta property=\"og:type\" content=\"article\" \/>\n<meta property=\"og:title\" content=\"Abierto el plazo de inscripciones II Encuentro diocesano de J\u00f3venes Cofrades - Torredonjimeno Actualidad\" \/>\n<meta property=\"og:description\" content=\"Desde la Delegaci\u00f3n de Cofrad\u00edas ya se ha abierto el plazo de inscripci\u00f3n, hasta el pr\u00f3ximo 22 de enero. Las cofrad\u00edas que deseen inscribirse pueden formalizar su presencia a trav\u00e9s del correo electr\u00f3nico de la Delegaci\u00f3n\u00a0delegaciondecofradias@diocesisdejaen.es, indicando nombre de la hermandad, poblaci\u00f3n de procedencia, n\u00famero de participantes y nombre de la persona o personas responsables &hellip; Abierto el plazo de inscripciones II Encuentro diocesano de J\u00f3venes Cofrades Leer m\u00e1s &raquo;\" \/>\n<meta property=\"og:url\" content=\"https:\/\/torredonjimenoactualidad.com\/index.php\/2024\/01\/17\/abierto-el-plazo-de-inscripciones-ii-encuentro-diocesano-de-jovenes-cofrades\/\" \/>\n<meta property=\"og:site_name\" content=\"Torredonjimeno Actualidad\" \/>\n<meta property=\"article:published_time\" content=\"2024-01-17T11:57:10+00:00\" \/>\n<meta property=\"article:modified_time\" content=\"2024-01-17T11:57:11+00:00\" \/>\n<meta property=\"og:image\" content=\"https:\/\/torredonjimenoactualidad.com\/wp-content\/uploads\/2024\/01\/Encuentro-de-jovenes-cofrades.jpeg\" \/>\n\t<meta property=\"og:image:width\" content=\"1080\" \/>\n\t<meta property=\"og:image:height\" content=\"1528\" \/>\n\t<meta property=\"og:image:type\" content=\"image\/jpeg\" \/>\n<meta name=\"author\" content=\"Alba Mar\u00eda Torres\" \/>\n<meta name=\"twitter:card\" content=\"summary_large_image\" \/>\n<meta name=\"twitter:label1\" content=\"Escrito por\" \/>\n\t<meta name=\"twitter:data1\" content=\"Alba Mar\u00eda Torres\" \/>\n\t<meta name=\"twitter:label2\" content=\"Tiempo de lectura\" \/>\n\t<meta name=\"twitter:data2\" content=\"1 minuto\" \/>\n<script type=\"application\/ld+json\" class=\"yoast-schema-graph\">{\"@context\":\"https:\/\/schema.org\",\"@graph\":[{\"@type\":\"Article\",\"@id\":\"https:\/\/torredonjimenoactualidad.com\/index.php\/2024\/01\/17\/abierto-el-plazo-de-inscripciones-ii-encuentro-diocesano-de-jovenes-cofrades\/#article\",\"isPartOf\":{\"@id\":\"https:\/\/torredonjimenoactualidad.com\/index.php\/2024\/01\/17\/abierto-el-plazo-de-inscripciones-ii-encuentro-diocesano-de-jovenes-cofrades\/\"},\"author\":{\"name\":\"Alba Mar\u00eda Torres\",\"@id\":\"https:\/\/torredonjimenoactualidad.com\/#\/schema\/person\/84de5f233e783ef2c75151a532b54977\"},\"headline\":\"Abierto el plazo de inscripciones II Encuentro diocesano de J\u00f3venes Cofrades\",\"datePublished\":\"2024-01-17T11:57:10+00:00\",\"dateModified\":\"2024-01-17T11:57:11+00:00\",\"mainEntityOfPage\":{\"@id\":\"https:\/\/torredonjimenoactualidad.com\/index.php\/2024\/01\/17\/abierto-el-plazo-de-inscripciones-ii-encuentro-diocesano-de-jovenes-cofrades\/\"},\"wordCount\":246,\"commentCount\":0,\"publisher\":{\"@id\":\"https:\/\/torredonjimenoactualidad.com\/#organization\"},\"articleSection\":[\"provincia\"],\"inLanguage\":\"es\",\"potentialAction\":[{\"@type\":\"CommentAction\",\"name\":\"Comment\",\"target\":[\"https:\/\/torredonjimenoactualidad.com\/index.php\/2024\/01\/17\/abierto-el-plazo-de-inscripciones-ii-encuentro-diocesano-de-jovenes-cofrades\/#respond\"]}]},{\"@type\":\"WebPage\",\"@id\":\"https:\/\/torredonjimenoactualidad.com\/index.php\/2024\/01\/17\/abierto-el-plazo-de-inscripciones-ii-encuentro-diocesano-de-jovenes-cofrades\/\",\"url\":\"https:\/\/torredonjimenoactualidad.com\/index.php\/2024\/01\/17\/abierto-el-plazo-de-inscripciones-ii-encuentro-diocesano-de-jovenes-cofrades\/\",\"name\":\"Abierto el plazo de inscripciones II Encuentro diocesano de J\u00f3venes Cofrades - Torredonjimeno Actualidad\",\"isPartOf\":{\"@id\":\"https:\/\/torredonjimenoactualidad.com\/#website\"},\"datePublished\":\"2024-01-17T11:57:10+00:00\",\"dateModified\":\"2024-01-17T11:57:11+00:00\",\"breadcrumb\":{\"@id\":\"https:\/\/torredonjimenoactualidad.com\/index.php\/2024\/01\/17\/abierto-el-plazo-de-inscripciones-ii-encuentro-diocesano-de-jovenes-cofrades\/#breadcrumb\"},\"inLanguage\":\"es\",\"potentialAction\":[{\"@type\":\"ReadAction\",\"target\":[\"https:\/\/torredonjimenoactualidad.com\/index.php\/2024\/01\/17\/abierto-el-plazo-de-inscripciones-ii-encuentro-diocesano-de-jovenes-cofrades\/\"]}]},{\"@type\":\"BreadcrumbList\",\"@id\":\"https:\/\/torredonjimenoactualidad.com\/index.php\/2024\/01\/17\/abierto-el-plazo-de-inscripciones-ii-encuentro-diocesano-de-jovenes-cofrades\/#breadcrumb\",\"itemListElement\":[{\"@type\":\"ListItem\",\"position\":1,\"name\":\"Portada\",\"item\":\"https:\/\/torredonjimenoactualidad.com\/\"},{\"@type\":\"ListItem\",\"position\":2,\"name\":\"Abierto el plazo de inscripciones II Encuentro diocesano de J\u00f3venes Cofrades\"}]},{\"@type\":\"WebSite\",\"@id\":\"https:\/\/torredonjimenoactualidad.com\/#website\",\"url\":\"https:\/\/torredonjimenoactualidad.com\/\",\"name\":\"Torredonjimeno Actualidad\",\"description\":\"\",\"publisher\":{\"@id\":\"https:\/\/torredonjimenoactualidad.com\/#organization\"},\"potentialAction\":[{\"@type\":\"SearchAction\",\"target\":{\"@type\":\"EntryPoint\",\"urlTemplate\":\"https:\/\/torredonjimenoactualidad.com\/?s={search_term_string}\"},\"query-input\":\"required name=search_term_string\"}],\"inLanguage\":\"es\"},{\"@type\":\"Organization\",\"@id\":\"https:\/\/torredonjimenoactualidad.com\/#organization\",\"name\":\"Torredonjimeno Actualidad\",\"url\":\"https:\/\/torredonjimenoactualidad.com\/\",\"logo\":{\"@type\":\"ImageObject\",\"inLanguage\":\"es\",\"@id\":\"https:\/\/torredonjimenoactualidad.com\/#\/schema\/logo\/image\/\",\"url\":\"https:\/\/torredonjimenoactualidad.com\/wp-content\/uploads\/2023\/02\/logo-torredonjimeno-544x180-1.png\",\"contentUrl\":\"https:\/\/torredonjimenoactualidad.com\/wp-content\/uploads\/2023\/02\/logo-torredonjimeno-544x180-1.png\",\"width\":545,\"height\":112,\"caption\":\"Torredonjimeno Actualidad\"},\"image\":{\"@id\":\"https:\/\/torredonjimenoactualidad.com\/#\/schema\/logo\/image\/\"}},{\"@type\":\"Person\",\"@id\":\"https:\/\/torredonjimenoactualidad.com\/#\/schema\/person\/84de5f233e783ef2c75151a532b54977\",\"name\":\"Alba Mar\u00eda Torres\",\"image\":{\"@type\":\"ImageObject\",\"inLanguage\":\"es\",\"@id\":\"https:\/\/torredonjimenoactualidad.com\/#\/schema\/person\/image\/\",\"url\":\"https:\/\/secure.gravatar.com\/avatar\/f9371f188c71501b4475a9ba2a71595850ec72967f800a2ed8e3e2102859ed65?s=96&d=mm&r=g\",\"contentUrl\":\"https:\/\/secure.gravatar.com\/avatar\/f9371f188c71501b4475a9ba2a71595850ec72967f800a2ed8e3e2102859ed65?s=96&d=mm&r=g\",\"caption\":\"Alba Mar\u00eda Torres\"},\"url\":\"https:\/\/torredonjimenoactualidad.com\/index.php\/author\/alba-torres\/\"}]}<\/script>\n<!-- \/ Yoast SEO plugin. -->","yoast_head_json":{"title":"Abierto el plazo de inscripciones II Encuentro diocesano de J\u00f3venes Cofrades - Torredonjimeno Actualidad","robots":{"index":"index","follow":"follow","max-snippet":"max-snippet:-1","max-image-preview":"max-image-preview:large","max-video-preview":"max-video-preview:-1"},"canonical":"https:\/\/torredonjimenoactualidad.com\/index.php\/2024\/01\/17\/abierto-el-plazo-de-inscripciones-ii-encuentro-diocesano-de-jovenes-cofrades\/","og_locale":"es_ES","og_type":"article","og_title":"Abierto el plazo de inscripciones II Encuentro diocesano de J\u00f3venes Cofrades - Torredonjimeno Actualidad","og_description":"Desde la Delegaci\u00f3n de Cofrad\u00edas ya se ha abierto el plazo de inscripci\u00f3n, hasta el pr\u00f3ximo 22 de enero. Las cofrad\u00edas que deseen inscribirse pueden formalizar su presencia a trav\u00e9s del correo electr\u00f3nico de la Delegaci\u00f3n\u00a0delegaciondecofradias@diocesisdejaen.es, indicando nombre de la hermandad, poblaci\u00f3n de procedencia, n\u00famero de participantes y nombre de la persona o personas responsables &hellip; Abierto el plazo de inscripciones II Encuentro diocesano de J\u00f3venes Cofrades Leer m\u00e1s &raquo;","og_url":"https:\/\/torredonjimenoactualidad.com\/index.php\/2024\/01\/17\/abierto-el-plazo-de-inscripciones-ii-encuentro-diocesano-de-jovenes-cofrades\/","og_site_name":"Torredonjimeno Actualidad","article_published_time":"2024-01-17T11:57:10+00:00","article_modified_time":"2024-01-17T11:57:11+00:00","og_image":[{"width":1080,"height":1528,"url":"https:\/\/torredonjimenoactualidad.com\/wp-content\/uploads\/2024\/01\/Encuentro-de-jovenes-cofrades.jpeg","type":"image\/jpeg"}],"author":"Alba Mar\u00eda Torres","twitter_card":"summary_large_image","twitter_misc":{"Escrito por":"Alba Mar\u00eda Torres","Tiempo de lectura":"1 minuto"},"schema":{"@context":"https:\/\/schema.org","@graph":[{"@type":"Article","@id":"https:\/\/torredonjimenoactualidad.com\/index.php\/2024\/01\/17\/abierto-el-plazo-de-inscripciones-ii-encuentro-diocesano-de-jovenes-cofrades\/#article","isPartOf":{"@id":"https:\/\/torredonjimenoactualidad.com\/index.php\/2024\/01\/17\/abierto-el-plazo-de-inscripciones-ii-encuentro-diocesano-de-jovenes-cofrades\/"},"author":{"name":"Alba Mar\u00eda Torres","@id":"https:\/\/torredonjimenoactualidad.com\/#\/schema\/person\/84de5f233e783ef2c75151a532b54977"},"headline":"Abierto el plazo de inscripciones II Encuentro diocesano de J\u00f3venes Cofrades","datePublished":"2024-01-17T11:57:10+00:00","dateModified":"2024-01-17T11:57:11+00:00","mainEntityOfPage":{"@id":"https:\/\/torredonjimenoactualidad.com\/index.php\/2024\/01\/17\/abierto-el-plazo-de-inscripciones-ii-encuentro-diocesano-de-jovenes-cofrades\/"},"wordCount":246,"commentCount":0,"publisher":{"@id":"https:\/\/torredonjimenoactualidad.com\/#organization"},"articleSection":["provincia"],"inLanguage":"es","potentialAction":[{"@type":"CommentAction","name":"Comment","target":["https:\/\/torredonjimenoactualidad.com\/index.php\/2024\/01\/17\/abierto-el-plazo-de-inscripciones-ii-encuentro-diocesano-de-jovenes-cofrades\/#respond"]}]},{"@type":"WebPage","@id":"https:\/\/torredonjimenoactualidad.com\/index.php\/2024\/01\/17\/abierto-el-plazo-de-inscripciones-ii-encuentro-diocesano-de-jovenes-cofrades\/","url":"https:\/\/torredonjimenoactualidad.com\/index.php\/2024\/01\/17\/abierto-el-plazo-de-inscripciones-ii-encuentro-diocesano-de-jovenes-cofrades\/","name":"Abierto el plazo de inscripciones II Encuentro diocesano de J\u00f3venes Cofrades - Torredonjimeno Actualidad","isPartOf":{"@id":"https:\/\/torredonjimenoactualidad.com\/#website"},"datePublished":"2024-01-17T11:57:10+00:00","dateModified":"2024-01-17T11:57:11+00:00","breadcrumb":{"@id":"https:\/\/torredonjimenoactualidad.com\/index.php\/2024\/01\/17\/abierto-el-plazo-de-inscripciones-ii-encuentro-diocesano-de-jovenes-cofrades\/#breadcrumb"},"inLanguage":"es","potentialAction":[{"@type":"ReadAction","target":["https:\/\/torredonjimenoactualidad.com\/index.php\/2024\/01\/17\/abierto-el-plazo-de-inscripciones-ii-encuentro-diocesano-de-jovenes-cofrades\/"]}]},{"@type":"BreadcrumbList","@id":"https:\/\/torredonjimenoactualidad.com\/index.php\/2024\/01\/17\/abierto-el-plazo-de-inscripciones-ii-encuentro-diocesano-de-jovenes-cofrades\/#breadcrumb","itemListElement":[{"@type":"ListItem","position":1,"name":"Portada","item":"https:\/\/torredonjimenoactualidad.com\/"},{"@type":"ListItem","position":2,"name":"Abierto el plazo de inscripciones II Encuentro diocesano de J\u00f3venes Cofrades"}]},{"@type":"WebSite","@id":"https:\/\/torredonjimenoactualidad.com\/#website","url":"https:\/\/torredonjimenoactualidad.com\/","name":"Torredonjimeno Actualidad","description":"","publisher":{"@id":"https:\/\/torredonjimenoactualidad.com\/#organization"},"potentialAction":[{"@type":"SearchAction","target":{"@type":"EntryPoint","urlTemplate":"https:\/\/torredonjimenoactualidad.com\/?s={search_term_string}"},"query-input":"required name=search_term_string"}],"inLanguage":"es"},{"@type":"Organization","@id":"https:\/\/torredonjimenoactualidad.com\/#organization","name":"Torredonjimeno Actualidad","url":"https:\/\/torredonjimenoactualidad.com\/","logo":{"@type":"ImageObject","inLanguage":"es","@id":"https:\/\/torredonjimenoactualidad.com\/#\/schema\/logo\/image\/","url":"https:\/\/torredonjimenoactualidad.com\/wp-content\/uploads\/2023\/02\/logo-torredonjimeno-544x180-1.png","contentUrl":"https:\/\/torredonjimenoactualidad.com\/wp-content\/uploads\/2023\/02\/logo-torredonjimeno-544x180-1.png","width":545,"height":112,"caption":"Torredonjimeno Actualidad"},"image":{"@id":"https:\/\/torredonjimenoactualidad.com\/#\/schema\/logo\/image\/"}},{"@type":"Person","@id":"https:\/\/torredonjimenoactualidad.com\/#\/schema\/person\/84de5f233e783ef2c75151a532b54977","name":"Alba Mar\u00eda Torres","image":{"@type":"ImageObject","inLanguage":"es","@id":"https:\/\/torredonjimenoactualidad.com\/#\/schema\/person\/image\/","url":"https:\/\/secure.gravatar.com\/avatar\/f9371f188c71501b4475a9ba2a71595850ec72967f800a2ed8e3e2102859ed65?s=96&d=mm&r=g","contentUrl":"https:\/\/secure.gravatar.com\/avatar\/f9371f188c71501b4475a9ba2a71595850ec72967f800a2ed8e3e2102859ed65?s=96&d=mm&r=g","caption":"Alba Mar\u00eda Torres"},"url":"https:\/\/torredonjimenoactualidad.com\/index.php\/author\/alba-torres\/"}]}},"_links":{"self":[{"href":"https:\/\/torredonjimenoactualidad.com\/index.php\/wp-json\/wp\/v2\/posts\/1389","targetHints":{"allow":["GET"]}}],"collection":[{"href":"https:\/\/torredonjimenoactualidad.com\/index.php\/wp-json\/wp\/v2\/posts"}],"about":[{"href":"https:\/\/torredonjimenoactualidad.com\/index.php\/wp-json\/wp\/v2\/types\/post"}],"author":[{"embeddable":true,"href":"https:\/\/torredonjimenoactualidad.com\/index.php\/wp-json\/wp\/v2\/users\/2"}],"replies":[{"embeddable":true,"href":"https:\/\/torredonjimenoactualidad.com\/index.php\/wp-json\/wp\/v2\/comments?post=1389"}],"version-history":[{"count":1,"href":"https:\/\/torredonjimenoactualidad.com\/index.php\/wp-json\/wp\/v2\/posts\/1389\/revisions"}],"predecessor-version":[{"id":1391,"href":"https:\/\/torredonjimenoactualidad.com\/index.php\/wp-json\/wp\/v2\/posts\/1389\/revisions\/1391"}],"wp:featuredmedia":[{"embeddable":true,"href":"https:\/\/torredonjimenoactualidad.com\/index.php\/wp-json\/wp\/v2\/media\/1390"}],"wp:attachment":[{"href":"https:\/\/torredonjimenoactualidad.com\/index.php\/wp-json\/wp\/v2\/media?parent=1389"}],"wp:term":[{"taxonomy":"category","embeddable":true,"href":"https:\/\/torredonjimenoactualidad.com\/index.php\/wp-json\/wp\/v2\/categories?post=1389"},{"taxonomy":"post_tag","embeddable":true,"href":"https:\/\/torredonjimenoactualidad.com\/index.php\/wp-json\/wp\/v2\/tags?post=1389"}],"curies":[{"name":"wp","href":"https:\/\/api.w.org\/{rel}","templated":true}]}}