{"id":1088,"date":"2023-10-10T07:37:24","date_gmt":"2023-10-10T07:37:24","guid":{"rendered":"https:\/\/torredonjimenoactualidad.com\/?p=1088"},"modified":"2023-10-10T07:37:26","modified_gmt":"2023-10-10T07:37:26","slug":"reconocimiento-de-la-uja-a-la-tosiriana-alba-gomez-liebana-como-mejor-estudiante-erasmus-durante-el-pasado-curso","status":"publish","type":"post","link":"https:\/\/torredonjimenoactualidad.com\/index.php\/2023\/10\/10\/reconocimiento-de-la-uja-a-la-tosiriana-alba-gomez-liebana-como-mejor-estudiante-erasmus-durante-el-pasado-curso\/","title":{"rendered":"Reconocimiento de la UJA a la tosiriana Alba G\u00f3mez Li\u00e9bana como mejor estudiante Erasmus+ durante el pasado curso"},"content":{"rendered":"\n<p>El Rector de la Universidad de Ja\u00e9n (UJA),\u00a0<strong>Nicol\u00e1s Ruiz Reyes<\/strong>, asegur\u00f3 ayer lunes que la instituci\u00f3n acad\u00e9mica est\u00e1 \u201cabierta al mundo\u201d y destac\u00f3 su car\u00e1cter internacional, durante la Ceremonia de Bienvenida del Alumnado Extranjero, a la que asistieron 500 de los 1.700 estudiantes que este curso acad\u00e9mico 2023-2024 recibir\u00e1 la instituci\u00f3n.\u00a0\u00a0\u00a0\u00a0\u00a0\u00a0\u00a0\u00a0<\/p>\n\n\n\n<p>En la actualidad, cerca de 16.000 estudiantes \u201cconf\u00edan en nosotros para llegar a ser los profesionales que demanda la sociedad del siglo XXI, de los que cerca del 10 por ciento proceden del extranjero\u201d, dijo.<\/p>\n\n\n\n<p>Asimismo, destac\u00f3 que es la UJA \u201cest\u00e1 abierta al mundo\u201d, con m\u00e1s de 900 convenios de colaboraci\u00f3n con otras entidades acad\u00e9micas de m\u00e1s de ochenta pa\u00edses, y 18 dobles titulaciones internacionales. \u201cVosotros sois el mejor ejemplo del car\u00e1cter cosmopolita al que aspiramos. Durante el presente curso, tendremos en la UJA m\u00e1s de 1.700 alumnos internacionales, procedentes de m\u00e1s de un centenar de pa\u00edses, y de los cuales m\u00e1s de 400 son estudiantes participantes en programas de movilidad este semestre. En cifras generales, el estudiantado internacional representa m\u00e1s del 10 por ciento del estudiantado total\u201d.<\/p>\n\n\n\n<p>Nicol\u00e1s Ruiz destac\u00f3 que la UJA lidera una alianza estrat\u00e9gica, denominada \u201cNeolaia\u201d (que significa juventud en griego), junto a otras ocho universidades europeas.\u201d Un proyecto que va a suponer un antes y un despu\u00e9s en movilidad, en docencia, en investigaci\u00f3n, en gesti\u00f3n de la diversidad, en multiculturalidad y multiling\u00fcismo. Se trata de una iniciativa que potencia nuestra vocaci\u00f3n internacional de una manera decidida\u201d, apunt\u00f3.<\/p>\n\n\n\n<p>El Rector puso de relieve que la UJA es una Universidad reconocida, de prestigio y referente en el \u00e1mbito nacional e internacional. \u201cCon s\u00f3lo 30 a\u00f1os de historia, estamos situados en la franja de las 800-900 mejores universidades del mundo, seg\u00fan algunos r\u00e1nkings tan prestigiosos como el R\u00e1nking de Shangai o el Times Higher Education, que nos sit\u00faa en una privilegiada tercera posici\u00f3n en el \u00e1mbito andaluz\u201d, apostill\u00f3.&nbsp;<\/p>\n\n\n\n<p>El Rector de la UJA estuvo acompa\u00f1ado en el acto por el Vicerrector de Internacionalizaci\u00f3n,&nbsp;<strong>Jos\u00e9 Ignacio Jim\u00e9nez Gonz\u00e1lez<\/strong>; el presidente de la asociaci\u00f3n ESN Ja\u00e9n (Erasmus Student Network),&nbsp;<strong>Alberto Lorite M\u00e9ndez<\/strong>; la Directora de Secretariado de Internacionalizaci\u00f3n Transversal de la Universidad de Ja\u00e9n,&nbsp;<strong>Carmen Conti Jim\u00e9nez<\/strong>, y el ex alumno alem\u00e1n de movilidad Internacional del curso 2017-2018,&nbsp;<strong>Elias Koening<\/strong>, que intervino por videconferencia para compartir su experiencia en la UJA.<\/p>\n\n\n\n<p><strong>Distinciones al alumnado destacado del curso acad\u00e9mico 2022-2023<\/strong><\/p>\n\n\n\n<p>Durante el acto se procedi\u00f3 a la entrega de distinciones al alumnado destacado del curso acad\u00e9mico 202-2023, en el \u00e1mbito de la movilidad nacional, internacional y de atracci\u00f3n del talento internacional.<\/p>\n\n\n\n<p>El \u2018Mejor Estudiante Internacional de cursos personalizados con la Universidad del Estado de California\u2019,<strong>&nbsp;Kolby Noble Lipiz<\/strong><strong>,&nbsp;<\/strong>estudiante procedente de la California State University&nbsp;(EE.UU); el \u2018Mejor Estudiante Erasmus+ Entrante del curso 2022-2023\u2019 recay\u00f3 en&nbsp;<strong>Thomas Schutte<\/strong>,&nbsp;estudiante procedente de la Universidad Mont Blanc de Saboya&nbsp;(Francia);&nbsp;el \u2018Mejor Estudiante de Movilidad Internacional entrante del curso 2022-2023\u2019 fue para<strong>&nbsp;Andrea Ignacia Wells Narea,&nbsp;<\/strong>estudiante procedente de la Universidad Mayor&nbsp;(Chile); el \u2018Estudiante UJA con Mejor Trayectoria de Movilidad Internacional\u2019&nbsp;recay\u00f3 en&nbsp;<strong>Alberto Rodr\u00edgues Quiles<\/strong>, que&nbsp;ha&nbsp;realizado sus estancias de movilidad en la Uhocschule Emden-Leer (Alemania), la Universidad de Adolfo Ib\u00e1\u00f1ez (Chile) y la Universidad La Salle Laguna (M\u00e9xico); la \u2018Mejor Estudiante Erasmus+ de la UJA del curso 2022-2023\u2019 fue para&nbsp;<strong>Alba G\u00f3mez Li\u00e9bana<\/strong>, que realiz\u00f3 su estancia en la Universidad de Maribor&nbsp;(Eslovenia); la \u2018Mejor Estudiante UJA de Movilidad Internacional del curso 2022-2023\u2019 recay\u00f3 en<strong>Niah Palacios Pedrero<\/strong>, que realiz\u00f3 su estancia en la Chung-Ang University (Corea del&nbsp;Sur); La \u2018Mejor Estudiante Buddy 2022-2023\u2019 fue para<strong>&nbsp;Irene S\u00e1iz S\u00e1nchez<\/strong>;&nbsp;la \u2018Mejor Estudiante de Programas UJA de Atracci\u00f3n al Talento en Grado del curso 2022-2023\u2019 fue para&nbsp;<strong>Luidmila Filippova,&nbsp;<\/strong>y la \u2018Mejor Estudiante de Programas UJA de Atracci\u00f3n al Talento en M\u00e1ster del curso 2022-2023\u2019 recay\u00f3 en&nbsp;<strong>Laise Frasao Barros.<\/strong><\/p>\n\n\n\n<p>El acto finaliz\u00f3 con la&nbsp;actuaci\u00f3n de la cantaora&nbsp;<strong>Victoria Romero<\/strong>&nbsp;y el guitarrista&nbsp;<strong>Juan Moreno<\/strong>, quienes hicieron un recorrido por los cantes de ida y vuelta, originarios de Sudam\u00e9rica, cantes de Granada y cantes populares.<\/p>\n","protected":false},"excerpt":{"rendered":"<p>El Rector de la Universidad de Ja\u00e9n (UJA),\u00a0Nicol\u00e1s Ruiz Reyes, asegur\u00f3 ayer lunes que la instituci\u00f3n acad\u00e9mica est\u00e1 \u201cabierta al mundo\u201d y destac\u00f3 su car\u00e1cter internacional, durante la Ceremonia de Bienvenida del Alumnado Extranjero, a la que asistieron 500 de los 1.700 estudiantes que este curso acad\u00e9mico 2023-2024 recibir\u00e1 la instituci\u00f3n.\u00a0\u00a0\u00a0\u00a0\u00a0\u00a0\u00a0\u00a0 En la actualidad, cerca &hellip;<\/p>\n<p class=\"read-more\"> <a class=\"\" href=\"https:\/\/torredonjimenoactualidad.com\/index.php\/2023\/10\/10\/reconocimiento-de-la-uja-a-la-tosiriana-alba-gomez-liebana-como-mejor-estudiante-erasmus-durante-el-pasado-curso\/\"> <span class=\"screen-reader-text\">Reconocimiento de la UJA a la tosiriana Alba G\u00f3mez Li\u00e9bana como mejor estudiante Erasmus+ durante el pasado curso<\/span> Leer m\u00e1s &raquo;<\/a><\/p>\n","protected":false},"author":2,"featured_media":1089,"comment_status":"closed","ping_status":"open","sticky":false,"template":"","format":"standard","meta":{"site-sidebar-layout":"default","site-content-layout":"default","ast-global-header-display":"","ast-main-header-display":"","ast-hfb-above-header-display":"","ast-hfb-below-header-display":"","ast-hfb-mobile-header-display":"","site-post-title":"","ast-breadcrumbs-content":"","ast-featured-img":"","footer-sml-layout":"","theme-transparent-header-meta":"","adv-header-id-meta":"","stick-header-meta":"","header-above-stick-meta":"","header-main-stick-meta":"","header-below-stick-meta":"","footnotes":""},"categories":[7],"tags":[],"class_list":["post-1088","post","type-post","status-publish","format-standard","has-post-thumbnail","hentry","category-local"],"yoast_head":"<!-- This site is optimized with the Yoast SEO plugin v20.8 - https:\/\/yoast.com\/wordpress\/plugins\/seo\/ -->\n<title>Reconocimiento de la UJA a la tosiriana Alba G\u00f3mez Li\u00e9bana como mejor estudiante Erasmus+ durante el pasado curso - Torredonjimeno Actualidad<\/title>\n<meta name=\"robots\" content=\"index, follow, max-snippet:-1, max-image-preview:large, max-video-preview:-1\" \/>\n<link rel=\"canonical\" href=\"https:\/\/torredonjimenoactualidad.com\/index.php\/2023\/10\/10\/reconocimiento-de-la-uja-a-la-tosiriana-alba-gomez-liebana-como-mejor-estudiante-erasmus-durante-el-pasado-curso\/\" \/>\n<meta property=\"og:locale\" content=\"es_ES\" \/>\n<meta property=\"og:type\" content=\"article\" \/>\n<meta property=\"og:title\" content=\"Reconocimiento de la UJA a la tosiriana Alba G\u00f3mez Li\u00e9bana como mejor estudiante Erasmus+ durante el pasado curso - Torredonjimeno Actualidad\" \/>\n<meta property=\"og:description\" content=\"El Rector de la Universidad de Ja\u00e9n (UJA),\u00a0Nicol\u00e1s Ruiz Reyes, asegur\u00f3 ayer lunes que la instituci\u00f3n acad\u00e9mica est\u00e1 \u201cabierta al mundo\u201d y destac\u00f3 su car\u00e1cter internacional, durante la Ceremonia de Bienvenida del Alumnado Extranjero, a la que asistieron 500 de los 1.700 estudiantes que este curso acad\u00e9mico 2023-2024 recibir\u00e1 la instituci\u00f3n.\u00a0\u00a0\u00a0\u00a0\u00a0\u00a0\u00a0\u00a0 En la actualidad, cerca &hellip; Reconocimiento de la UJA a la tosiriana Alba G\u00f3mez Li\u00e9bana como mejor estudiante Erasmus+ durante el pasado curso Leer m\u00e1s &raquo;\" \/>\n<meta property=\"og:url\" content=\"https:\/\/torredonjimenoactualidad.com\/index.php\/2023\/10\/10\/reconocimiento-de-la-uja-a-la-tosiriana-alba-gomez-liebana-como-mejor-estudiante-erasmus-durante-el-pasado-curso\/\" \/>\n<meta property=\"og:site_name\" content=\"Torredonjimeno Actualidad\" \/>\n<meta property=\"article:published_time\" content=\"2023-10-10T07:37:24+00:00\" \/>\n<meta property=\"article:modified_time\" content=\"2023-10-10T07:37:26+00:00\" \/>\n<meta property=\"og:image\" content=\"https:\/\/torredonjimenoactualidad.com\/wp-content\/uploads\/2023\/10\/np_PHOTO-2023-10-09-20-44-27.jpg\" \/>\n\t<meta property=\"og:image:width\" content=\"1600\" \/>\n\t<meta property=\"og:image:height\" content=\"914\" \/>\n\t<meta property=\"og:image:type\" content=\"image\/jpeg\" \/>\n<meta name=\"author\" content=\"Alba Mar\u00eda Torres\" \/>\n<meta name=\"twitter:card\" content=\"summary_large_image\" \/>\n<meta name=\"twitter:label1\" content=\"Escrito por\" \/>\n\t<meta name=\"twitter:data1\" content=\"Alba Mar\u00eda Torres\" \/>\n\t<meta name=\"twitter:label2\" content=\"Tiempo de lectura\" \/>\n\t<meta name=\"twitter:data2\" content=\"4 minutos\" \/>\n<script type=\"application\/ld+json\" class=\"yoast-schema-graph\">{\"@context\":\"https:\/\/schema.org\",\"@graph\":[{\"@type\":\"Article\",\"@id\":\"https:\/\/torredonjimenoactualidad.com\/index.php\/2023\/10\/10\/reconocimiento-de-la-uja-a-la-tosiriana-alba-gomez-liebana-como-mejor-estudiante-erasmus-durante-el-pasado-curso\/#article\",\"isPartOf\":{\"@id\":\"https:\/\/torredonjimenoactualidad.com\/index.php\/2023\/10\/10\/reconocimiento-de-la-uja-a-la-tosiriana-alba-gomez-liebana-como-mejor-estudiante-erasmus-durante-el-pasado-curso\/\"},\"author\":{\"name\":\"Alba Mar\u00eda Torres\",\"@id\":\"https:\/\/torredonjimenoactualidad.com\/#\/schema\/person\/84de5f233e783ef2c75151a532b54977\"},\"headline\":\"Reconocimiento de la UJA a la tosiriana Alba G\u00f3mez Li\u00e9bana como mejor estudiante Erasmus+ durante el pasado curso\",\"datePublished\":\"2023-10-10T07:37:24+00:00\",\"dateModified\":\"2023-10-10T07:37:26+00:00\",\"mainEntityOfPage\":{\"@id\":\"https:\/\/torredonjimenoactualidad.com\/index.php\/2023\/10\/10\/reconocimiento-de-la-uja-a-la-tosiriana-alba-gomez-liebana-como-mejor-estudiante-erasmus-durante-el-pasado-curso\/\"},\"wordCount\":769,\"publisher\":{\"@id\":\"https:\/\/torredonjimenoactualidad.com\/#organization\"},\"articleSection\":[\"local\"],\"inLanguage\":\"es\"},{\"@type\":\"WebPage\",\"@id\":\"https:\/\/torredonjimenoactualidad.com\/index.php\/2023\/10\/10\/reconocimiento-de-la-uja-a-la-tosiriana-alba-gomez-liebana-como-mejor-estudiante-erasmus-durante-el-pasado-curso\/\",\"url\":\"https:\/\/torredonjimenoactualidad.com\/index.php\/2023\/10\/10\/reconocimiento-de-la-uja-a-la-tosiriana-alba-gomez-liebana-como-mejor-estudiante-erasmus-durante-el-pasado-curso\/\",\"name\":\"Reconocimiento de la UJA a la tosiriana Alba G\u00f3mez Li\u00e9bana como mejor estudiante Erasmus+ durante el pasado curso - Torredonjimeno Actualidad\",\"isPartOf\":{\"@id\":\"https:\/\/torredonjimenoactualidad.com\/#website\"},\"datePublished\":\"2023-10-10T07:37:24+00:00\",\"dateModified\":\"2023-10-10T07:37:26+00:00\",\"breadcrumb\":{\"@id\":\"https:\/\/torredonjimenoactualidad.com\/index.php\/2023\/10\/10\/reconocimiento-de-la-uja-a-la-tosiriana-alba-gomez-liebana-como-mejor-estudiante-erasmus-durante-el-pasado-curso\/#breadcrumb\"},\"inLanguage\":\"es\",\"potentialAction\":[{\"@type\":\"ReadAction\",\"target\":[\"https:\/\/torredonjimenoactualidad.com\/index.php\/2023\/10\/10\/reconocimiento-de-la-uja-a-la-tosiriana-alba-gomez-liebana-como-mejor-estudiante-erasmus-durante-el-pasado-curso\/\"]}]},{\"@type\":\"BreadcrumbList\",\"@id\":\"https:\/\/torredonjimenoactualidad.com\/index.php\/2023\/10\/10\/reconocimiento-de-la-uja-a-la-tosiriana-alba-gomez-liebana-como-mejor-estudiante-erasmus-durante-el-pasado-curso\/#breadcrumb\",\"itemListElement\":[{\"@type\":\"ListItem\",\"position\":1,\"name\":\"Portada\",\"item\":\"https:\/\/torredonjimenoactualidad.com\/\"},{\"@type\":\"ListItem\",\"position\":2,\"name\":\"Reconocimiento de la UJA a la tosiriana Alba G\u00f3mez Li\u00e9bana como mejor estudiante Erasmus+ durante el pasado curso\"}]},{\"@type\":\"WebSite\",\"@id\":\"https:\/\/torredonjimenoactualidad.com\/#website\",\"url\":\"https:\/\/torredonjimenoactualidad.com\/\",\"name\":\"Torredonjimeno Actualidad\",\"description\":\"\",\"publisher\":{\"@id\":\"https:\/\/torredonjimenoactualidad.com\/#organization\"},\"potentialAction\":[{\"@type\":\"SearchAction\",\"target\":{\"@type\":\"EntryPoint\",\"urlTemplate\":\"https:\/\/torredonjimenoactualidad.com\/?s={search_term_string}\"},\"query-input\":\"required name=search_term_string\"}],\"inLanguage\":\"es\"},{\"@type\":\"Organization\",\"@id\":\"https:\/\/torredonjimenoactualidad.com\/#organization\",\"name\":\"Torredonjimeno Actualidad\",\"url\":\"https:\/\/torredonjimenoactualidad.com\/\",\"logo\":{\"@type\":\"ImageObject\",\"inLanguage\":\"es\",\"@id\":\"https:\/\/torredonjimenoactualidad.com\/#\/schema\/logo\/image\/\",\"url\":\"https:\/\/torredonjimenoactualidad.com\/wp-content\/uploads\/2023\/02\/logo-torredonjimeno-544x180-1.png\",\"contentUrl\":\"https:\/\/torredonjimenoactualidad.com\/wp-content\/uploads\/2023\/02\/logo-torredonjimeno-544x180-1.png\",\"width\":545,\"height\":112,\"caption\":\"Torredonjimeno Actualidad\"},\"image\":{\"@id\":\"https:\/\/torredonjimenoactualidad.com\/#\/schema\/logo\/image\/\"}},{\"@type\":\"Person\",\"@id\":\"https:\/\/torredonjimenoactualidad.com\/#\/schema\/person\/84de5f233e783ef2c75151a532b54977\",\"name\":\"Alba Mar\u00eda Torres\",\"image\":{\"@type\":\"ImageObject\",\"inLanguage\":\"es\",\"@id\":\"https:\/\/torredonjimenoactualidad.com\/#\/schema\/person\/image\/\",\"url\":\"https:\/\/secure.gravatar.com\/avatar\/f9371f188c71501b4475a9ba2a71595850ec72967f800a2ed8e3e2102859ed65?s=96&d=mm&r=g\",\"contentUrl\":\"https:\/\/secure.gravatar.com\/avatar\/f9371f188c71501b4475a9ba2a71595850ec72967f800a2ed8e3e2102859ed65?s=96&d=mm&r=g\",\"caption\":\"Alba Mar\u00eda Torres\"},\"url\":\"https:\/\/torredonjimenoactualidad.com\/index.php\/author\/alba-torres\/\"}]}<\/script>\n<!-- \/ Yoast SEO plugin. -->","yoast_head_json":{"title":"Reconocimiento de la UJA a la tosiriana Alba G\u00f3mez Li\u00e9bana como mejor estudiante Erasmus+ durante el pasado curso - Torredonjimeno Actualidad","robots":{"index":"index","follow":"follow","max-snippet":"max-snippet:-1","max-image-preview":"max-image-preview:large","max-video-preview":"max-video-preview:-1"},"canonical":"https:\/\/torredonjimenoactualidad.com\/index.php\/2023\/10\/10\/reconocimiento-de-la-uja-a-la-tosiriana-alba-gomez-liebana-como-mejor-estudiante-erasmus-durante-el-pasado-curso\/","og_locale":"es_ES","og_type":"article","og_title":"Reconocimiento de la UJA a la tosiriana Alba G\u00f3mez Li\u00e9bana como mejor estudiante Erasmus+ durante el pasado curso - Torredonjimeno Actualidad","og_description":"El Rector de la Universidad de Ja\u00e9n (UJA),\u00a0Nicol\u00e1s Ruiz Reyes, asegur\u00f3 ayer lunes que la instituci\u00f3n acad\u00e9mica est\u00e1 \u201cabierta al mundo\u201d y destac\u00f3 su car\u00e1cter internacional, durante la Ceremonia de Bienvenida del Alumnado Extranjero, a la que asistieron 500 de los 1.700 estudiantes que este curso acad\u00e9mico 2023-2024 recibir\u00e1 la instituci\u00f3n.\u00a0\u00a0\u00a0\u00a0\u00a0\u00a0\u00a0\u00a0 En la actualidad, cerca &hellip; Reconocimiento de la UJA a la tosiriana Alba G\u00f3mez Li\u00e9bana como mejor estudiante Erasmus+ durante el pasado curso Leer m\u00e1s &raquo;","og_url":"https:\/\/torredonjimenoactualidad.com\/index.php\/2023\/10\/10\/reconocimiento-de-la-uja-a-la-tosiriana-alba-gomez-liebana-como-mejor-estudiante-erasmus-durante-el-pasado-curso\/","og_site_name":"Torredonjimeno Actualidad","article_published_time":"2023-10-10T07:37:24+00:00","article_modified_time":"2023-10-10T07:37:26+00:00","og_image":[{"width":1600,"height":914,"url":"https:\/\/torredonjimenoactualidad.com\/wp-content\/uploads\/2023\/10\/np_PHOTO-2023-10-09-20-44-27.jpg","type":"image\/jpeg"}],"author":"Alba Mar\u00eda Torres","twitter_card":"summary_large_image","twitter_misc":{"Escrito por":"Alba Mar\u00eda Torres","Tiempo de lectura":"4 minutos"},"schema":{"@context":"https:\/\/schema.org","@graph":[{"@type":"Article","@id":"https:\/\/torredonjimenoactualidad.com\/index.php\/2023\/10\/10\/reconocimiento-de-la-uja-a-la-tosiriana-alba-gomez-liebana-como-mejor-estudiante-erasmus-durante-el-pasado-curso\/#article","isPartOf":{"@id":"https:\/\/torredonjimenoactualidad.com\/index.php\/2023\/10\/10\/reconocimiento-de-la-uja-a-la-tosiriana-alba-gomez-liebana-como-mejor-estudiante-erasmus-durante-el-pasado-curso\/"},"author":{"name":"Alba Mar\u00eda Torres","@id":"https:\/\/torredonjimenoactualidad.com\/#\/schema\/person\/84de5f233e783ef2c75151a532b54977"},"headline":"Reconocimiento de la UJA a la tosiriana Alba G\u00f3mez Li\u00e9bana como mejor estudiante Erasmus+ durante el pasado curso","datePublished":"2023-10-10T07:37:24+00:00","dateModified":"2023-10-10T07:37:26+00:00","mainEntityOfPage":{"@id":"https:\/\/torredonjimenoactualidad.com\/index.php\/2023\/10\/10\/reconocimiento-de-la-uja-a-la-tosiriana-alba-gomez-liebana-como-mejor-estudiante-erasmus-durante-el-pasado-curso\/"},"wordCount":769,"publisher":{"@id":"https:\/\/torredonjimenoactualidad.com\/#organization"},"articleSection":["local"],"inLanguage":"es"},{"@type":"WebPage","@id":"https:\/\/torredonjimenoactualidad.com\/index.php\/2023\/10\/10\/reconocimiento-de-la-uja-a-la-tosiriana-alba-gomez-liebana-como-mejor-estudiante-erasmus-durante-el-pasado-curso\/","url":"https:\/\/torredonjimenoactualidad.com\/index.php\/2023\/10\/10\/reconocimiento-de-la-uja-a-la-tosiriana-alba-gomez-liebana-como-mejor-estudiante-erasmus-durante-el-pasado-curso\/","name":"Reconocimiento de la UJA a la tosiriana Alba G\u00f3mez Li\u00e9bana como mejor estudiante Erasmus+ durante el pasado curso - Torredonjimeno Actualidad","isPartOf":{"@id":"https:\/\/torredonjimenoactualidad.com\/#website"},"datePublished":"2023-10-10T07:37:24+00:00","dateModified":"2023-10-10T07:37:26+00:00","breadcrumb":{"@id":"https:\/\/torredonjimenoactualidad.com\/index.php\/2023\/10\/10\/reconocimiento-de-la-uja-a-la-tosiriana-alba-gomez-liebana-como-mejor-estudiante-erasmus-durante-el-pasado-curso\/#breadcrumb"},"inLanguage":"es","potentialAction":[{"@type":"ReadAction","target":["https:\/\/torredonjimenoactualidad.com\/index.php\/2023\/10\/10\/reconocimiento-de-la-uja-a-la-tosiriana-alba-gomez-liebana-como-mejor-estudiante-erasmus-durante-el-pasado-curso\/"]}]},{"@type":"BreadcrumbList","@id":"https:\/\/torredonjimenoactualidad.com\/index.php\/2023\/10\/10\/reconocimiento-de-la-uja-a-la-tosiriana-alba-gomez-liebana-como-mejor-estudiante-erasmus-durante-el-pasado-curso\/#breadcrumb","itemListElement":[{"@type":"ListItem","position":1,"name":"Portada","item":"https:\/\/torredonjimenoactualidad.com\/"},{"@type":"ListItem","position":2,"name":"Reconocimiento de la UJA a la tosiriana Alba G\u00f3mez Li\u00e9bana como mejor estudiante Erasmus+ durante el pasado curso"}]},{"@type":"WebSite","@id":"https:\/\/torredonjimenoactualidad.com\/#website","url":"https:\/\/torredonjimenoactualidad.com\/","name":"Torredonjimeno Actualidad","description":"","publisher":{"@id":"https:\/\/torredonjimenoactualidad.com\/#organization"},"potentialAction":[{"@type":"SearchAction","target":{"@type":"EntryPoint","urlTemplate":"https:\/\/torredonjimenoactualidad.com\/?s={search_term_string}"},"query-input":"required name=search_term_string"}],"inLanguage":"es"},{"@type":"Organization","@id":"https:\/\/torredonjimenoactualidad.com\/#organization","name":"Torredonjimeno Actualidad","url":"https:\/\/torredonjimenoactualidad.com\/","logo":{"@type":"ImageObject","inLanguage":"es","@id":"https:\/\/torredonjimenoactualidad.com\/#\/schema\/logo\/image\/","url":"https:\/\/torredonjimenoactualidad.com\/wp-content\/uploads\/2023\/02\/logo-torredonjimeno-544x180-1.png","contentUrl":"https:\/\/torredonjimenoactualidad.com\/wp-content\/uploads\/2023\/02\/logo-torredonjimeno-544x180-1.png","width":545,"height":112,"caption":"Torredonjimeno Actualidad"},"image":{"@id":"https:\/\/torredonjimenoactualidad.com\/#\/schema\/logo\/image\/"}},{"@type":"Person","@id":"https:\/\/torredonjimenoactualidad.com\/#\/schema\/person\/84de5f233e783ef2c75151a532b54977","name":"Alba Mar\u00eda Torres","image":{"@type":"ImageObject","inLanguage":"es","@id":"https:\/\/torredonjimenoactualidad.com\/#\/schema\/person\/image\/","url":"https:\/\/secure.gravatar.com\/avatar\/f9371f188c71501b4475a9ba2a71595850ec72967f800a2ed8e3e2102859ed65?s=96&d=mm&r=g","contentUrl":"https:\/\/secure.gravatar.com\/avatar\/f9371f188c71501b4475a9ba2a71595850ec72967f800a2ed8e3e2102859ed65?s=96&d=mm&r=g","caption":"Alba Mar\u00eda Torres"},"url":"https:\/\/torredonjimenoactualidad.com\/index.php\/author\/alba-torres\/"}]}},"_links":{"self":[{"href":"https:\/\/torredonjimenoactualidad.com\/index.php\/wp-json\/wp\/v2\/posts\/1088","targetHints":{"allow":["GET"]}}],"collection":[{"href":"https:\/\/torredonjimenoactualidad.com\/index.php\/wp-json\/wp\/v2\/posts"}],"about":[{"href":"https:\/\/torredonjimenoactualidad.com\/index.php\/wp-json\/wp\/v2\/types\/post"}],"author":[{"embeddable":true,"href":"https:\/\/torredonjimenoactualidad.com\/index.php\/wp-json\/wp\/v2\/users\/2"}],"replies":[{"embeddable":true,"href":"https:\/\/torredonjimenoactualidad.com\/index.php\/wp-json\/wp\/v2\/comments?post=1088"}],"version-history":[{"count":1,"href":"https:\/\/torredonjimenoactualidad.com\/index.php\/wp-json\/wp\/v2\/posts\/1088\/revisions"}],"predecessor-version":[{"id":1090,"href":"https:\/\/torredonjimenoactualidad.com\/index.php\/wp-json\/wp\/v2\/posts\/1088\/revisions\/1090"}],"wp:featuredmedia":[{"embeddable":true,"href":"https:\/\/torredonjimenoactualidad.com\/index.php\/wp-json\/wp\/v2\/media\/1089"}],"wp:attachment":[{"href":"https:\/\/torredonjimenoactualidad.com\/index.php\/wp-json\/wp\/v2\/media?parent=1088"}],"wp:term":[{"taxonomy":"category","embeddable":true,"href":"https:\/\/torredonjimenoactualidad.com\/index.php\/wp-json\/wp\/v2\/categories?post=1088"},{"taxonomy":"post_tag","embeddable":true,"href":"https:\/\/torredonjimenoactualidad.com\/index.php\/wp-json\/wp\/v2\/tags?post=1088"}],"curies":[{"name":"wp","href":"https:\/\/api.w.org\/{rel}","templated":true}]}}