{"id":1077,"date":"2023-10-09T11:45:23","date_gmt":"2023-10-09T11:45:23","guid":{"rendered":"https:\/\/torredonjimenoactualidad.com\/?p=1077"},"modified":"2023-10-09T11:45:25","modified_gmt":"2023-10-09T11:45:25","slug":"la-guardia-civil-formulo-el-ano-pasado-mas-de-1-000-denuncias-por-el-uso-indebido-de-moviles-y-otros-dispositivos","status":"publish","type":"post","link":"https:\/\/torredonjimenoactualidad.com\/index.php\/2023\/10\/09\/la-guardia-civil-formulo-el-ano-pasado-mas-de-1-000-denuncias-por-el-uso-indebido-de-moviles-y-otros-dispositivos\/","title":{"rendered":"La Guardia Civil formul\u00f3 el a\u00f1o pasado m\u00e1s de 1.000 denuncias por el uso indebido de m\u00f3viles y otros dispositivos"},"content":{"rendered":"\n<p>Los agentes del Subsector de Tr\u00e1fico de la Guardia Civil en Ja\u00e9n formularon durante 2022 un total de 1.014 denuncias en la provincia por el empleo del tel\u00e9fono m\u00f3vil sin manos libres, el uso de auriculares u otros dispositivos de sonido y la manipulaci\u00f3n de dispositivos visuales.<\/p>\n\n\n\n<p>As\u00ed se ha precisado este lunes en la presentaci\u00f3n de la nueva campa\u00f1a especial de vigilancia de distracciones al volante que se desarrolla hasta el domingo. En concreto, la subdelegada del Gobierno, Catalina Madue\u00f1o; el jefe provincial de la DGT, Juan Diego Ram\u00edrez; el jefe del citado subsector en Ja\u00e9n, el capit\u00e1n Antonio Mu\u00f1oz, y el presidente provincial de Asociaci\u00f3n de Personas con lesi\u00f3n medular y otras discapacidades f\u00edsicas (Aspaym), Carlos Linares, han visitado el puesto de control establecido en la carretera A-311.<\/p>\n\n\n\n<p>Madue\u00f1o ha hecho un llamamiento a los conductores para que \u00abcentren toda la atenci\u00f3n en las tareas requeridas para circular por las v\u00edas p\u00fablicas por las cuales circulan otros usuarios. \u00abEs fundamental mantener toda la atenci\u00f3n si se est\u00e1 al volante, ya que este tipo de distracciones son un factor de riesgo significativo en el tr\u00e1fico\u00bb, ha se\u00f1alado.<\/p>\n\n\n\n<p>Seg\u00fan ha explicado, durante la \u00faltima campa\u00f1a de este tipo, que tuvo lugar del 7 al 13 de septiembre de 2022, se controlaron en la provincia de Ja\u00e9n 20.067 veh\u00edculos y se formularon un total de 45 denuncias. Forman parte de las once denuncias por la manipulaci\u00f3n de dispositivos visuales, 157 por el uso de auriculares u otros dispositivos de sonido y 846 por el uso del tel\u00e9fono m\u00f3vil sin manos libres que se registraron el a\u00f1o pasado.<\/p>\n\n\n\n<p>\u00abEsta campa\u00f1a de control y vigilancia es esencial para contribuir a reducir las actitudes de los usuarios que implican comportamientos de alto riesgo, que ponen en riesgo la seguridad de la circulaci\u00f3n, ponen en riesgo su propia vida, y la vida del resto de usuarios de las v\u00edas\u00bb, ha afirmado la subdelegada.<\/p>\n\n\n\n<p>Ha apuntado que \u00abla conducci\u00f3n distra\u00edda y\/o desatenta se mantiene como primera causa concurrente m\u00e1s frecuente en los siniestros de tr\u00e1fico en las v\u00edas de circulaci\u00f3n desde 2017, con mayor intensidad tanto respecto del porcentaje total de siniestros como del porcentaje total de casos con fallecidos\u00bb.<\/p>\n\n\n\n<p>Tambi\u00e9n ha manifestado que el uso del tel\u00e9fono m\u00f3vil convencional durante la conducci\u00f3n aumenta de forma significativa el riesgo de colisi\u00f3n, \u00absiendo de entre cuatro y seis veces superior al riesgo en condiciones normales, un riesgo que puede ser equiparable a la conducci\u00f3n por exceso de alcohol\u00bb.<\/p>\n\n\n\n<h2 class=\"wp-block-heading\">ESTRATEGIA<\/h2>\n\n\n\n<p>La Estrategia Espa\u00f1ola de Seguridad Vial 2030, de acuerdo con los par\u00e1metros de la Agenda 2030 de las Naciones Unidas, identifica como un \u00e1rea estrat\u00e9gica la \u00abtolerancia cero con los comportamientos de mayor riesgo\u00bb en consonancia con el enfoque del sistema seguro integrado.<\/p>\n\n\n\n<p>Aborda la necesidad de actividades de vigilancia y control para reducir el impacto de las conductas de mayor riesgo. Son l\u00edneas de actuaci\u00f3n prioritarias en ese sentido aumentar el impacto de la vigilancia mediante una mejor planificaci\u00f3n y potenciar la vigilancia de las conductas de mayor riesgo mediante la aplicaci\u00f3n de las nuevas tecnolog\u00edas, en particular, la vigilancia del uso del tel\u00e9fono m\u00f3vil.<\/p>\n\n\n\n<p>Con motivo de esta campa\u00f1a, la DGT hace hincapi\u00e9 en el hecho de que la distracci\u00f3n y la velocidad son un binomio que aumenta muy significativamente los niveles de riesgo durante la conducci\u00f3n. El tipo de accidente m\u00e1s frecuente debido a la distracci\u00f3n es la salida de la v\u00eda, junto con el choque con el veh\u00edculo precedente y\/o atropello de peatones.<\/p>\n\n\n\n<p>En el contexto del tr\u00e1fico cuanto mayor es la velocidad del propio veh\u00edculo y\/o del resto de veh\u00edculos, el margen de reacci\u00f3n que tiene el conductor es menor frente a los imprevistos y m\u00e1s conveniente resulta que el conductor se concentre totalmente en las tareas de conducir y evite todo tipo de distracciones, especialmente, aquellas que suponen apartar la mirada de la v\u00eda durante m\u00e1s tiempo, como la manipulaci\u00f3n de dispositivos electr\u00f3nicos para diversas funcionalidades.<\/p>\n\n\n\n<h2 class=\"wp-block-heading\">PARTICIPACI\u00d3N DE LOS AYUNTAMIENTOS<\/h2>\n\n\n\n<p>Finalmente, la subdelegada ha subrayado que desde la Direcci\u00f3n General de Tr\u00e1fico se ha solicitado la adhesi\u00f3n a esta campa\u00f1a, para el control de distracciones en las v\u00edas urbanas, a los ayuntamientos de la provincia. \u00abLa adhesi\u00f3n y participaci\u00f3n de los ayuntamientos en el desarrollo de las diferentes campa\u00f1as de concienciaci\u00f3n, vigilancia y control, contribuye notablemente a reforzar el impacto de la misma\u00bb, ha resaltado.<\/p>\n\n\n\n<p>Al respecto, cabe se\u00f1alar la respuesta de consistorios como el de la capital jiennense, que ha informado de su adhesi\u00f3n a esta iniciativa, al tiempo que ha recordado que la ciudad constituye el primer escenario donde el conductor inicia la adquisici\u00f3n de h\u00e1bitos y costumbres que, con posterioridad, se manifiestan en la carretera. \u00abDe ah\u00ed la especial importancia de adhesi\u00f3n por parte de la Polic\u00eda Local de Ja\u00e9n a esta campa\u00f1a\u00bb, ha valorado.<\/p>\n\n\n\n<p>La actual normativa considera infracci\u00f3n grave conducir utilizando cualquier tipo de casco de audio o auricular conectado a aparatos receptores o reproductores de sonido u otros dispositivos que disminuyan la atenci\u00f3n permanente a la conducci\u00f3n, as\u00ed como conducir utilizando manualmente dispositivos de telefon\u00eda m\u00f3vil, navegadores o cualquier otro sistema de comunicaci\u00f3n. Se castiga con una multa de 200 euros.<\/p>\n\n\n\n<p>Tambi\u00e9n la Ley de permiso por puntos, tras reforma normativa en 2022, modific\u00f3 el n\u00famero de puntos que se pierde en relaci\u00f3n con el uso del m\u00f3vil mientras se conduce, pasando de tres a seis puntos, con el siguiente descriptivo.<\/p>\n","protected":false},"excerpt":{"rendered":"<p>Los agentes del Subsector de Tr\u00e1fico de la Guardia Civil en Ja\u00e9n formularon durante 2022 un total de 1.014 denuncias en la provincia por el empleo del tel\u00e9fono m\u00f3vil sin manos libres, el uso de auriculares u otros dispositivos de sonido y la manipulaci\u00f3n de dispositivos visuales. As\u00ed se ha precisado este lunes en la &hellip;<\/p>\n<p class=\"read-more\"> <a class=\"\" href=\"https:\/\/torredonjimenoactualidad.com\/index.php\/2023\/10\/09\/la-guardia-civil-formulo-el-ano-pasado-mas-de-1-000-denuncias-por-el-uso-indebido-de-moviles-y-otros-dispositivos\/\"> <span class=\"screen-reader-text\">La Guardia Civil formul\u00f3 el a\u00f1o pasado m\u00e1s de 1.000 denuncias por el uso indebido de m\u00f3viles y otros dispositivos<\/span> Leer m\u00e1s &raquo;<\/a><\/p>\n","protected":false},"author":2,"featured_media":1078,"comment_status":"open","ping_status":"open","sticky":false,"template":"","format":"standard","meta":{"site-sidebar-layout":"default","site-content-layout":"default","ast-global-header-display":"","ast-main-header-display":"","ast-hfb-above-header-display":"","ast-hfb-below-header-display":"","ast-hfb-mobile-header-display":"","site-post-title":"","ast-breadcrumbs-content":"","ast-featured-img":"","footer-sml-layout":"","theme-transparent-header-meta":"","adv-header-id-meta":"","stick-header-meta":"","header-above-stick-meta":"","header-main-stick-meta":"","header-below-stick-meta":"","footnotes":""},"categories":[8],"tags":[],"class_list":["post-1077","post","type-post","status-publish","format-standard","has-post-thumbnail","hentry","category-provincia"],"yoast_head":"<!-- This site is optimized with the Yoast SEO plugin v20.8 - https:\/\/yoast.com\/wordpress\/plugins\/seo\/ -->\n<title>La Guardia Civil formul\u00f3 el a\u00f1o pasado m\u00e1s de 1.000 denuncias por el uso indebido de m\u00f3viles y otros dispositivos - Torredonjimeno Actualidad<\/title>\n<meta name=\"robots\" content=\"index, follow, max-snippet:-1, max-image-preview:large, max-video-preview:-1\" \/>\n<link rel=\"canonical\" href=\"https:\/\/torredonjimenoactualidad.com\/index.php\/2023\/10\/09\/la-guardia-civil-formulo-el-ano-pasado-mas-de-1-000-denuncias-por-el-uso-indebido-de-moviles-y-otros-dispositivos\/\" \/>\n<meta property=\"og:locale\" content=\"es_ES\" \/>\n<meta property=\"og:type\" content=\"article\" \/>\n<meta property=\"og:title\" content=\"La Guardia Civil formul\u00f3 el a\u00f1o pasado m\u00e1s de 1.000 denuncias por el uso indebido de m\u00f3viles y otros dispositivos - Torredonjimeno Actualidad\" \/>\n<meta property=\"og:description\" content=\"Los agentes del Subsector de Tr\u00e1fico de la Guardia Civil en Ja\u00e9n formularon durante 2022 un total de 1.014 denuncias en la provincia por el empleo del tel\u00e9fono m\u00f3vil sin manos libres, el uso de auriculares u otros dispositivos de sonido y la manipulaci\u00f3n de dispositivos visuales. As\u00ed se ha precisado este lunes en la &hellip; La Guardia Civil formul\u00f3 el a\u00f1o pasado m\u00e1s de 1.000 denuncias por el uso indebido de m\u00f3viles y otros dispositivos Leer m\u00e1s &raquo;\" \/>\n<meta property=\"og:url\" content=\"https:\/\/torredonjimenoactualidad.com\/index.php\/2023\/10\/09\/la-guardia-civil-formulo-el-ano-pasado-mas-de-1-000-denuncias-por-el-uso-indebido-de-moviles-y-otros-dispositivos\/\" \/>\n<meta property=\"og:site_name\" content=\"Torredonjimeno Actualidad\" \/>\n<meta property=\"article:published_time\" content=\"2023-10-09T11:45:23+00:00\" \/>\n<meta property=\"article:modified_time\" content=\"2023-10-09T11:45:25+00:00\" \/>\n<meta property=\"og:image\" content=\"https:\/\/torredonjimenoactualidad.com\/wp-content\/uploads\/2023\/10\/fotonoticia_20231009122953_1920.jpg\" \/>\n\t<meta property=\"og:image:width\" content=\"1585\" \/>\n\t<meta property=\"og:image:height\" content=\"905\" \/>\n\t<meta property=\"og:image:type\" content=\"image\/jpeg\" \/>\n<meta name=\"author\" content=\"Alba Mar\u00eda Torres\" \/>\n<meta name=\"twitter:card\" content=\"summary_large_image\" \/>\n<meta name=\"twitter:label1\" content=\"Escrito por\" \/>\n\t<meta name=\"twitter:data1\" content=\"Alba Mar\u00eda Torres\" \/>\n\t<meta name=\"twitter:label2\" content=\"Tiempo de lectura\" \/>\n\t<meta name=\"twitter:data2\" content=\"5 minutos\" \/>\n<script type=\"application\/ld+json\" class=\"yoast-schema-graph\">{\"@context\":\"https:\/\/schema.org\",\"@graph\":[{\"@type\":\"Article\",\"@id\":\"https:\/\/torredonjimenoactualidad.com\/index.php\/2023\/10\/09\/la-guardia-civil-formulo-el-ano-pasado-mas-de-1-000-denuncias-por-el-uso-indebido-de-moviles-y-otros-dispositivos\/#article\",\"isPartOf\":{\"@id\":\"https:\/\/torredonjimenoactualidad.com\/index.php\/2023\/10\/09\/la-guardia-civil-formulo-el-ano-pasado-mas-de-1-000-denuncias-por-el-uso-indebido-de-moviles-y-otros-dispositivos\/\"},\"author\":{\"name\":\"Alba Mar\u00eda Torres\",\"@id\":\"https:\/\/torredonjimenoactualidad.com\/#\/schema\/person\/84de5f233e783ef2c75151a532b54977\"},\"headline\":\"La Guardia Civil formul\u00f3 el a\u00f1o pasado m\u00e1s de 1.000 denuncias por el uso indebido de m\u00f3viles y otros dispositivos\",\"datePublished\":\"2023-10-09T11:45:23+00:00\",\"dateModified\":\"2023-10-09T11:45:25+00:00\",\"mainEntityOfPage\":{\"@id\":\"https:\/\/torredonjimenoactualidad.com\/index.php\/2023\/10\/09\/la-guardia-civil-formulo-el-ano-pasado-mas-de-1-000-denuncias-por-el-uso-indebido-de-moviles-y-otros-dispositivos\/\"},\"wordCount\":1005,\"commentCount\":0,\"publisher\":{\"@id\":\"https:\/\/torredonjimenoactualidad.com\/#organization\"},\"articleSection\":[\"provincia\"],\"inLanguage\":\"es\",\"potentialAction\":[{\"@type\":\"CommentAction\",\"name\":\"Comment\",\"target\":[\"https:\/\/torredonjimenoactualidad.com\/index.php\/2023\/10\/09\/la-guardia-civil-formulo-el-ano-pasado-mas-de-1-000-denuncias-por-el-uso-indebido-de-moviles-y-otros-dispositivos\/#respond\"]}]},{\"@type\":\"WebPage\",\"@id\":\"https:\/\/torredonjimenoactualidad.com\/index.php\/2023\/10\/09\/la-guardia-civil-formulo-el-ano-pasado-mas-de-1-000-denuncias-por-el-uso-indebido-de-moviles-y-otros-dispositivos\/\",\"url\":\"https:\/\/torredonjimenoactualidad.com\/index.php\/2023\/10\/09\/la-guardia-civil-formulo-el-ano-pasado-mas-de-1-000-denuncias-por-el-uso-indebido-de-moviles-y-otros-dispositivos\/\",\"name\":\"La Guardia Civil formul\u00f3 el a\u00f1o pasado m\u00e1s de 1.000 denuncias por el uso indebido de m\u00f3viles y otros dispositivos - Torredonjimeno Actualidad\",\"isPartOf\":{\"@id\":\"https:\/\/torredonjimenoactualidad.com\/#website\"},\"datePublished\":\"2023-10-09T11:45:23+00:00\",\"dateModified\":\"2023-10-09T11:45:25+00:00\",\"breadcrumb\":{\"@id\":\"https:\/\/torredonjimenoactualidad.com\/index.php\/2023\/10\/09\/la-guardia-civil-formulo-el-ano-pasado-mas-de-1-000-denuncias-por-el-uso-indebido-de-moviles-y-otros-dispositivos\/#breadcrumb\"},\"inLanguage\":\"es\",\"potentialAction\":[{\"@type\":\"ReadAction\",\"target\":[\"https:\/\/torredonjimenoactualidad.com\/index.php\/2023\/10\/09\/la-guardia-civil-formulo-el-ano-pasado-mas-de-1-000-denuncias-por-el-uso-indebido-de-moviles-y-otros-dispositivos\/\"]}]},{\"@type\":\"BreadcrumbList\",\"@id\":\"https:\/\/torredonjimenoactualidad.com\/index.php\/2023\/10\/09\/la-guardia-civil-formulo-el-ano-pasado-mas-de-1-000-denuncias-por-el-uso-indebido-de-moviles-y-otros-dispositivos\/#breadcrumb\",\"itemListElement\":[{\"@type\":\"ListItem\",\"position\":1,\"name\":\"Portada\",\"item\":\"https:\/\/torredonjimenoactualidad.com\/\"},{\"@type\":\"ListItem\",\"position\":2,\"name\":\"La Guardia Civil formul\u00f3 el a\u00f1o pasado m\u00e1s de 1.000 denuncias por el uso indebido de m\u00f3viles y otros dispositivos\"}]},{\"@type\":\"WebSite\",\"@id\":\"https:\/\/torredonjimenoactualidad.com\/#website\",\"url\":\"https:\/\/torredonjimenoactualidad.com\/\",\"name\":\"Torredonjimeno Actualidad\",\"description\":\"\",\"publisher\":{\"@id\":\"https:\/\/torredonjimenoactualidad.com\/#organization\"},\"potentialAction\":[{\"@type\":\"SearchAction\",\"target\":{\"@type\":\"EntryPoint\",\"urlTemplate\":\"https:\/\/torredonjimenoactualidad.com\/?s={search_term_string}\"},\"query-input\":\"required name=search_term_string\"}],\"inLanguage\":\"es\"},{\"@type\":\"Organization\",\"@id\":\"https:\/\/torredonjimenoactualidad.com\/#organization\",\"name\":\"Torredonjimeno Actualidad\",\"url\":\"https:\/\/torredonjimenoactualidad.com\/\",\"logo\":{\"@type\":\"ImageObject\",\"inLanguage\":\"es\",\"@id\":\"https:\/\/torredonjimenoactualidad.com\/#\/schema\/logo\/image\/\",\"url\":\"https:\/\/torredonjimenoactualidad.com\/wp-content\/uploads\/2023\/02\/logo-torredonjimeno-544x180-1.png\",\"contentUrl\":\"https:\/\/torredonjimenoactualidad.com\/wp-content\/uploads\/2023\/02\/logo-torredonjimeno-544x180-1.png\",\"width\":545,\"height\":112,\"caption\":\"Torredonjimeno Actualidad\"},\"image\":{\"@id\":\"https:\/\/torredonjimenoactualidad.com\/#\/schema\/logo\/image\/\"}},{\"@type\":\"Person\",\"@id\":\"https:\/\/torredonjimenoactualidad.com\/#\/schema\/person\/84de5f233e783ef2c75151a532b54977\",\"name\":\"Alba Mar\u00eda Torres\",\"image\":{\"@type\":\"ImageObject\",\"inLanguage\":\"es\",\"@id\":\"https:\/\/torredonjimenoactualidad.com\/#\/schema\/person\/image\/\",\"url\":\"https:\/\/secure.gravatar.com\/avatar\/f9371f188c71501b4475a9ba2a71595850ec72967f800a2ed8e3e2102859ed65?s=96&d=mm&r=g\",\"contentUrl\":\"https:\/\/secure.gravatar.com\/avatar\/f9371f188c71501b4475a9ba2a71595850ec72967f800a2ed8e3e2102859ed65?s=96&d=mm&r=g\",\"caption\":\"Alba Mar\u00eda Torres\"},\"url\":\"https:\/\/torredonjimenoactualidad.com\/index.php\/author\/alba-torres\/\"}]}<\/script>\n<!-- \/ Yoast SEO plugin. -->","yoast_head_json":{"title":"La Guardia Civil formul\u00f3 el a\u00f1o pasado m\u00e1s de 1.000 denuncias por el uso indebido de m\u00f3viles y otros dispositivos - Torredonjimeno Actualidad","robots":{"index":"index","follow":"follow","max-snippet":"max-snippet:-1","max-image-preview":"max-image-preview:large","max-video-preview":"max-video-preview:-1"},"canonical":"https:\/\/torredonjimenoactualidad.com\/index.php\/2023\/10\/09\/la-guardia-civil-formulo-el-ano-pasado-mas-de-1-000-denuncias-por-el-uso-indebido-de-moviles-y-otros-dispositivos\/","og_locale":"es_ES","og_type":"article","og_title":"La Guardia Civil formul\u00f3 el a\u00f1o pasado m\u00e1s de 1.000 denuncias por el uso indebido de m\u00f3viles y otros dispositivos - Torredonjimeno Actualidad","og_description":"Los agentes del Subsector de Tr\u00e1fico de la Guardia Civil en Ja\u00e9n formularon durante 2022 un total de 1.014 denuncias en la provincia por el empleo del tel\u00e9fono m\u00f3vil sin manos libres, el uso de auriculares u otros dispositivos de sonido y la manipulaci\u00f3n de dispositivos visuales. As\u00ed se ha precisado este lunes en la &hellip; La Guardia Civil formul\u00f3 el a\u00f1o pasado m\u00e1s de 1.000 denuncias por el uso indebido de m\u00f3viles y otros dispositivos Leer m\u00e1s &raquo;","og_url":"https:\/\/torredonjimenoactualidad.com\/index.php\/2023\/10\/09\/la-guardia-civil-formulo-el-ano-pasado-mas-de-1-000-denuncias-por-el-uso-indebido-de-moviles-y-otros-dispositivos\/","og_site_name":"Torredonjimeno Actualidad","article_published_time":"2023-10-09T11:45:23+00:00","article_modified_time":"2023-10-09T11:45:25+00:00","og_image":[{"width":1585,"height":905,"url":"https:\/\/torredonjimenoactualidad.com\/wp-content\/uploads\/2023\/10\/fotonoticia_20231009122953_1920.jpg","type":"image\/jpeg"}],"author":"Alba Mar\u00eda Torres","twitter_card":"summary_large_image","twitter_misc":{"Escrito por":"Alba Mar\u00eda Torres","Tiempo de lectura":"5 minutos"},"schema":{"@context":"https:\/\/schema.org","@graph":[{"@type":"Article","@id":"https:\/\/torredonjimenoactualidad.com\/index.php\/2023\/10\/09\/la-guardia-civil-formulo-el-ano-pasado-mas-de-1-000-denuncias-por-el-uso-indebido-de-moviles-y-otros-dispositivos\/#article","isPartOf":{"@id":"https:\/\/torredonjimenoactualidad.com\/index.php\/2023\/10\/09\/la-guardia-civil-formulo-el-ano-pasado-mas-de-1-000-denuncias-por-el-uso-indebido-de-moviles-y-otros-dispositivos\/"},"author":{"name":"Alba Mar\u00eda Torres","@id":"https:\/\/torredonjimenoactualidad.com\/#\/schema\/person\/84de5f233e783ef2c75151a532b54977"},"headline":"La Guardia Civil formul\u00f3 el a\u00f1o pasado m\u00e1s de 1.000 denuncias por el uso indebido de m\u00f3viles y otros dispositivos","datePublished":"2023-10-09T11:45:23+00:00","dateModified":"2023-10-09T11:45:25+00:00","mainEntityOfPage":{"@id":"https:\/\/torredonjimenoactualidad.com\/index.php\/2023\/10\/09\/la-guardia-civil-formulo-el-ano-pasado-mas-de-1-000-denuncias-por-el-uso-indebido-de-moviles-y-otros-dispositivos\/"},"wordCount":1005,"commentCount":0,"publisher":{"@id":"https:\/\/torredonjimenoactualidad.com\/#organization"},"articleSection":["provincia"],"inLanguage":"es","potentialAction":[{"@type":"CommentAction","name":"Comment","target":["https:\/\/torredonjimenoactualidad.com\/index.php\/2023\/10\/09\/la-guardia-civil-formulo-el-ano-pasado-mas-de-1-000-denuncias-por-el-uso-indebido-de-moviles-y-otros-dispositivos\/#respond"]}]},{"@type":"WebPage","@id":"https:\/\/torredonjimenoactualidad.com\/index.php\/2023\/10\/09\/la-guardia-civil-formulo-el-ano-pasado-mas-de-1-000-denuncias-por-el-uso-indebido-de-moviles-y-otros-dispositivos\/","url":"https:\/\/torredonjimenoactualidad.com\/index.php\/2023\/10\/09\/la-guardia-civil-formulo-el-ano-pasado-mas-de-1-000-denuncias-por-el-uso-indebido-de-moviles-y-otros-dispositivos\/","name":"La Guardia Civil formul\u00f3 el a\u00f1o pasado m\u00e1s de 1.000 denuncias por el uso indebido de m\u00f3viles y otros dispositivos - Torredonjimeno Actualidad","isPartOf":{"@id":"https:\/\/torredonjimenoactualidad.com\/#website"},"datePublished":"2023-10-09T11:45:23+00:00","dateModified":"2023-10-09T11:45:25+00:00","breadcrumb":{"@id":"https:\/\/torredonjimenoactualidad.com\/index.php\/2023\/10\/09\/la-guardia-civil-formulo-el-ano-pasado-mas-de-1-000-denuncias-por-el-uso-indebido-de-moviles-y-otros-dispositivos\/#breadcrumb"},"inLanguage":"es","potentialAction":[{"@type":"ReadAction","target":["https:\/\/torredonjimenoactualidad.com\/index.php\/2023\/10\/09\/la-guardia-civil-formulo-el-ano-pasado-mas-de-1-000-denuncias-por-el-uso-indebido-de-moviles-y-otros-dispositivos\/"]}]},{"@type":"BreadcrumbList","@id":"https:\/\/torredonjimenoactualidad.com\/index.php\/2023\/10\/09\/la-guardia-civil-formulo-el-ano-pasado-mas-de-1-000-denuncias-por-el-uso-indebido-de-moviles-y-otros-dispositivos\/#breadcrumb","itemListElement":[{"@type":"ListItem","position":1,"name":"Portada","item":"https:\/\/torredonjimenoactualidad.com\/"},{"@type":"ListItem","position":2,"name":"La Guardia Civil formul\u00f3 el a\u00f1o pasado m\u00e1s de 1.000 denuncias por el uso indebido de m\u00f3viles y otros dispositivos"}]},{"@type":"WebSite","@id":"https:\/\/torredonjimenoactualidad.com\/#website","url":"https:\/\/torredonjimenoactualidad.com\/","name":"Torredonjimeno Actualidad","description":"","publisher":{"@id":"https:\/\/torredonjimenoactualidad.com\/#organization"},"potentialAction":[{"@type":"SearchAction","target":{"@type":"EntryPoint","urlTemplate":"https:\/\/torredonjimenoactualidad.com\/?s={search_term_string}"},"query-input":"required name=search_term_string"}],"inLanguage":"es"},{"@type":"Organization","@id":"https:\/\/torredonjimenoactualidad.com\/#organization","name":"Torredonjimeno Actualidad","url":"https:\/\/torredonjimenoactualidad.com\/","logo":{"@type":"ImageObject","inLanguage":"es","@id":"https:\/\/torredonjimenoactualidad.com\/#\/schema\/logo\/image\/","url":"https:\/\/torredonjimenoactualidad.com\/wp-content\/uploads\/2023\/02\/logo-torredonjimeno-544x180-1.png","contentUrl":"https:\/\/torredonjimenoactualidad.com\/wp-content\/uploads\/2023\/02\/logo-torredonjimeno-544x180-1.png","width":545,"height":112,"caption":"Torredonjimeno Actualidad"},"image":{"@id":"https:\/\/torredonjimenoactualidad.com\/#\/schema\/logo\/image\/"}},{"@type":"Person","@id":"https:\/\/torredonjimenoactualidad.com\/#\/schema\/person\/84de5f233e783ef2c75151a532b54977","name":"Alba Mar\u00eda Torres","image":{"@type":"ImageObject","inLanguage":"es","@id":"https:\/\/torredonjimenoactualidad.com\/#\/schema\/person\/image\/","url":"https:\/\/secure.gravatar.com\/avatar\/f9371f188c71501b4475a9ba2a71595850ec72967f800a2ed8e3e2102859ed65?s=96&d=mm&r=g","contentUrl":"https:\/\/secure.gravatar.com\/avatar\/f9371f188c71501b4475a9ba2a71595850ec72967f800a2ed8e3e2102859ed65?s=96&d=mm&r=g","caption":"Alba Mar\u00eda Torres"},"url":"https:\/\/torredonjimenoactualidad.com\/index.php\/author\/alba-torres\/"}]}},"_links":{"self":[{"href":"https:\/\/torredonjimenoactualidad.com\/index.php\/wp-json\/wp\/v2\/posts\/1077","targetHints":{"allow":["GET"]}}],"collection":[{"href":"https:\/\/torredonjimenoactualidad.com\/index.php\/wp-json\/wp\/v2\/posts"}],"about":[{"href":"https:\/\/torredonjimenoactualidad.com\/index.php\/wp-json\/wp\/v2\/types\/post"}],"author":[{"embeddable":true,"href":"https:\/\/torredonjimenoactualidad.com\/index.php\/wp-json\/wp\/v2\/users\/2"}],"replies":[{"embeddable":true,"href":"https:\/\/torredonjimenoactualidad.com\/index.php\/wp-json\/wp\/v2\/comments?post=1077"}],"version-history":[{"count":1,"href":"https:\/\/torredonjimenoactualidad.com\/index.php\/wp-json\/wp\/v2\/posts\/1077\/revisions"}],"predecessor-version":[{"id":1079,"href":"https:\/\/torredonjimenoactualidad.com\/index.php\/wp-json\/wp\/v2\/posts\/1077\/revisions\/1079"}],"wp:featuredmedia":[{"embeddable":true,"href":"https:\/\/torredonjimenoactualidad.com\/index.php\/wp-json\/wp\/v2\/media\/1078"}],"wp:attachment":[{"href":"https:\/\/torredonjimenoactualidad.com\/index.php\/wp-json\/wp\/v2\/media?parent=1077"}],"wp:term":[{"taxonomy":"category","embeddable":true,"href":"https:\/\/torredonjimenoactualidad.com\/index.php\/wp-json\/wp\/v2\/categories?post=1077"},{"taxonomy":"post_tag","embeddable":true,"href":"https:\/\/torredonjimenoactualidad.com\/index.php\/wp-json\/wp\/v2\/tags?post=1077"}],"curies":[{"name":"wp","href":"https:\/\/api.w.org\/{rel}","templated":true}]}}