{"id":1074,"date":"2023-10-06T15:43:06","date_gmt":"2023-10-06T15:43:06","guid":{"rendered":"https:\/\/torredonjimenoactualidad.com\/?p=1074"},"modified":"2023-10-06T15:43:07","modified_gmt":"2023-10-06T15:43:07","slug":"tierra-adentro-2023-abre-sus-puertas-como-el-gran-escaparate-nacional-del-turismo-de-interior","status":"publish","type":"post","link":"https:\/\/torredonjimenoactualidad.com\/index.php\/2023\/10\/06\/tierra-adentro-2023-abre-sus-puertas-como-el-gran-escaparate-nacional-del-turismo-de-interior\/","title":{"rendered":"Tierra Adentro 2023 abre sus puertas como \u00abel gran escaparate\u00bb nacional del turismo de interior"},"content":{"rendered":"\n<p>La XXI Feria de Turismo, Deporte y Aventura de Andaluc\u00eda, Tierra Adentro 2023, ha abierto este viernes sus puertas en el Recinto Provincial de Ferias y Congresos de Ja\u00e9n, y lo ha hecho como \u00abuna muestra que est\u00e1 totalmente consolidada y que se ha convertido en el gran escaparate del turismo de interior de Andaluc\u00eda y de Espa\u00f1a\u00bb.<\/p>\n\n\n\n<p>As\u00ed lo ha subrayado el presidente de la Diputaci\u00f3n de Ja\u00e9n y presidente de Ferias Ja\u00e9n, Francisco Reyes, durante la inauguraci\u00f3n de esta muestra en la que tambi\u00e9n han participado el consejero de Turismo, Cultura y Deporte de la Junta de Andaluc\u00eda, Arturo Bernal, el alcalde de Ja\u00e9n, Agust\u00edn Gonz\u00e1lez, la subdelegada del Gobierno en Ja\u00e9n, Catalina Madue\u00f1o, y la presidenta del Consejo de Administraci\u00f3n de Ferias Ja\u00e9n, \u00c1frica Colomo, entre otras autoridades.<\/p>\n\n\n\n<p>Por su parte, el consejero de Turismo, Cultura y Deporte, Arturo Bernal, ha destacado como aportaci\u00f3n significativa de la Junta de Andaluc\u00eda a Tierra Adentro, la celebraci\u00f3n de \u00abunas jornadas t\u00e9cnicas muy importantes en las que ponentes de diferentes lugares y especialidades van a poder hablar de innovaci\u00f3n, de sostenibilidad y tambi\u00e9n de buenas pr\u00e1cticas en relaci\u00f3n con destinos y con empresas de este sector\u00bb.<\/p>\n\n\n\n<p>Asimismo, ha hecho referencia a la bolsa de contrataci\u00f3n en la que 50 compradores internacionales \u00abse van a reunir con empresas de Andaluc\u00eda y de Ja\u00e9n para llevar adelante proyectos y, sobre todo, contrataciones de servicios directos\u00bb.<\/p>\n\n\n\n<p>Tambi\u00e9n ha abordado los m\u00e1s de 225 millones de euros que ha aportado la Junta de Andaluc\u00eda a planes de sostenibilidad tur\u00edstica en destino y que han beneficiado a municipios andaluces. En este punto, la subdelegada en Ja\u00e9n, Catalina Madue\u00f1o, ha apuntado que en el caso de la provincia de Ja\u00e9n ha contado con once planes de sostenibilidad t\u00farisca en destino a los que el Gobierno de Espa\u00f1a ha aportado a trav\u00e9s de los Fondos Next Generation casi 40 millones de euros.<\/p>\n\n\n\n<p>Un total de 80 expositores de cuatro comunidades aut\u00f3nomas se dan cita hasta el pr\u00f3ximo domingo 8 de octubre en esta feria organizada por Ferias Ja\u00e9n y que patrocina la Diputaci\u00f3n Provincial. A trav\u00e9s de esta muestra, que cuenta con una superficie expositiva de 8.000 metros cuadrados y a la que se puede acceder de forma gratuita, se va a \u00abdemostrar lo mucho y bueno que tiene una provincia como la nuestra en un a\u00f1o tur\u00edstico importante para la provincia de Ja\u00e9n\u00bb.<\/p>\n\n\n\n<p>En cuento a previsiones, el presidente de la Diputaci\u00f3n ha incidido en que este 2023 \u00abva a ser un a\u00f1o r\u00e9cord, tanto en pernoctaciones como en el n\u00famero de visitantes, as\u00ed lo anticipan los datos que tenemos hasta el mes de agosto\u00bb.<\/p>\n\n\n\n<p>Seg\u00fan datos del Sistema de Inteligencia Tur\u00edstica (SIT) de Ja\u00e9n, de enero a agosto de 2023 se han registrado m\u00e1s de 473.000 viajeros en alojamientos tur\u00edsticos de la provincia de Ja\u00e9n \u2013que engloban a alojamientos rurales, hoteleros, campings y apartamentos\u2013, una cifra que supone un incremento del 2,15 por ciento respecto al mismo periodo del a\u00f1o anterior.<\/p>\n\n\n\n<p>Asimismo, se han contabilizado m\u00e1s de 975.000 pernoctaciones en los ocho primeros meses de este a\u00f1o, esto es, un 2,22 por ciento m\u00e1s que en el mismo periodo de 2022. Para el presidente de la Diputaci\u00f3n de Ja\u00e9n, los buenos resultados tur\u00edsticos son \u00abfruto del esfuerzo que realizan las empresarias y los empresarios del sector ofreciendo servicios e infraestructuras de calidad, as\u00ed como de la labor de promoci\u00f3n que realizamos desde las distintas administraciones\u00bb.<\/p>\n\n\n\n<p>A lo largo de los pr\u00f3ximos tres d\u00edas, Tierra Adentro ser\u00e1 escenario de \u00abun amplio programa de actividades\u00bb, entre las que Reyes que ha destacado el Encuentro Internacional de Naturaleza e Interior \u2018Elige naturaleza\u2019, en el que participan cerca de medio centenar de agentes de viaje \u2014 diez de ellos extranjeros\u2013 y m\u00e1s de veinte empresas jiennenses, o la celebraci\u00f3n del XXIII Campeonato Andaluz de Caballos de Pura Raza Espa\u00f1ola, Ja\u00e9nCAB, que tambi\u00e9n se inaugura este viernes y al que se han inscrito 120 ejemplares de 68 ganader\u00edas.<\/p>\n\n\n\n<p>Adem\u00e1s de patrocinar esta feria, la Diputaci\u00f3n de Ja\u00e9n ha sido la encargada de organizar el post tour por la provincia de los distintos participantes en el encuentro \u2018Elige Naturaleza\u2019, que supondr\u00e1 la visita de los mismos a recursos tur\u00edsticos jiennenses ligados a actividades de naturaleza y turismo activo, al patrimonio renacentista, al oleoturismo o a la gastronom\u00eda, con paradas en Ja\u00e9n capital o en Ba\u00f1os de la Encina, entre otros destinos.<\/p>\n\n\n\n<p>Tambi\u00e9n la Administraci\u00f3n provincial ha organizado distintas actividades en el marco de esta feria, como una m\u00e1sterclass a cargo de los chefs Juan Carlos Rold\u00e1n y Marcos Reguera sobre el uso culinario de plantas silvestres en el entorno de Ja\u00e9n.<\/p>\n\n\n\n<p>Asimismo, los productos agroalimentarios jiennenses Degusta Ja\u00e9n se est\u00e1 promocionando en una zona espec\u00edfica de esta muestra de manos de la Diputaci\u00f3n, en la que m\u00e1s de veinte empresas adheridas a esta marca de calidad agroalimentaria de la provincia est\u00e1n exponiendo sus productos. Tierra Adentro tambi\u00e9n acoger\u00e1 este s\u00e1bado la final del concurso gastron\u00f3mico Degusta Ja\u00e9n, que disputar\u00e1n cuatro cocineros jiennenses.<\/p>\n\n\n\n<p>Tambi\u00e9n los productos englobados bajo esta iniciativa ser\u00e1n protagonistas de las demostraciones gastron\u00f3micas que realizar\u00e1 Ana Mar\u00eda Guti\u00e9rrez, de Cocinando entre Olivos, hoy d\u00eda 6 y el domingo d\u00eda 8 en el estand de la Diputaci\u00f3n Provincial, en el que el p\u00fablico puede visitar adem\u00e1s una exposici\u00f3n de piezas de artesan\u00eda contempor\u00e1nea de la jiennense Nati Kabuki.<\/p>\n","protected":false},"excerpt":{"rendered":"<p>La XXI Feria de Turismo, Deporte y Aventura de Andaluc\u00eda, Tierra Adentro 2023, ha abierto este viernes sus puertas en el Recinto Provincial de Ferias y Congresos de Ja\u00e9n, y lo ha hecho como \u00abuna muestra que est\u00e1 totalmente consolidada y que se ha convertido en el gran escaparate del turismo de interior de Andaluc\u00eda &hellip;<\/p>\n<p class=\"read-more\"> <a class=\"\" href=\"https:\/\/torredonjimenoactualidad.com\/index.php\/2023\/10\/06\/tierra-adentro-2023-abre-sus-puertas-como-el-gran-escaparate-nacional-del-turismo-de-interior\/\"> <span class=\"screen-reader-text\">Tierra Adentro 2023 abre sus puertas como \u00abel gran escaparate\u00bb nacional del turismo de interior<\/span> Leer m\u00e1s &raquo;<\/a><\/p>\n","protected":false},"author":2,"featured_media":1075,"comment_status":"closed","ping_status":"open","sticky":false,"template":"","format":"standard","meta":{"site-sidebar-layout":"default","site-content-layout":"default","ast-global-header-display":"","ast-main-header-display":"","ast-hfb-above-header-display":"","ast-hfb-below-header-display":"","ast-hfb-mobile-header-display":"","site-post-title":"","ast-breadcrumbs-content":"","ast-featured-img":"","footer-sml-layout":"","theme-transparent-header-meta":"","adv-header-id-meta":"","stick-header-meta":"","header-above-stick-meta":"","header-main-stick-meta":"","header-below-stick-meta":"","footnotes":""},"categories":[8],"tags":[],"class_list":["post-1074","post","type-post","status-publish","format-standard","has-post-thumbnail","hentry","category-provincia"],"yoast_head":"<!-- This site is optimized with the Yoast SEO plugin v20.8 - https:\/\/yoast.com\/wordpress\/plugins\/seo\/ -->\n<title>Tierra Adentro 2023 abre sus puertas como \u00abel gran escaparate\u00bb nacional del turismo de interior - Torredonjimeno Actualidad<\/title>\n<meta name=\"robots\" content=\"index, follow, max-snippet:-1, max-image-preview:large, max-video-preview:-1\" \/>\n<link rel=\"canonical\" href=\"https:\/\/torredonjimenoactualidad.com\/index.php\/2023\/10\/06\/tierra-adentro-2023-abre-sus-puertas-como-el-gran-escaparate-nacional-del-turismo-de-interior\/\" \/>\n<meta property=\"og:locale\" content=\"es_ES\" \/>\n<meta property=\"og:type\" content=\"article\" \/>\n<meta property=\"og:title\" content=\"Tierra Adentro 2023 abre sus puertas como \u00abel gran escaparate\u00bb nacional del turismo de interior - Torredonjimeno Actualidad\" \/>\n<meta property=\"og:description\" content=\"La XXI Feria de Turismo, Deporte y Aventura de Andaluc\u00eda, Tierra Adentro 2023, ha abierto este viernes sus puertas en el Recinto Provincial de Ferias y Congresos de Ja\u00e9n, y lo ha hecho como \u00abuna muestra que est\u00e1 totalmente consolidada y que se ha convertido en el gran escaparate del turismo de interior de Andaluc\u00eda &hellip; Tierra Adentro 2023 abre sus puertas como \u00abel gran escaparate\u00bb nacional del turismo de interior Leer m\u00e1s &raquo;\" \/>\n<meta property=\"og:url\" content=\"https:\/\/torredonjimenoactualidad.com\/index.php\/2023\/10\/06\/tierra-adentro-2023-abre-sus-puertas-como-el-gran-escaparate-nacional-del-turismo-de-interior\/\" \/>\n<meta property=\"og:site_name\" content=\"Torredonjimeno Actualidad\" \/>\n<meta property=\"article:published_time\" content=\"2023-10-06T15:43:06+00:00\" \/>\n<meta property=\"article:modified_time\" content=\"2023-10-06T15:43:07+00:00\" \/>\n<meta property=\"og:image\" content=\"https:\/\/torredonjimenoactualidad.com\/wp-content\/uploads\/2023\/10\/fotonoticia_20231006134455_1920-2.jpg\" \/>\n\t<meta property=\"og:image:width\" content=\"1920\" \/>\n\t<meta property=\"og:image:height\" content=\"1098\" \/>\n\t<meta property=\"og:image:type\" content=\"image\/jpeg\" \/>\n<meta name=\"author\" content=\"Alba Mar\u00eda Torres\" \/>\n<meta name=\"twitter:card\" content=\"summary_large_image\" \/>\n<meta name=\"twitter:label1\" content=\"Escrito por\" \/>\n\t<meta name=\"twitter:data1\" content=\"Alba Mar\u00eda Torres\" \/>\n\t<meta name=\"twitter:label2\" content=\"Tiempo de lectura\" \/>\n\t<meta name=\"twitter:data2\" content=\"5 minutos\" \/>\n<script type=\"application\/ld+json\" class=\"yoast-schema-graph\">{\"@context\":\"https:\/\/schema.org\",\"@graph\":[{\"@type\":\"Article\",\"@id\":\"https:\/\/torredonjimenoactualidad.com\/index.php\/2023\/10\/06\/tierra-adentro-2023-abre-sus-puertas-como-el-gran-escaparate-nacional-del-turismo-de-interior\/#article\",\"isPartOf\":{\"@id\":\"https:\/\/torredonjimenoactualidad.com\/index.php\/2023\/10\/06\/tierra-adentro-2023-abre-sus-puertas-como-el-gran-escaparate-nacional-del-turismo-de-interior\/\"},\"author\":{\"name\":\"Alba Mar\u00eda Torres\",\"@id\":\"https:\/\/torredonjimenoactualidad.com\/#\/schema\/person\/84de5f233e783ef2c75151a532b54977\"},\"headline\":\"Tierra Adentro 2023 abre sus puertas como \u00abel gran escaparate\u00bb nacional del turismo de interior\",\"datePublished\":\"2023-10-06T15:43:06+00:00\",\"dateModified\":\"2023-10-06T15:43:07+00:00\",\"mainEntityOfPage\":{\"@id\":\"https:\/\/torredonjimenoactualidad.com\/index.php\/2023\/10\/06\/tierra-adentro-2023-abre-sus-puertas-como-el-gran-escaparate-nacional-del-turismo-de-interior\/\"},\"wordCount\":990,\"publisher\":{\"@id\":\"https:\/\/torredonjimenoactualidad.com\/#organization\"},\"articleSection\":[\"provincia\"],\"inLanguage\":\"es\"},{\"@type\":\"WebPage\",\"@id\":\"https:\/\/torredonjimenoactualidad.com\/index.php\/2023\/10\/06\/tierra-adentro-2023-abre-sus-puertas-como-el-gran-escaparate-nacional-del-turismo-de-interior\/\",\"url\":\"https:\/\/torredonjimenoactualidad.com\/index.php\/2023\/10\/06\/tierra-adentro-2023-abre-sus-puertas-como-el-gran-escaparate-nacional-del-turismo-de-interior\/\",\"name\":\"Tierra Adentro 2023 abre sus puertas como \u00abel gran escaparate\u00bb nacional del turismo de interior - Torredonjimeno Actualidad\",\"isPartOf\":{\"@id\":\"https:\/\/torredonjimenoactualidad.com\/#website\"},\"datePublished\":\"2023-10-06T15:43:06+00:00\",\"dateModified\":\"2023-10-06T15:43:07+00:00\",\"breadcrumb\":{\"@id\":\"https:\/\/torredonjimenoactualidad.com\/index.php\/2023\/10\/06\/tierra-adentro-2023-abre-sus-puertas-como-el-gran-escaparate-nacional-del-turismo-de-interior\/#breadcrumb\"},\"inLanguage\":\"es\",\"potentialAction\":[{\"@type\":\"ReadAction\",\"target\":[\"https:\/\/torredonjimenoactualidad.com\/index.php\/2023\/10\/06\/tierra-adentro-2023-abre-sus-puertas-como-el-gran-escaparate-nacional-del-turismo-de-interior\/\"]}]},{\"@type\":\"BreadcrumbList\",\"@id\":\"https:\/\/torredonjimenoactualidad.com\/index.php\/2023\/10\/06\/tierra-adentro-2023-abre-sus-puertas-como-el-gran-escaparate-nacional-del-turismo-de-interior\/#breadcrumb\",\"itemListElement\":[{\"@type\":\"ListItem\",\"position\":1,\"name\":\"Portada\",\"item\":\"https:\/\/torredonjimenoactualidad.com\/\"},{\"@type\":\"ListItem\",\"position\":2,\"name\":\"Tierra Adentro 2023 abre sus puertas como \u00abel gran escaparate\u00bb nacional del turismo de interior\"}]},{\"@type\":\"WebSite\",\"@id\":\"https:\/\/torredonjimenoactualidad.com\/#website\",\"url\":\"https:\/\/torredonjimenoactualidad.com\/\",\"name\":\"Torredonjimeno Actualidad\",\"description\":\"\",\"publisher\":{\"@id\":\"https:\/\/torredonjimenoactualidad.com\/#organization\"},\"potentialAction\":[{\"@type\":\"SearchAction\",\"target\":{\"@type\":\"EntryPoint\",\"urlTemplate\":\"https:\/\/torredonjimenoactualidad.com\/?s={search_term_string}\"},\"query-input\":\"required name=search_term_string\"}],\"inLanguage\":\"es\"},{\"@type\":\"Organization\",\"@id\":\"https:\/\/torredonjimenoactualidad.com\/#organization\",\"name\":\"Torredonjimeno Actualidad\",\"url\":\"https:\/\/torredonjimenoactualidad.com\/\",\"logo\":{\"@type\":\"ImageObject\",\"inLanguage\":\"es\",\"@id\":\"https:\/\/torredonjimenoactualidad.com\/#\/schema\/logo\/image\/\",\"url\":\"https:\/\/torredonjimenoactualidad.com\/wp-content\/uploads\/2023\/02\/logo-torredonjimeno-544x180-1.png\",\"contentUrl\":\"https:\/\/torredonjimenoactualidad.com\/wp-content\/uploads\/2023\/02\/logo-torredonjimeno-544x180-1.png\",\"width\":545,\"height\":112,\"caption\":\"Torredonjimeno Actualidad\"},\"image\":{\"@id\":\"https:\/\/torredonjimenoactualidad.com\/#\/schema\/logo\/image\/\"}},{\"@type\":\"Person\",\"@id\":\"https:\/\/torredonjimenoactualidad.com\/#\/schema\/person\/84de5f233e783ef2c75151a532b54977\",\"name\":\"Alba Mar\u00eda Torres\",\"image\":{\"@type\":\"ImageObject\",\"inLanguage\":\"es\",\"@id\":\"https:\/\/torredonjimenoactualidad.com\/#\/schema\/person\/image\/\",\"url\":\"https:\/\/secure.gravatar.com\/avatar\/f9371f188c71501b4475a9ba2a71595850ec72967f800a2ed8e3e2102859ed65?s=96&d=mm&r=g\",\"contentUrl\":\"https:\/\/secure.gravatar.com\/avatar\/f9371f188c71501b4475a9ba2a71595850ec72967f800a2ed8e3e2102859ed65?s=96&d=mm&r=g\",\"caption\":\"Alba Mar\u00eda Torres\"},\"url\":\"https:\/\/torredonjimenoactualidad.com\/index.php\/author\/alba-torres\/\"}]}<\/script>\n<!-- \/ Yoast SEO plugin. -->","yoast_head_json":{"title":"Tierra Adentro 2023 abre sus puertas como \u00abel gran escaparate\u00bb nacional del turismo de interior - Torredonjimeno Actualidad","robots":{"index":"index","follow":"follow","max-snippet":"max-snippet:-1","max-image-preview":"max-image-preview:large","max-video-preview":"max-video-preview:-1"},"canonical":"https:\/\/torredonjimenoactualidad.com\/index.php\/2023\/10\/06\/tierra-adentro-2023-abre-sus-puertas-como-el-gran-escaparate-nacional-del-turismo-de-interior\/","og_locale":"es_ES","og_type":"article","og_title":"Tierra Adentro 2023 abre sus puertas como \u00abel gran escaparate\u00bb nacional del turismo de interior - Torredonjimeno Actualidad","og_description":"La XXI Feria de Turismo, Deporte y Aventura de Andaluc\u00eda, Tierra Adentro 2023, ha abierto este viernes sus puertas en el Recinto Provincial de Ferias y Congresos de Ja\u00e9n, y lo ha hecho como \u00abuna muestra que est\u00e1 totalmente consolidada y que se ha convertido en el gran escaparate del turismo de interior de Andaluc\u00eda &hellip; Tierra Adentro 2023 abre sus puertas como \u00abel gran escaparate\u00bb nacional del turismo de interior Leer m\u00e1s &raquo;","og_url":"https:\/\/torredonjimenoactualidad.com\/index.php\/2023\/10\/06\/tierra-adentro-2023-abre-sus-puertas-como-el-gran-escaparate-nacional-del-turismo-de-interior\/","og_site_name":"Torredonjimeno Actualidad","article_published_time":"2023-10-06T15:43:06+00:00","article_modified_time":"2023-10-06T15:43:07+00:00","og_image":[{"width":1920,"height":1098,"url":"https:\/\/torredonjimenoactualidad.com\/wp-content\/uploads\/2023\/10\/fotonoticia_20231006134455_1920-2.jpg","type":"image\/jpeg"}],"author":"Alba Mar\u00eda Torres","twitter_card":"summary_large_image","twitter_misc":{"Escrito por":"Alba Mar\u00eda Torres","Tiempo de lectura":"5 minutos"},"schema":{"@context":"https:\/\/schema.org","@graph":[{"@type":"Article","@id":"https:\/\/torredonjimenoactualidad.com\/index.php\/2023\/10\/06\/tierra-adentro-2023-abre-sus-puertas-como-el-gran-escaparate-nacional-del-turismo-de-interior\/#article","isPartOf":{"@id":"https:\/\/torredonjimenoactualidad.com\/index.php\/2023\/10\/06\/tierra-adentro-2023-abre-sus-puertas-como-el-gran-escaparate-nacional-del-turismo-de-interior\/"},"author":{"name":"Alba Mar\u00eda Torres","@id":"https:\/\/torredonjimenoactualidad.com\/#\/schema\/person\/84de5f233e783ef2c75151a532b54977"},"headline":"Tierra Adentro 2023 abre sus puertas como \u00abel gran escaparate\u00bb nacional del turismo de interior","datePublished":"2023-10-06T15:43:06+00:00","dateModified":"2023-10-06T15:43:07+00:00","mainEntityOfPage":{"@id":"https:\/\/torredonjimenoactualidad.com\/index.php\/2023\/10\/06\/tierra-adentro-2023-abre-sus-puertas-como-el-gran-escaparate-nacional-del-turismo-de-interior\/"},"wordCount":990,"publisher":{"@id":"https:\/\/torredonjimenoactualidad.com\/#organization"},"articleSection":["provincia"],"inLanguage":"es"},{"@type":"WebPage","@id":"https:\/\/torredonjimenoactualidad.com\/index.php\/2023\/10\/06\/tierra-adentro-2023-abre-sus-puertas-como-el-gran-escaparate-nacional-del-turismo-de-interior\/","url":"https:\/\/torredonjimenoactualidad.com\/index.php\/2023\/10\/06\/tierra-adentro-2023-abre-sus-puertas-como-el-gran-escaparate-nacional-del-turismo-de-interior\/","name":"Tierra Adentro 2023 abre sus puertas como \u00abel gran escaparate\u00bb nacional del turismo de interior - Torredonjimeno Actualidad","isPartOf":{"@id":"https:\/\/torredonjimenoactualidad.com\/#website"},"datePublished":"2023-10-06T15:43:06+00:00","dateModified":"2023-10-06T15:43:07+00:00","breadcrumb":{"@id":"https:\/\/torredonjimenoactualidad.com\/index.php\/2023\/10\/06\/tierra-adentro-2023-abre-sus-puertas-como-el-gran-escaparate-nacional-del-turismo-de-interior\/#breadcrumb"},"inLanguage":"es","potentialAction":[{"@type":"ReadAction","target":["https:\/\/torredonjimenoactualidad.com\/index.php\/2023\/10\/06\/tierra-adentro-2023-abre-sus-puertas-como-el-gran-escaparate-nacional-del-turismo-de-interior\/"]}]},{"@type":"BreadcrumbList","@id":"https:\/\/torredonjimenoactualidad.com\/index.php\/2023\/10\/06\/tierra-adentro-2023-abre-sus-puertas-como-el-gran-escaparate-nacional-del-turismo-de-interior\/#breadcrumb","itemListElement":[{"@type":"ListItem","position":1,"name":"Portada","item":"https:\/\/torredonjimenoactualidad.com\/"},{"@type":"ListItem","position":2,"name":"Tierra Adentro 2023 abre sus puertas como \u00abel gran escaparate\u00bb nacional del turismo de interior"}]},{"@type":"WebSite","@id":"https:\/\/torredonjimenoactualidad.com\/#website","url":"https:\/\/torredonjimenoactualidad.com\/","name":"Torredonjimeno Actualidad","description":"","publisher":{"@id":"https:\/\/torredonjimenoactualidad.com\/#organization"},"potentialAction":[{"@type":"SearchAction","target":{"@type":"EntryPoint","urlTemplate":"https:\/\/torredonjimenoactualidad.com\/?s={search_term_string}"},"query-input":"required name=search_term_string"}],"inLanguage":"es"},{"@type":"Organization","@id":"https:\/\/torredonjimenoactualidad.com\/#organization","name":"Torredonjimeno Actualidad","url":"https:\/\/torredonjimenoactualidad.com\/","logo":{"@type":"ImageObject","inLanguage":"es","@id":"https:\/\/torredonjimenoactualidad.com\/#\/schema\/logo\/image\/","url":"https:\/\/torredonjimenoactualidad.com\/wp-content\/uploads\/2023\/02\/logo-torredonjimeno-544x180-1.png","contentUrl":"https:\/\/torredonjimenoactualidad.com\/wp-content\/uploads\/2023\/02\/logo-torredonjimeno-544x180-1.png","width":545,"height":112,"caption":"Torredonjimeno Actualidad"},"image":{"@id":"https:\/\/torredonjimenoactualidad.com\/#\/schema\/logo\/image\/"}},{"@type":"Person","@id":"https:\/\/torredonjimenoactualidad.com\/#\/schema\/person\/84de5f233e783ef2c75151a532b54977","name":"Alba Mar\u00eda Torres","image":{"@type":"ImageObject","inLanguage":"es","@id":"https:\/\/torredonjimenoactualidad.com\/#\/schema\/person\/image\/","url":"https:\/\/secure.gravatar.com\/avatar\/f9371f188c71501b4475a9ba2a71595850ec72967f800a2ed8e3e2102859ed65?s=96&d=mm&r=g","contentUrl":"https:\/\/secure.gravatar.com\/avatar\/f9371f188c71501b4475a9ba2a71595850ec72967f800a2ed8e3e2102859ed65?s=96&d=mm&r=g","caption":"Alba Mar\u00eda Torres"},"url":"https:\/\/torredonjimenoactualidad.com\/index.php\/author\/alba-torres\/"}]}},"_links":{"self":[{"href":"https:\/\/torredonjimenoactualidad.com\/index.php\/wp-json\/wp\/v2\/posts\/1074","targetHints":{"allow":["GET"]}}],"collection":[{"href":"https:\/\/torredonjimenoactualidad.com\/index.php\/wp-json\/wp\/v2\/posts"}],"about":[{"href":"https:\/\/torredonjimenoactualidad.com\/index.php\/wp-json\/wp\/v2\/types\/post"}],"author":[{"embeddable":true,"href":"https:\/\/torredonjimenoactualidad.com\/index.php\/wp-json\/wp\/v2\/users\/2"}],"replies":[{"embeddable":true,"href":"https:\/\/torredonjimenoactualidad.com\/index.php\/wp-json\/wp\/v2\/comments?post=1074"}],"version-history":[{"count":1,"href":"https:\/\/torredonjimenoactualidad.com\/index.php\/wp-json\/wp\/v2\/posts\/1074\/revisions"}],"predecessor-version":[{"id":1076,"href":"https:\/\/torredonjimenoactualidad.com\/index.php\/wp-json\/wp\/v2\/posts\/1074\/revisions\/1076"}],"wp:featuredmedia":[{"embeddable":true,"href":"https:\/\/torredonjimenoactualidad.com\/index.php\/wp-json\/wp\/v2\/media\/1075"}],"wp:attachment":[{"href":"https:\/\/torredonjimenoactualidad.com\/index.php\/wp-json\/wp\/v2\/media?parent=1074"}],"wp:term":[{"taxonomy":"category","embeddable":true,"href":"https:\/\/torredonjimenoactualidad.com\/index.php\/wp-json\/wp\/v2\/categories?post=1074"},{"taxonomy":"post_tag","embeddable":true,"href":"https:\/\/torredonjimenoactualidad.com\/index.php\/wp-json\/wp\/v2\/tags?post=1074"}],"curies":[{"name":"wp","href":"https:\/\/api.w.org\/{rel}","templated":true}]}}