{"id":1068,"date":"2023-10-05T15:17:44","date_gmt":"2023-10-05T15:17:44","guid":{"rendered":"https:\/\/torredonjimenoactualidad.com\/?p=1068"},"modified":"2023-10-05T15:17:45","modified_gmt":"2023-10-05T15:17:45","slug":"mas-de-200-profesionales-asisten-en-jaen-a-una-jornada-sobre-los-factores-que-influyen-en-el-precio-del-aceite-de-oliva","status":"publish","type":"post","link":"https:\/\/torredonjimenoactualidad.com\/index.php\/2023\/10\/05\/mas-de-200-profesionales-asisten-en-jaen-a-una-jornada-sobre-los-factores-que-influyen-en-el-precio-del-aceite-de-oliva\/","title":{"rendered":"M\u00e1s de 200 profesionales asisten en Ja\u00e9n a una jornada sobre los factores que influyen en el precio del aceite de oliva"},"content":{"rendered":"\n<p>M\u00e1s de 200 profesionales han participado en Ja\u00e9n en la jornada Expoliva &#8216;Las cotizaciones de los aceites de oliva y sus vectores de incidencia&#8217;, donde se ha apuntado a la meteorolog\u00eda como \u00abel mayor vector de incidencia en la tendencia de los precios\u00bb.<\/p>\n\n\n\n<p>Sin embargo, no es el \u00fanico y \u00abtambi\u00e9n intervienen de forma directa\u00bb otros elementos como la superficie, la producci\u00f3n, el consumo y la b\u00fasqueda de alternativas de rentabilidad adicional al aceite de oliva y la aceituna de mesa.<\/p>\n\n\n\n<p>La Instituci\u00f3n Ferial de Ja\u00e9n (Ifeja) ha sido el escenario elegido para este encuentro, que se ha articulado en torno a mesas redondas y debates, seg\u00fan ha informado este jueves Ferias Ja\u00e9n.<\/p>\n\n\n\n<p>En una primera mesa se ha analizado la incidencia de la climatolog\u00eda en el precio de los aceites de oliva. Ha contado con Emilio Camacho Poyato, catedr\u00e1tico de Hidr\u00e1ulica y Riegos de la Universidad de C\u00f3rdoba; Jos\u00e9 Luis de la Rosa, experto en comportamiento y detecci\u00f3n de veneros y aguas subterr\u00e1neas; Antonio Est\u00e9vez, director de Nutesca y meteor\u00f3logo; Carmen Morillo, directora financiera del grupo Ole\u00edcola Ja\u00e9n, el consultor estrat\u00e9gico Juan Vilar.<\/p>\n\n\n\n<p>La segunda se ha titulado &#8216;Distintas tipolog\u00edas de agricultura, estado actual, evoluci\u00f3n y horizonte&#8217;. Han participado Paco Carmona, responsable de Carmonagro; Crist\u00f3bal S\u00e1nchez, delegado de Agromillora Iberia en Andaluc\u00eda; Alberto J. M\u00e1rquez, t\u00e9cnico de Transformaci\u00f3n de fincas y asesoramiento por toda la pen\u00ednsula de AGR Global, Grupo De Prado; H\u00e9ctor Rodr\u00edguez, de Agribusiness Spain; Rafael Alonso, de Oro del Desierto, y Mar\u00eda del Mar Manrique, gerente de Puerta de las Villas.<\/p>\n\n\n\n<p>Adem\u00e1s, se ha debatido sobre la &#8216;Repercusi\u00f3n de la evoluci\u00f3n de precios en el consumo de aceites de oliva, comportamiento de las apreciaciones y depreciaciones&#8217; con Juan Ram\u00f3n Zamora, dirctor de Pago de Alcoray y experto en distribuci\u00f3n alimentaria; Juan Carlos Mar\u00edn, responsable de ultramarinos de Alcampo; Luis del Real, marketing and sales training consultant; Jes\u00fas Cuervas, responsable de Jes\u00fas Cuervas, Aceites y Derivados; Antonio Serrano, de Aceites Maeva, y Javier Olmedo, director gerente de la Fundaci\u00f3n del Olivar.<\/p>\n\n\n\n<p>El programa tambi\u00e9n incluye la mesa sobre &#8216;El papel de los subproductos y las \u00c1reas de Negocio alternativas en el resultado econ\u00f3mico de las compa\u00f1\u00edas&#8217;. Han intervenido Joaqu\u00edn Morillo, responsable del Grupo Ole\u00edcola Ja\u00e9n; Javier Mart\u00ednez, director de Bioento; Javier Caro, responsable de I+D Oleoestepa; Jorge Coelho, propietario de Sacyr \u00danico e Inventor de BioRoad; Gonzalo Ferreira, director comercial y nuevos negocios de Entogreen, y Rub\u00e9n Garz\u00f3n, director de Garz\u00f3n Green Energy.<\/p>\n","protected":false},"excerpt":{"rendered":"<p>M\u00e1s de 200 profesionales han participado en Ja\u00e9n en la jornada Expoliva &#8216;Las cotizaciones de los aceites de oliva y sus vectores de incidencia&#8217;, donde se ha apuntado a la meteorolog\u00eda como \u00abel mayor vector de incidencia en la tendencia de los precios\u00bb. Sin embargo, no es el \u00fanico y \u00abtambi\u00e9n intervienen de forma directa\u00bb &hellip;<\/p>\n<p class=\"read-more\"> <a class=\"\" href=\"https:\/\/torredonjimenoactualidad.com\/index.php\/2023\/10\/05\/mas-de-200-profesionales-asisten-en-jaen-a-una-jornada-sobre-los-factores-que-influyen-en-el-precio-del-aceite-de-oliva\/\"> <span class=\"screen-reader-text\">M\u00e1s de 200 profesionales asisten en Ja\u00e9n a una jornada sobre los factores que influyen en el precio del aceite de oliva<\/span> Leer m\u00e1s &raquo;<\/a><\/p>\n","protected":false},"author":2,"featured_media":1069,"comment_status":"open","ping_status":"open","sticky":false,"template":"","format":"standard","meta":{"site-sidebar-layout":"default","site-content-layout":"default","ast-global-header-display":"","ast-main-header-display":"","ast-hfb-above-header-display":"","ast-hfb-below-header-display":"","ast-hfb-mobile-header-display":"","site-post-title":"","ast-breadcrumbs-content":"","ast-featured-img":"","footer-sml-layout":"","theme-transparent-header-meta":"","adv-header-id-meta":"","stick-header-meta":"","header-above-stick-meta":"","header-main-stick-meta":"","header-below-stick-meta":"","footnotes":""},"categories":[8],"tags":[],"class_list":["post-1068","post","type-post","status-publish","format-standard","has-post-thumbnail","hentry","category-provincia"],"yoast_head":"<!-- This site is optimized with the Yoast SEO plugin v20.8 - https:\/\/yoast.com\/wordpress\/plugins\/seo\/ -->\n<title>M\u00e1s de 200 profesionales asisten en Ja\u00e9n a una jornada sobre los factores que influyen en el precio del aceite de oliva - Torredonjimeno Actualidad<\/title>\n<meta name=\"robots\" content=\"index, follow, max-snippet:-1, max-image-preview:large, max-video-preview:-1\" \/>\n<link rel=\"canonical\" href=\"https:\/\/torredonjimenoactualidad.com\/index.php\/2023\/10\/05\/mas-de-200-profesionales-asisten-en-jaen-a-una-jornada-sobre-los-factores-que-influyen-en-el-precio-del-aceite-de-oliva\/\" \/>\n<meta property=\"og:locale\" content=\"es_ES\" \/>\n<meta property=\"og:type\" content=\"article\" \/>\n<meta property=\"og:title\" content=\"M\u00e1s de 200 profesionales asisten en Ja\u00e9n a una jornada sobre los factores que influyen en el precio del aceite de oliva - Torredonjimeno Actualidad\" \/>\n<meta property=\"og:description\" content=\"M\u00e1s de 200 profesionales han participado en Ja\u00e9n en la jornada Expoliva &#8216;Las cotizaciones de los aceites de oliva y sus vectores de incidencia&#8217;, donde se ha apuntado a la meteorolog\u00eda como \u00abel mayor vector de incidencia en la tendencia de los precios\u00bb. Sin embargo, no es el \u00fanico y \u00abtambi\u00e9n intervienen de forma directa\u00bb &hellip; M\u00e1s de 200 profesionales asisten en Ja\u00e9n a una jornada sobre los factores que influyen en el precio del aceite de oliva Leer m\u00e1s &raquo;\" \/>\n<meta property=\"og:url\" content=\"https:\/\/torredonjimenoactualidad.com\/index.php\/2023\/10\/05\/mas-de-200-profesionales-asisten-en-jaen-a-una-jornada-sobre-los-factores-que-influyen-en-el-precio-del-aceite-de-oliva\/\" \/>\n<meta property=\"og:site_name\" content=\"Torredonjimeno Actualidad\" \/>\n<meta property=\"article:published_time\" content=\"2023-10-05T15:17:44+00:00\" \/>\n<meta property=\"article:modified_time\" content=\"2023-10-05T15:17:45+00:00\" \/>\n<meta property=\"og:image\" content=\"https:\/\/torredonjimenoactualidad.com\/wp-content\/uploads\/2023\/10\/fotonoticia_20231005163325_1920.jpg\" \/>\n\t<meta property=\"og:image:width\" content=\"1920\" \/>\n\t<meta property=\"og:image:height\" content=\"1097\" \/>\n\t<meta property=\"og:image:type\" content=\"image\/jpeg\" \/>\n<meta name=\"author\" content=\"Alba Mar\u00eda Torres\" \/>\n<meta name=\"twitter:card\" content=\"summary_large_image\" \/>\n<meta name=\"twitter:label1\" content=\"Escrito por\" \/>\n\t<meta name=\"twitter:data1\" content=\"Alba Mar\u00eda Torres\" \/>\n\t<meta name=\"twitter:label2\" content=\"Tiempo de lectura\" \/>\n\t<meta name=\"twitter:data2\" content=\"2 minutos\" \/>\n<script type=\"application\/ld+json\" class=\"yoast-schema-graph\">{\"@context\":\"https:\/\/schema.org\",\"@graph\":[{\"@type\":\"Article\",\"@id\":\"https:\/\/torredonjimenoactualidad.com\/index.php\/2023\/10\/05\/mas-de-200-profesionales-asisten-en-jaen-a-una-jornada-sobre-los-factores-que-influyen-en-el-precio-del-aceite-de-oliva\/#article\",\"isPartOf\":{\"@id\":\"https:\/\/torredonjimenoactualidad.com\/index.php\/2023\/10\/05\/mas-de-200-profesionales-asisten-en-jaen-a-una-jornada-sobre-los-factores-que-influyen-en-el-precio-del-aceite-de-oliva\/\"},\"author\":{\"name\":\"Alba Mar\u00eda Torres\",\"@id\":\"https:\/\/torredonjimenoactualidad.com\/#\/schema\/person\/84de5f233e783ef2c75151a532b54977\"},\"headline\":\"M\u00e1s de 200 profesionales asisten en Ja\u00e9n a una jornada sobre los factores que influyen en el precio del aceite de oliva\",\"datePublished\":\"2023-10-05T15:17:44+00:00\",\"dateModified\":\"2023-10-05T15:17:45+00:00\",\"mainEntityOfPage\":{\"@id\":\"https:\/\/torredonjimenoactualidad.com\/index.php\/2023\/10\/05\/mas-de-200-profesionales-asisten-en-jaen-a-una-jornada-sobre-los-factores-que-influyen-en-el-precio-del-aceite-de-oliva\/\"},\"wordCount\":481,\"commentCount\":0,\"publisher\":{\"@id\":\"https:\/\/torredonjimenoactualidad.com\/#organization\"},\"articleSection\":[\"provincia\"],\"inLanguage\":\"es\",\"potentialAction\":[{\"@type\":\"CommentAction\",\"name\":\"Comment\",\"target\":[\"https:\/\/torredonjimenoactualidad.com\/index.php\/2023\/10\/05\/mas-de-200-profesionales-asisten-en-jaen-a-una-jornada-sobre-los-factores-que-influyen-en-el-precio-del-aceite-de-oliva\/#respond\"]}]},{\"@type\":\"WebPage\",\"@id\":\"https:\/\/torredonjimenoactualidad.com\/index.php\/2023\/10\/05\/mas-de-200-profesionales-asisten-en-jaen-a-una-jornada-sobre-los-factores-que-influyen-en-el-precio-del-aceite-de-oliva\/\",\"url\":\"https:\/\/torredonjimenoactualidad.com\/index.php\/2023\/10\/05\/mas-de-200-profesionales-asisten-en-jaen-a-una-jornada-sobre-los-factores-que-influyen-en-el-precio-del-aceite-de-oliva\/\",\"name\":\"M\u00e1s de 200 profesionales asisten en Ja\u00e9n a una jornada sobre los factores que influyen en el precio del aceite de oliva - Torredonjimeno Actualidad\",\"isPartOf\":{\"@id\":\"https:\/\/torredonjimenoactualidad.com\/#website\"},\"datePublished\":\"2023-10-05T15:17:44+00:00\",\"dateModified\":\"2023-10-05T15:17:45+00:00\",\"breadcrumb\":{\"@id\":\"https:\/\/torredonjimenoactualidad.com\/index.php\/2023\/10\/05\/mas-de-200-profesionales-asisten-en-jaen-a-una-jornada-sobre-los-factores-que-influyen-en-el-precio-del-aceite-de-oliva\/#breadcrumb\"},\"inLanguage\":\"es\",\"potentialAction\":[{\"@type\":\"ReadAction\",\"target\":[\"https:\/\/torredonjimenoactualidad.com\/index.php\/2023\/10\/05\/mas-de-200-profesionales-asisten-en-jaen-a-una-jornada-sobre-los-factores-que-influyen-en-el-precio-del-aceite-de-oliva\/\"]}]},{\"@type\":\"BreadcrumbList\",\"@id\":\"https:\/\/torredonjimenoactualidad.com\/index.php\/2023\/10\/05\/mas-de-200-profesionales-asisten-en-jaen-a-una-jornada-sobre-los-factores-que-influyen-en-el-precio-del-aceite-de-oliva\/#breadcrumb\",\"itemListElement\":[{\"@type\":\"ListItem\",\"position\":1,\"name\":\"Portada\",\"item\":\"https:\/\/torredonjimenoactualidad.com\/\"},{\"@type\":\"ListItem\",\"position\":2,\"name\":\"M\u00e1s de 200 profesionales asisten en Ja\u00e9n a una jornada sobre los factores que influyen en el precio del aceite de oliva\"}]},{\"@type\":\"WebSite\",\"@id\":\"https:\/\/torredonjimenoactualidad.com\/#website\",\"url\":\"https:\/\/torredonjimenoactualidad.com\/\",\"name\":\"Torredonjimeno Actualidad\",\"description\":\"\",\"publisher\":{\"@id\":\"https:\/\/torredonjimenoactualidad.com\/#organization\"},\"potentialAction\":[{\"@type\":\"SearchAction\",\"target\":{\"@type\":\"EntryPoint\",\"urlTemplate\":\"https:\/\/torredonjimenoactualidad.com\/?s={search_term_string}\"},\"query-input\":\"required name=search_term_string\"}],\"inLanguage\":\"es\"},{\"@type\":\"Organization\",\"@id\":\"https:\/\/torredonjimenoactualidad.com\/#organization\",\"name\":\"Torredonjimeno Actualidad\",\"url\":\"https:\/\/torredonjimenoactualidad.com\/\",\"logo\":{\"@type\":\"ImageObject\",\"inLanguage\":\"es\",\"@id\":\"https:\/\/torredonjimenoactualidad.com\/#\/schema\/logo\/image\/\",\"url\":\"https:\/\/torredonjimenoactualidad.com\/wp-content\/uploads\/2023\/02\/logo-torredonjimeno-544x180-1.png\",\"contentUrl\":\"https:\/\/torredonjimenoactualidad.com\/wp-content\/uploads\/2023\/02\/logo-torredonjimeno-544x180-1.png\",\"width\":545,\"height\":112,\"caption\":\"Torredonjimeno Actualidad\"},\"image\":{\"@id\":\"https:\/\/torredonjimenoactualidad.com\/#\/schema\/logo\/image\/\"}},{\"@type\":\"Person\",\"@id\":\"https:\/\/torredonjimenoactualidad.com\/#\/schema\/person\/84de5f233e783ef2c75151a532b54977\",\"name\":\"Alba Mar\u00eda Torres\",\"image\":{\"@type\":\"ImageObject\",\"inLanguage\":\"es\",\"@id\":\"https:\/\/torredonjimenoactualidad.com\/#\/schema\/person\/image\/\",\"url\":\"https:\/\/secure.gravatar.com\/avatar\/f9371f188c71501b4475a9ba2a71595850ec72967f800a2ed8e3e2102859ed65?s=96&d=mm&r=g\",\"contentUrl\":\"https:\/\/secure.gravatar.com\/avatar\/f9371f188c71501b4475a9ba2a71595850ec72967f800a2ed8e3e2102859ed65?s=96&d=mm&r=g\",\"caption\":\"Alba Mar\u00eda Torres\"},\"url\":\"https:\/\/torredonjimenoactualidad.com\/index.php\/author\/alba-torres\/\"}]}<\/script>\n<!-- \/ Yoast SEO plugin. -->","yoast_head_json":{"title":"M\u00e1s de 200 profesionales asisten en Ja\u00e9n a una jornada sobre los factores que influyen en el precio del aceite de oliva - Torredonjimeno Actualidad","robots":{"index":"index","follow":"follow","max-snippet":"max-snippet:-1","max-image-preview":"max-image-preview:large","max-video-preview":"max-video-preview:-1"},"canonical":"https:\/\/torredonjimenoactualidad.com\/index.php\/2023\/10\/05\/mas-de-200-profesionales-asisten-en-jaen-a-una-jornada-sobre-los-factores-que-influyen-en-el-precio-del-aceite-de-oliva\/","og_locale":"es_ES","og_type":"article","og_title":"M\u00e1s de 200 profesionales asisten en Ja\u00e9n a una jornada sobre los factores que influyen en el precio del aceite de oliva - Torredonjimeno Actualidad","og_description":"M\u00e1s de 200 profesionales han participado en Ja\u00e9n en la jornada Expoliva &#8216;Las cotizaciones de los aceites de oliva y sus vectores de incidencia&#8217;, donde se ha apuntado a la meteorolog\u00eda como \u00abel mayor vector de incidencia en la tendencia de los precios\u00bb. Sin embargo, no es el \u00fanico y \u00abtambi\u00e9n intervienen de forma directa\u00bb &hellip; M\u00e1s de 200 profesionales asisten en Ja\u00e9n a una jornada sobre los factores que influyen en el precio del aceite de oliva Leer m\u00e1s &raquo;","og_url":"https:\/\/torredonjimenoactualidad.com\/index.php\/2023\/10\/05\/mas-de-200-profesionales-asisten-en-jaen-a-una-jornada-sobre-los-factores-que-influyen-en-el-precio-del-aceite-de-oliva\/","og_site_name":"Torredonjimeno Actualidad","article_published_time":"2023-10-05T15:17:44+00:00","article_modified_time":"2023-10-05T15:17:45+00:00","og_image":[{"width":1920,"height":1097,"url":"https:\/\/torredonjimenoactualidad.com\/wp-content\/uploads\/2023\/10\/fotonoticia_20231005163325_1920.jpg","type":"image\/jpeg"}],"author":"Alba Mar\u00eda Torres","twitter_card":"summary_large_image","twitter_misc":{"Escrito por":"Alba Mar\u00eda Torres","Tiempo de lectura":"2 minutos"},"schema":{"@context":"https:\/\/schema.org","@graph":[{"@type":"Article","@id":"https:\/\/torredonjimenoactualidad.com\/index.php\/2023\/10\/05\/mas-de-200-profesionales-asisten-en-jaen-a-una-jornada-sobre-los-factores-que-influyen-en-el-precio-del-aceite-de-oliva\/#article","isPartOf":{"@id":"https:\/\/torredonjimenoactualidad.com\/index.php\/2023\/10\/05\/mas-de-200-profesionales-asisten-en-jaen-a-una-jornada-sobre-los-factores-que-influyen-en-el-precio-del-aceite-de-oliva\/"},"author":{"name":"Alba Mar\u00eda Torres","@id":"https:\/\/torredonjimenoactualidad.com\/#\/schema\/person\/84de5f233e783ef2c75151a532b54977"},"headline":"M\u00e1s de 200 profesionales asisten en Ja\u00e9n a una jornada sobre los factores que influyen en el precio del aceite de oliva","datePublished":"2023-10-05T15:17:44+00:00","dateModified":"2023-10-05T15:17:45+00:00","mainEntityOfPage":{"@id":"https:\/\/torredonjimenoactualidad.com\/index.php\/2023\/10\/05\/mas-de-200-profesionales-asisten-en-jaen-a-una-jornada-sobre-los-factores-que-influyen-en-el-precio-del-aceite-de-oliva\/"},"wordCount":481,"commentCount":0,"publisher":{"@id":"https:\/\/torredonjimenoactualidad.com\/#organization"},"articleSection":["provincia"],"inLanguage":"es","potentialAction":[{"@type":"CommentAction","name":"Comment","target":["https:\/\/torredonjimenoactualidad.com\/index.php\/2023\/10\/05\/mas-de-200-profesionales-asisten-en-jaen-a-una-jornada-sobre-los-factores-que-influyen-en-el-precio-del-aceite-de-oliva\/#respond"]}]},{"@type":"WebPage","@id":"https:\/\/torredonjimenoactualidad.com\/index.php\/2023\/10\/05\/mas-de-200-profesionales-asisten-en-jaen-a-una-jornada-sobre-los-factores-que-influyen-en-el-precio-del-aceite-de-oliva\/","url":"https:\/\/torredonjimenoactualidad.com\/index.php\/2023\/10\/05\/mas-de-200-profesionales-asisten-en-jaen-a-una-jornada-sobre-los-factores-que-influyen-en-el-precio-del-aceite-de-oliva\/","name":"M\u00e1s de 200 profesionales asisten en Ja\u00e9n a una jornada sobre los factores que influyen en el precio del aceite de oliva - Torredonjimeno Actualidad","isPartOf":{"@id":"https:\/\/torredonjimenoactualidad.com\/#website"},"datePublished":"2023-10-05T15:17:44+00:00","dateModified":"2023-10-05T15:17:45+00:00","breadcrumb":{"@id":"https:\/\/torredonjimenoactualidad.com\/index.php\/2023\/10\/05\/mas-de-200-profesionales-asisten-en-jaen-a-una-jornada-sobre-los-factores-que-influyen-en-el-precio-del-aceite-de-oliva\/#breadcrumb"},"inLanguage":"es","potentialAction":[{"@type":"ReadAction","target":["https:\/\/torredonjimenoactualidad.com\/index.php\/2023\/10\/05\/mas-de-200-profesionales-asisten-en-jaen-a-una-jornada-sobre-los-factores-que-influyen-en-el-precio-del-aceite-de-oliva\/"]}]},{"@type":"BreadcrumbList","@id":"https:\/\/torredonjimenoactualidad.com\/index.php\/2023\/10\/05\/mas-de-200-profesionales-asisten-en-jaen-a-una-jornada-sobre-los-factores-que-influyen-en-el-precio-del-aceite-de-oliva\/#breadcrumb","itemListElement":[{"@type":"ListItem","position":1,"name":"Portada","item":"https:\/\/torredonjimenoactualidad.com\/"},{"@type":"ListItem","position":2,"name":"M\u00e1s de 200 profesionales asisten en Ja\u00e9n a una jornada sobre los factores que influyen en el precio del aceite de oliva"}]},{"@type":"WebSite","@id":"https:\/\/torredonjimenoactualidad.com\/#website","url":"https:\/\/torredonjimenoactualidad.com\/","name":"Torredonjimeno Actualidad","description":"","publisher":{"@id":"https:\/\/torredonjimenoactualidad.com\/#organization"},"potentialAction":[{"@type":"SearchAction","target":{"@type":"EntryPoint","urlTemplate":"https:\/\/torredonjimenoactualidad.com\/?s={search_term_string}"},"query-input":"required name=search_term_string"}],"inLanguage":"es"},{"@type":"Organization","@id":"https:\/\/torredonjimenoactualidad.com\/#organization","name":"Torredonjimeno Actualidad","url":"https:\/\/torredonjimenoactualidad.com\/","logo":{"@type":"ImageObject","inLanguage":"es","@id":"https:\/\/torredonjimenoactualidad.com\/#\/schema\/logo\/image\/","url":"https:\/\/torredonjimenoactualidad.com\/wp-content\/uploads\/2023\/02\/logo-torredonjimeno-544x180-1.png","contentUrl":"https:\/\/torredonjimenoactualidad.com\/wp-content\/uploads\/2023\/02\/logo-torredonjimeno-544x180-1.png","width":545,"height":112,"caption":"Torredonjimeno Actualidad"},"image":{"@id":"https:\/\/torredonjimenoactualidad.com\/#\/schema\/logo\/image\/"}},{"@type":"Person","@id":"https:\/\/torredonjimenoactualidad.com\/#\/schema\/person\/84de5f233e783ef2c75151a532b54977","name":"Alba Mar\u00eda Torres","image":{"@type":"ImageObject","inLanguage":"es","@id":"https:\/\/torredonjimenoactualidad.com\/#\/schema\/person\/image\/","url":"https:\/\/secure.gravatar.com\/avatar\/f9371f188c71501b4475a9ba2a71595850ec72967f800a2ed8e3e2102859ed65?s=96&d=mm&r=g","contentUrl":"https:\/\/secure.gravatar.com\/avatar\/f9371f188c71501b4475a9ba2a71595850ec72967f800a2ed8e3e2102859ed65?s=96&d=mm&r=g","caption":"Alba Mar\u00eda Torres"},"url":"https:\/\/torredonjimenoactualidad.com\/index.php\/author\/alba-torres\/"}]}},"_links":{"self":[{"href":"https:\/\/torredonjimenoactualidad.com\/index.php\/wp-json\/wp\/v2\/posts\/1068","targetHints":{"allow":["GET"]}}],"collection":[{"href":"https:\/\/torredonjimenoactualidad.com\/index.php\/wp-json\/wp\/v2\/posts"}],"about":[{"href":"https:\/\/torredonjimenoactualidad.com\/index.php\/wp-json\/wp\/v2\/types\/post"}],"author":[{"embeddable":true,"href":"https:\/\/torredonjimenoactualidad.com\/index.php\/wp-json\/wp\/v2\/users\/2"}],"replies":[{"embeddable":true,"href":"https:\/\/torredonjimenoactualidad.com\/index.php\/wp-json\/wp\/v2\/comments?post=1068"}],"version-history":[{"count":1,"href":"https:\/\/torredonjimenoactualidad.com\/index.php\/wp-json\/wp\/v2\/posts\/1068\/revisions"}],"predecessor-version":[{"id":1070,"href":"https:\/\/torredonjimenoactualidad.com\/index.php\/wp-json\/wp\/v2\/posts\/1068\/revisions\/1070"}],"wp:featuredmedia":[{"embeddable":true,"href":"https:\/\/torredonjimenoactualidad.com\/index.php\/wp-json\/wp\/v2\/media\/1069"}],"wp:attachment":[{"href":"https:\/\/torredonjimenoactualidad.com\/index.php\/wp-json\/wp\/v2\/media?parent=1068"}],"wp:term":[{"taxonomy":"category","embeddable":true,"href":"https:\/\/torredonjimenoactualidad.com\/index.php\/wp-json\/wp\/v2\/categories?post=1068"},{"taxonomy":"post_tag","embeddable":true,"href":"https:\/\/torredonjimenoactualidad.com\/index.php\/wp-json\/wp\/v2\/tags?post=1068"}],"curies":[{"name":"wp","href":"https:\/\/api.w.org\/{rel}","templated":true}]}}