{"id":1065,"date":"2023-10-04T15:23:52","date_gmt":"2023-10-04T15:23:52","guid":{"rendered":"https:\/\/torredonjimenoactualidad.com\/?p=1065"},"modified":"2023-10-04T15:23:54","modified_gmt":"2023-10-04T15:23:54","slug":"la-junta-destaca-la-actividad-y-el-dinamismo-de-los-17-centros-de-participacion-activa-de-la-provincia","status":"publish","type":"post","link":"https:\/\/torredonjimenoactualidad.com\/index.php\/2023\/10\/04\/la-junta-destaca-la-actividad-y-el-dinamismo-de-los-17-centros-de-participacion-activa-de-la-provincia\/","title":{"rendered":"La Junta destaca la actividad y el dinamismo de los 17 centros de participaci\u00f3n activa de la provincia"},"content":{"rendered":"\n<p>El delegado del Gobierno andaluz en Ja\u00e9n, Jes\u00fas Estrella, ha destacado este mi\u00e9rcoles \u00abla actividad y el dinamismo\u00bb de los 17 centros de participaci\u00f3n activa (CPA) de la provincia.<\/p>\n\n\n\n<p>As\u00ed lo ha indicado durante la entrega de premios y reconocimientos del Certamen de Relato Corto y Poes\u00eda de Personas Mayores, encuadrada en la programaci\u00f3n con motivo del D\u00eda Internacional de las Personas Mayores. El acto, celebrado en el Museo \u00cdbero, tambi\u00e9n ha contado con los delegados de Inclusi\u00f3n Social, Juventud, Familias e Igualdad, \u00c1ngela Hidalgo, y de Justicia, Administraci\u00f3n Local y Funci\u00f3n P\u00fablica, Javier Carazo.<\/p>\n\n\n\n<p>\u00abA trav\u00e9s de estos premios hacemos part\u00edcipes a los mayores de lo que supone celebrar este d\u00eda en el que no solamente tomamos conciencia del importante incremento demogr\u00e1fico de este sector de la poblaci\u00f3n, sino que tambi\u00e9n es una forma de propiciar iniciativas que conlleven una mayor calidad de vida de nuestros mayores en la provincia y en Andaluc\u00eda\u00bb, ha dicho Estrella.<\/p>\n\n\n\n<p>El delegado ha recordado que los usuarios de los 17 centros de participaci\u00f3n activa de la provincia jiennense estaban llamados a participar en este certamen que ha celebrado su vig\u00e9simo primera edici\u00f3n.<\/p>\n\n\n\n<p>Adem\u00e1s, ha valorado el \u00abesfuerzo de la Junta de Andaluc\u00eda por mantener m\u00e1s vivos que nunca todos los centros de participaci\u00f3n activa de la provincia, que supone que haya cerca de 56.000 usuarios, con un importante porcentaje de mujeres\u00bb.<\/p>\n\n\n\n<p>Igualmente, se ha referido a estos espacios como herramienta para desarrollar todo tipo de actividades que permitan a las personas mayores un envejecimiento activo, \u00abhaci\u00e9ndoles participes tambi\u00e9n del d\u00eda a d\u00eda de sus municipios\u00bb.<\/p>\n\n\n\n<p>Por otro lado, el delegado ha resaltado las iniciativas de la Junta en materia de mayores, como la aprobaci\u00f3n del Plan Estrat\u00e9gico de Personas Mayores 2020-2023, la Gu\u00eda de Derechos Fundamentales de los Mayores o la Tarjeta Andaluc\u00eda Junta65.<\/p>\n\n\n\n<p>Adem\u00e1s, ha subrayado la labor en materia de dependencia: \u00abredoblamos esfuerzos en este asunto, donde tenemos m\u00e1s de 32.000 beneficiarios en la provincia de Ja\u00e9n que tienen acceso a casi 45.000 prestaciones, y apostamos por el servicio de Teleasistencia, con m\u00e1s de 15.500 beneficiarios en la provincia\u00bb, ha afirmado.<\/p>\n\n\n\n<p>Junto a ello, ha se\u00f1alado el incremento en el n\u00famero de plazas residenciales y en la reducci\u00f3n de las listas de espera de dependencia como una apuesta y compromiso del Gobierno andaluz.<\/p>\n\n\n\n<p>\u00abNo s\u00f3lo propiciamos el envejecimiento activo de nuestros mayores, no solamente facilitamos los recursos que les permitan tener una mayor calidad de vida, sino que tambi\u00e9n procuramos facilitarles las plazas residenciales necesarias porque cualquier recurso que destinemos a nuestros mayores ser\u00e1 poco para lo mucho que ellos nos han dado durante toda su vida\u00bb, ha manifestado.<\/p>\n\n\n\n<h2 class=\"wp-block-heading\">PREMIADOS<\/h2>\n\n\n\n<p>Con respecto a los galardonados en el referido certamen, Mar\u00eda L\u00f3pez, con la obra &#8216;Cuando sea mayor quiero ser&#8230;&#8217;, se ha alzado con el primer premio de la categor\u00eda de relato corto, cuyo segundo premio ha sido para Carmen Prieto.<\/p>\n\n\n\n<p>En poes\u00eda, Antonio Alcal\u00e1 Barruz ha conseguido el primer premio con &#8216;Madre, yo de mayor quiero ser&#8230;&#8217; , mientras que Rosario Mantas Aguilera ha recibido el segundo de la categor\u00eda. El jurado, presidido por la delegada \u00c1ngela Hidalgo, ha destacado el esfuerzo y la creatividad de los participantes.<\/p>\n","protected":false},"excerpt":{"rendered":"<p>El delegado del Gobierno andaluz en Ja\u00e9n, Jes\u00fas Estrella, ha destacado este mi\u00e9rcoles \u00abla actividad y el dinamismo\u00bb de los 17 centros de participaci\u00f3n activa (CPA) de la provincia. As\u00ed lo ha indicado durante la entrega de premios y reconocimientos del Certamen de Relato Corto y Poes\u00eda de Personas Mayores, encuadrada en la programaci\u00f3n con &hellip;<\/p>\n<p class=\"read-more\"> <a class=\"\" href=\"https:\/\/torredonjimenoactualidad.com\/index.php\/2023\/10\/04\/la-junta-destaca-la-actividad-y-el-dinamismo-de-los-17-centros-de-participacion-activa-de-la-provincia\/\"> <span class=\"screen-reader-text\">La Junta destaca la actividad y el dinamismo de los 17 centros de participaci\u00f3n activa de la provincia<\/span> Leer m\u00e1s &raquo;<\/a><\/p>\n","protected":false},"author":2,"featured_media":1066,"comment_status":"closed","ping_status":"open","sticky":false,"template":"","format":"standard","meta":{"site-sidebar-layout":"default","site-content-layout":"default","ast-global-header-display":"","ast-main-header-display":"","ast-hfb-above-header-display":"","ast-hfb-below-header-display":"","ast-hfb-mobile-header-display":"","site-post-title":"","ast-breadcrumbs-content":"","ast-featured-img":"","footer-sml-layout":"","theme-transparent-header-meta":"","adv-header-id-meta":"","stick-header-meta":"","header-above-stick-meta":"","header-main-stick-meta":"","header-below-stick-meta":"","footnotes":""},"categories":[8],"tags":[],"class_list":["post-1065","post","type-post","status-publish","format-standard","has-post-thumbnail","hentry","category-provincia"],"yoast_head":"<!-- This site is optimized with the Yoast SEO plugin v20.8 - https:\/\/yoast.com\/wordpress\/plugins\/seo\/ -->\n<title>La Junta destaca la actividad y el dinamismo de los 17 centros de participaci\u00f3n activa de la provincia - Torredonjimeno Actualidad<\/title>\n<meta name=\"robots\" content=\"index, follow, max-snippet:-1, max-image-preview:large, max-video-preview:-1\" \/>\n<link rel=\"canonical\" href=\"https:\/\/torredonjimenoactualidad.com\/index.php\/2023\/10\/04\/la-junta-destaca-la-actividad-y-el-dinamismo-de-los-17-centros-de-participacion-activa-de-la-provincia\/\" \/>\n<meta property=\"og:locale\" content=\"es_ES\" \/>\n<meta property=\"og:type\" content=\"article\" \/>\n<meta property=\"og:title\" content=\"La Junta destaca la actividad y el dinamismo de los 17 centros de participaci\u00f3n activa de la provincia - Torredonjimeno Actualidad\" \/>\n<meta property=\"og:description\" content=\"El delegado del Gobierno andaluz en Ja\u00e9n, Jes\u00fas Estrella, ha destacado este mi\u00e9rcoles \u00abla actividad y el dinamismo\u00bb de los 17 centros de participaci\u00f3n activa (CPA) de la provincia. As\u00ed lo ha indicado durante la entrega de premios y reconocimientos del Certamen de Relato Corto y Poes\u00eda de Personas Mayores, encuadrada en la programaci\u00f3n con &hellip; La Junta destaca la actividad y el dinamismo de los 17 centros de participaci\u00f3n activa de la provincia Leer m\u00e1s &raquo;\" \/>\n<meta property=\"og:url\" content=\"https:\/\/torredonjimenoactualidad.com\/index.php\/2023\/10\/04\/la-junta-destaca-la-actividad-y-el-dinamismo-de-los-17-centros-de-participacion-activa-de-la-provincia\/\" \/>\n<meta property=\"og:site_name\" content=\"Torredonjimeno Actualidad\" \/>\n<meta property=\"article:published_time\" content=\"2023-10-04T15:23:52+00:00\" \/>\n<meta property=\"article:modified_time\" content=\"2023-10-04T15:23:54+00:00\" \/>\n<meta property=\"og:image\" content=\"https:\/\/torredonjimenoactualidad.com\/wp-content\/uploads\/2023\/10\/fotonoticia_20231004145906_1920.jpg\" \/>\n\t<meta property=\"og:image:width\" content=\"1548\" \/>\n\t<meta property=\"og:image:height\" content=\"884\" \/>\n\t<meta property=\"og:image:type\" content=\"image\/jpeg\" \/>\n<meta name=\"author\" content=\"Alba Mar\u00eda Torres\" \/>\n<meta name=\"twitter:card\" content=\"summary_large_image\" \/>\n<meta name=\"twitter:label1\" content=\"Escrito por\" \/>\n\t<meta name=\"twitter:data1\" content=\"Alba Mar\u00eda Torres\" \/>\n\t<meta name=\"twitter:label2\" content=\"Tiempo de lectura\" \/>\n\t<meta name=\"twitter:data2\" content=\"3 minutos\" \/>\n<script type=\"application\/ld+json\" class=\"yoast-schema-graph\">{\"@context\":\"https:\/\/schema.org\",\"@graph\":[{\"@type\":\"Article\",\"@id\":\"https:\/\/torredonjimenoactualidad.com\/index.php\/2023\/10\/04\/la-junta-destaca-la-actividad-y-el-dinamismo-de-los-17-centros-de-participacion-activa-de-la-provincia\/#article\",\"isPartOf\":{\"@id\":\"https:\/\/torredonjimenoactualidad.com\/index.php\/2023\/10\/04\/la-junta-destaca-la-actividad-y-el-dinamismo-de-los-17-centros-de-participacion-activa-de-la-provincia\/\"},\"author\":{\"name\":\"Alba Mar\u00eda Torres\",\"@id\":\"https:\/\/torredonjimenoactualidad.com\/#\/schema\/person\/84de5f233e783ef2c75151a532b54977\"},\"headline\":\"La Junta destaca la actividad y el dinamismo de los 17 centros de participaci\u00f3n activa de la provincia\",\"datePublished\":\"2023-10-04T15:23:52+00:00\",\"dateModified\":\"2023-10-04T15:23:54+00:00\",\"mainEntityOfPage\":{\"@id\":\"https:\/\/torredonjimenoactualidad.com\/index.php\/2023\/10\/04\/la-junta-destaca-la-actividad-y-el-dinamismo-de-los-17-centros-de-participacion-activa-de-la-provincia\/\"},\"wordCount\":586,\"publisher\":{\"@id\":\"https:\/\/torredonjimenoactualidad.com\/#organization\"},\"articleSection\":[\"provincia\"],\"inLanguage\":\"es\"},{\"@type\":\"WebPage\",\"@id\":\"https:\/\/torredonjimenoactualidad.com\/index.php\/2023\/10\/04\/la-junta-destaca-la-actividad-y-el-dinamismo-de-los-17-centros-de-participacion-activa-de-la-provincia\/\",\"url\":\"https:\/\/torredonjimenoactualidad.com\/index.php\/2023\/10\/04\/la-junta-destaca-la-actividad-y-el-dinamismo-de-los-17-centros-de-participacion-activa-de-la-provincia\/\",\"name\":\"La Junta destaca la actividad y el dinamismo de los 17 centros de participaci\u00f3n activa de la provincia - Torredonjimeno Actualidad\",\"isPartOf\":{\"@id\":\"https:\/\/torredonjimenoactualidad.com\/#website\"},\"datePublished\":\"2023-10-04T15:23:52+00:00\",\"dateModified\":\"2023-10-04T15:23:54+00:00\",\"breadcrumb\":{\"@id\":\"https:\/\/torredonjimenoactualidad.com\/index.php\/2023\/10\/04\/la-junta-destaca-la-actividad-y-el-dinamismo-de-los-17-centros-de-participacion-activa-de-la-provincia\/#breadcrumb\"},\"inLanguage\":\"es\",\"potentialAction\":[{\"@type\":\"ReadAction\",\"target\":[\"https:\/\/torredonjimenoactualidad.com\/index.php\/2023\/10\/04\/la-junta-destaca-la-actividad-y-el-dinamismo-de-los-17-centros-de-participacion-activa-de-la-provincia\/\"]}]},{\"@type\":\"BreadcrumbList\",\"@id\":\"https:\/\/torredonjimenoactualidad.com\/index.php\/2023\/10\/04\/la-junta-destaca-la-actividad-y-el-dinamismo-de-los-17-centros-de-participacion-activa-de-la-provincia\/#breadcrumb\",\"itemListElement\":[{\"@type\":\"ListItem\",\"position\":1,\"name\":\"Portada\",\"item\":\"https:\/\/torredonjimenoactualidad.com\/\"},{\"@type\":\"ListItem\",\"position\":2,\"name\":\"La Junta destaca la actividad y el dinamismo de los 17 centros de participaci\u00f3n activa de la provincia\"}]},{\"@type\":\"WebSite\",\"@id\":\"https:\/\/torredonjimenoactualidad.com\/#website\",\"url\":\"https:\/\/torredonjimenoactualidad.com\/\",\"name\":\"Torredonjimeno Actualidad\",\"description\":\"\",\"publisher\":{\"@id\":\"https:\/\/torredonjimenoactualidad.com\/#organization\"},\"potentialAction\":[{\"@type\":\"SearchAction\",\"target\":{\"@type\":\"EntryPoint\",\"urlTemplate\":\"https:\/\/torredonjimenoactualidad.com\/?s={search_term_string}\"},\"query-input\":\"required name=search_term_string\"}],\"inLanguage\":\"es\"},{\"@type\":\"Organization\",\"@id\":\"https:\/\/torredonjimenoactualidad.com\/#organization\",\"name\":\"Torredonjimeno Actualidad\",\"url\":\"https:\/\/torredonjimenoactualidad.com\/\",\"logo\":{\"@type\":\"ImageObject\",\"inLanguage\":\"es\",\"@id\":\"https:\/\/torredonjimenoactualidad.com\/#\/schema\/logo\/image\/\",\"url\":\"https:\/\/torredonjimenoactualidad.com\/wp-content\/uploads\/2023\/02\/logo-torredonjimeno-544x180-1.png\",\"contentUrl\":\"https:\/\/torredonjimenoactualidad.com\/wp-content\/uploads\/2023\/02\/logo-torredonjimeno-544x180-1.png\",\"width\":545,\"height\":112,\"caption\":\"Torredonjimeno Actualidad\"},\"image\":{\"@id\":\"https:\/\/torredonjimenoactualidad.com\/#\/schema\/logo\/image\/\"}},{\"@type\":\"Person\",\"@id\":\"https:\/\/torredonjimenoactualidad.com\/#\/schema\/person\/84de5f233e783ef2c75151a532b54977\",\"name\":\"Alba Mar\u00eda Torres\",\"image\":{\"@type\":\"ImageObject\",\"inLanguage\":\"es\",\"@id\":\"https:\/\/torredonjimenoactualidad.com\/#\/schema\/person\/image\/\",\"url\":\"https:\/\/secure.gravatar.com\/avatar\/f9371f188c71501b4475a9ba2a71595850ec72967f800a2ed8e3e2102859ed65?s=96&d=mm&r=g\",\"contentUrl\":\"https:\/\/secure.gravatar.com\/avatar\/f9371f188c71501b4475a9ba2a71595850ec72967f800a2ed8e3e2102859ed65?s=96&d=mm&r=g\",\"caption\":\"Alba Mar\u00eda Torres\"},\"url\":\"https:\/\/torredonjimenoactualidad.com\/index.php\/author\/alba-torres\/\"}]}<\/script>\n<!-- \/ Yoast SEO plugin. -->","yoast_head_json":{"title":"La Junta destaca la actividad y el dinamismo de los 17 centros de participaci\u00f3n activa de la provincia - Torredonjimeno Actualidad","robots":{"index":"index","follow":"follow","max-snippet":"max-snippet:-1","max-image-preview":"max-image-preview:large","max-video-preview":"max-video-preview:-1"},"canonical":"https:\/\/torredonjimenoactualidad.com\/index.php\/2023\/10\/04\/la-junta-destaca-la-actividad-y-el-dinamismo-de-los-17-centros-de-participacion-activa-de-la-provincia\/","og_locale":"es_ES","og_type":"article","og_title":"La Junta destaca la actividad y el dinamismo de los 17 centros de participaci\u00f3n activa de la provincia - Torredonjimeno Actualidad","og_description":"El delegado del Gobierno andaluz en Ja\u00e9n, Jes\u00fas Estrella, ha destacado este mi\u00e9rcoles \u00abla actividad y el dinamismo\u00bb de los 17 centros de participaci\u00f3n activa (CPA) de la provincia. As\u00ed lo ha indicado durante la entrega de premios y reconocimientos del Certamen de Relato Corto y Poes\u00eda de Personas Mayores, encuadrada en la programaci\u00f3n con &hellip; La Junta destaca la actividad y el dinamismo de los 17 centros de participaci\u00f3n activa de la provincia Leer m\u00e1s &raquo;","og_url":"https:\/\/torredonjimenoactualidad.com\/index.php\/2023\/10\/04\/la-junta-destaca-la-actividad-y-el-dinamismo-de-los-17-centros-de-participacion-activa-de-la-provincia\/","og_site_name":"Torredonjimeno Actualidad","article_published_time":"2023-10-04T15:23:52+00:00","article_modified_time":"2023-10-04T15:23:54+00:00","og_image":[{"width":1548,"height":884,"url":"https:\/\/torredonjimenoactualidad.com\/wp-content\/uploads\/2023\/10\/fotonoticia_20231004145906_1920.jpg","type":"image\/jpeg"}],"author":"Alba Mar\u00eda Torres","twitter_card":"summary_large_image","twitter_misc":{"Escrito por":"Alba Mar\u00eda Torres","Tiempo de lectura":"3 minutos"},"schema":{"@context":"https:\/\/schema.org","@graph":[{"@type":"Article","@id":"https:\/\/torredonjimenoactualidad.com\/index.php\/2023\/10\/04\/la-junta-destaca-la-actividad-y-el-dinamismo-de-los-17-centros-de-participacion-activa-de-la-provincia\/#article","isPartOf":{"@id":"https:\/\/torredonjimenoactualidad.com\/index.php\/2023\/10\/04\/la-junta-destaca-la-actividad-y-el-dinamismo-de-los-17-centros-de-participacion-activa-de-la-provincia\/"},"author":{"name":"Alba Mar\u00eda Torres","@id":"https:\/\/torredonjimenoactualidad.com\/#\/schema\/person\/84de5f233e783ef2c75151a532b54977"},"headline":"La Junta destaca la actividad y el dinamismo de los 17 centros de participaci\u00f3n activa de la provincia","datePublished":"2023-10-04T15:23:52+00:00","dateModified":"2023-10-04T15:23:54+00:00","mainEntityOfPage":{"@id":"https:\/\/torredonjimenoactualidad.com\/index.php\/2023\/10\/04\/la-junta-destaca-la-actividad-y-el-dinamismo-de-los-17-centros-de-participacion-activa-de-la-provincia\/"},"wordCount":586,"publisher":{"@id":"https:\/\/torredonjimenoactualidad.com\/#organization"},"articleSection":["provincia"],"inLanguage":"es"},{"@type":"WebPage","@id":"https:\/\/torredonjimenoactualidad.com\/index.php\/2023\/10\/04\/la-junta-destaca-la-actividad-y-el-dinamismo-de-los-17-centros-de-participacion-activa-de-la-provincia\/","url":"https:\/\/torredonjimenoactualidad.com\/index.php\/2023\/10\/04\/la-junta-destaca-la-actividad-y-el-dinamismo-de-los-17-centros-de-participacion-activa-de-la-provincia\/","name":"La Junta destaca la actividad y el dinamismo de los 17 centros de participaci\u00f3n activa de la provincia - Torredonjimeno Actualidad","isPartOf":{"@id":"https:\/\/torredonjimenoactualidad.com\/#website"},"datePublished":"2023-10-04T15:23:52+00:00","dateModified":"2023-10-04T15:23:54+00:00","breadcrumb":{"@id":"https:\/\/torredonjimenoactualidad.com\/index.php\/2023\/10\/04\/la-junta-destaca-la-actividad-y-el-dinamismo-de-los-17-centros-de-participacion-activa-de-la-provincia\/#breadcrumb"},"inLanguage":"es","potentialAction":[{"@type":"ReadAction","target":["https:\/\/torredonjimenoactualidad.com\/index.php\/2023\/10\/04\/la-junta-destaca-la-actividad-y-el-dinamismo-de-los-17-centros-de-participacion-activa-de-la-provincia\/"]}]},{"@type":"BreadcrumbList","@id":"https:\/\/torredonjimenoactualidad.com\/index.php\/2023\/10\/04\/la-junta-destaca-la-actividad-y-el-dinamismo-de-los-17-centros-de-participacion-activa-de-la-provincia\/#breadcrumb","itemListElement":[{"@type":"ListItem","position":1,"name":"Portada","item":"https:\/\/torredonjimenoactualidad.com\/"},{"@type":"ListItem","position":2,"name":"La Junta destaca la actividad y el dinamismo de los 17 centros de participaci\u00f3n activa de la provincia"}]},{"@type":"WebSite","@id":"https:\/\/torredonjimenoactualidad.com\/#website","url":"https:\/\/torredonjimenoactualidad.com\/","name":"Torredonjimeno Actualidad","description":"","publisher":{"@id":"https:\/\/torredonjimenoactualidad.com\/#organization"},"potentialAction":[{"@type":"SearchAction","target":{"@type":"EntryPoint","urlTemplate":"https:\/\/torredonjimenoactualidad.com\/?s={search_term_string}"},"query-input":"required name=search_term_string"}],"inLanguage":"es"},{"@type":"Organization","@id":"https:\/\/torredonjimenoactualidad.com\/#organization","name":"Torredonjimeno Actualidad","url":"https:\/\/torredonjimenoactualidad.com\/","logo":{"@type":"ImageObject","inLanguage":"es","@id":"https:\/\/torredonjimenoactualidad.com\/#\/schema\/logo\/image\/","url":"https:\/\/torredonjimenoactualidad.com\/wp-content\/uploads\/2023\/02\/logo-torredonjimeno-544x180-1.png","contentUrl":"https:\/\/torredonjimenoactualidad.com\/wp-content\/uploads\/2023\/02\/logo-torredonjimeno-544x180-1.png","width":545,"height":112,"caption":"Torredonjimeno Actualidad"},"image":{"@id":"https:\/\/torredonjimenoactualidad.com\/#\/schema\/logo\/image\/"}},{"@type":"Person","@id":"https:\/\/torredonjimenoactualidad.com\/#\/schema\/person\/84de5f233e783ef2c75151a532b54977","name":"Alba Mar\u00eda Torres","image":{"@type":"ImageObject","inLanguage":"es","@id":"https:\/\/torredonjimenoactualidad.com\/#\/schema\/person\/image\/","url":"https:\/\/secure.gravatar.com\/avatar\/f9371f188c71501b4475a9ba2a71595850ec72967f800a2ed8e3e2102859ed65?s=96&d=mm&r=g","contentUrl":"https:\/\/secure.gravatar.com\/avatar\/f9371f188c71501b4475a9ba2a71595850ec72967f800a2ed8e3e2102859ed65?s=96&d=mm&r=g","caption":"Alba Mar\u00eda Torres"},"url":"https:\/\/torredonjimenoactualidad.com\/index.php\/author\/alba-torres\/"}]}},"_links":{"self":[{"href":"https:\/\/torredonjimenoactualidad.com\/index.php\/wp-json\/wp\/v2\/posts\/1065","targetHints":{"allow":["GET"]}}],"collection":[{"href":"https:\/\/torredonjimenoactualidad.com\/index.php\/wp-json\/wp\/v2\/posts"}],"about":[{"href":"https:\/\/torredonjimenoactualidad.com\/index.php\/wp-json\/wp\/v2\/types\/post"}],"author":[{"embeddable":true,"href":"https:\/\/torredonjimenoactualidad.com\/index.php\/wp-json\/wp\/v2\/users\/2"}],"replies":[{"embeddable":true,"href":"https:\/\/torredonjimenoactualidad.com\/index.php\/wp-json\/wp\/v2\/comments?post=1065"}],"version-history":[{"count":1,"href":"https:\/\/torredonjimenoactualidad.com\/index.php\/wp-json\/wp\/v2\/posts\/1065\/revisions"}],"predecessor-version":[{"id":1067,"href":"https:\/\/torredonjimenoactualidad.com\/index.php\/wp-json\/wp\/v2\/posts\/1065\/revisions\/1067"}],"wp:featuredmedia":[{"embeddable":true,"href":"https:\/\/torredonjimenoactualidad.com\/index.php\/wp-json\/wp\/v2\/media\/1066"}],"wp:attachment":[{"href":"https:\/\/torredonjimenoactualidad.com\/index.php\/wp-json\/wp\/v2\/media?parent=1065"}],"wp:term":[{"taxonomy":"category","embeddable":true,"href":"https:\/\/torredonjimenoactualidad.com\/index.php\/wp-json\/wp\/v2\/categories?post=1065"},{"taxonomy":"post_tag","embeddable":true,"href":"https:\/\/torredonjimenoactualidad.com\/index.php\/wp-json\/wp\/v2\/tags?post=1065"}],"curies":[{"name":"wp","href":"https:\/\/api.w.org\/{rel}","templated":true}]}}