{"id":1045,"date":"2023-09-29T14:50:45","date_gmt":"2023-09-29T14:50:45","guid":{"rendered":"https:\/\/torredonjimenoactualidad.com\/?p=1045"},"modified":"2023-09-29T14:50:47","modified_gmt":"2023-09-29T14:50:47","slug":"diputacion-aprueba-el-plan-especial-de-empleo-con-mas-de-diez-millones-para-generar-jornales","status":"publish","type":"post","link":"https:\/\/torredonjimenoactualidad.com\/index.php\/2023\/09\/29\/diputacion-aprueba-el-plan-especial-de-empleo-con-mas-de-diez-millones-para-generar-jornales\/","title":{"rendered":"Diputaci\u00f3n aprueba el Plan Especial de Empleo, con m\u00e1s de diez millones, para generar jornales"},"content":{"rendered":"\n<p>El pleno de la Diputaci\u00f3n Provincial de Ja\u00e9n ha dado el visto bueno al Plan Especial de Empleo, dotado con m\u00e1s de diez millones de euros para generar jornales en los 97 municipios. La idea es contribuir a paliar la merma de jornales en los municipios ante la escasa cosecha de aceituna que se prev\u00e9 debido a la sequ\u00eda.<\/p>\n\n\n\n<p>La medida se enmarca dentro de las distintas partidas econ\u00f3micas habilitadas con remanentes de la Administraci\u00f3n provincial y que \u00abson fruto de la buena gesti\u00f3n econ\u00f3mica que hace esta Diputaci\u00f3n\u00bb, seg\u00fan ha indicado la vicepresidenta segunda y diputada de Econom\u00eda, Hacienda, Asistencia a Municipios y Recursos Humanos, Pilar Parra.<\/p>\n\n\n\n<p>Este plan se distribuir\u00e1 entre las 97 localidades jiennenses, que recibir\u00e1n una cantidad que oscilar\u00e1 entre cerca de los 58.000 euros y los 160.000 euros, en funci\u00f3n de su n\u00famero de habitantes. Este plan, que fue acordado y aprobado en el seno del Consejo de Alcaldes y Alcaldesas, \u00abva a repercutir directamente en los jornales\u00bb.<\/p>\n\n\n\n<p>De esta forma, se facilita, que \u00abtodos los alcaldes y alcaldesas, los 97 sin distinci\u00f3n de signos pol\u00edticos, puedan dar un empleo a una persona cuando llegue solicitando ayuda por necesidades econ\u00f3micas\u00bb.<\/p>\n\n\n\n<p>Para ello, este Plan Especial de Empleo de la Administraci\u00f3n provincial \u00abtiene la virtualidad de que es un plan de activaci\u00f3n de empleo\u00bb, lo que permite que sean preferentes las personas del subsidio agrario y, al mismo tiempo, que los jornales que se echen a trav\u00e9s del mismo sirvan tambi\u00e9n acceder a este subsidio, adem\u00e1s de que \u00abda flexibilidad para realizar contratos que pueden ser desde una semana hasta un a\u00f1o, sin que haya penalizaci\u00f3n por parte de la Seguridad Social si el contrato es menor a un mes\u00bb.<\/p>\n\n\n\n<p>En total, este plan contar\u00e1 con una partida de 10.095.000 euros que se distribuir\u00e1 entre todos los municipios de la provincia en funci\u00f3n de su n\u00famero de habitantes, por lo que las localidades que cuenten con una poblaci\u00f3n inferior a las 900 personas, recibir\u00e1n una ayuda de 57.798 euros; las que tienen entre 901 y 2900 habitantes percibir\u00e1n un total de 89.788 euros; aquellas que cuentan entre 2.901 y 4.900 habitantes dispondr\u00e1n de una ayuda de 104.698 euros; las que poseen entre 4.901 y 9.900 habitantes recibir\u00e1n 131.758 euros y las que superan los 9.901 van a recibir 160.000 euros.<\/p>\n\n\n\n<p>Junto a este Plan Especial de Empleo, en este pleno ordinario se ha dado el visto bueno a otra medida abordada en el Consejo de Alcaldes y Alcadesas, esto es, la devoluci\u00f3n de cerca del 40 por ciento del Premio de Cobranza de Recaudaci\u00f3n a los 95 ayuntamientos a los que presta este servicio, lo que supondr\u00e1 la devoluci\u00f3n de un total de 3 millones de euros a los mismos.<\/p>\n\n\n\n<p>Parra ha hecho hincapi\u00e9 sobre la importancia de esta medida, ya que la gesti\u00f3n y recaudaci\u00f3n de impuestos \u00abes un servicio p\u00fablico de mucho valor, puesto que es una fuente econ\u00f3mica fundamental para los ayuntamientos de cara a la prestaci\u00f3n de servicios a la ciudadan\u00eda, pero al mismo tiempo, ese servicio p\u00fablico tambi\u00e9n tiene un escaso precio que no hemos incrementado desde el a\u00f1o 1986\u00bb.<\/p>\n\n\n\n<p>Desde 2010 se lleva utilizando el remanente de tesorer\u00eda, un total de 44 millones de euros, para \u00abdevolver a los ayuntamientos a trav\u00e9s de la devoluci\u00f3n de este Premio de Cobranza o planes de empleo, entre otras muchas medidas\u00bb, ha apostillado Parra.<\/p>\n\n\n\n<p>Tambi\u00e9n en la sesi\u00f3n plenaria de este viernes se ha dado el visto bueno a la ampliaci\u00f3n de la partida destinada a la convocatoria de ayudas para la generaci\u00f3n de empleo intensivo de la Diputaci\u00f3n de Ja\u00e9n. \u00abVamos a suplementar la partida de convocatoria de empleo intensivo con 1,2 millones de euros, con lo que damos respuesta a cuatro empresas que nos han solicitado estas ayudas y facilitamos la generaci\u00f3n de 84 puestos de trabajo\u00bb, ha apuntado la vicepresidenta segunda.<\/p>\n\n\n\n<p>Asimismo, Parra ha recordado la importante inversi\u00f3n que ha realizado la Administraci\u00f3n provincial en esta l\u00ednea de financiaci\u00f3n a pesar de que \u00abno tenemos competencia en materia de empleo\u00bb. En concreto, \u00abdesde su creaci\u00f3n en 2015, esta l\u00ednea ha permitido contratar a 2.475 personas y atender a 95 empresas, y todo con fondos propios, a trav\u00e9s de una aportaci\u00f3n de 33,6 millones de euros\u00bb, ha dicho la diputada.<\/p>\n\n\n\n<p>Relacionado con esta convocatoria de empleo intensivo, Parra ha explicado el motivo de la baja por anulaci\u00f3n en el presupuesto de dos millones de euros, que tambi\u00e9n se ha aprobado en el marco de esta sesi\u00f3n plenaria. Esta cantidad figuraba en las cuentas de la Administraci\u00f3n provincial para posibilitar la cofinanciaci\u00f3n de las ayudas de empleo intensivo con la Junta de Andaluc\u00eda, que posee la competencia en materia de empleo.<\/p>\n\n\n\n<p>\u00abEn dos ocasiones, el presidente de la Diputaci\u00f3n de Ja\u00e9n se ha dirigido al presidente de la Junta de Andaluc\u00eda pidi\u00e9ndole cooperaci\u00f3n econ\u00f3mica y ayuda para poder extender aun mas esta convocatoria de \u00e9xito y se han tra\u00eddo mociones al pleno sobre esta materia que han sido apoyadas por el PP, pero la realidad es que no ha llegado el dinero y que hoy es el momento de dar de baja esa partida porque no tiene ninguna utilidad\u00bb, ha concluido Parra.<\/p>\n","protected":false},"excerpt":{"rendered":"<p>El pleno de la Diputaci\u00f3n Provincial de Ja\u00e9n ha dado el visto bueno al Plan Especial de Empleo, dotado con m\u00e1s de diez millones de euros para generar jornales en los 97 municipios. La idea es contribuir a paliar la merma de jornales en los municipios ante la escasa cosecha de aceituna que se prev\u00e9 &hellip;<\/p>\n<p class=\"read-more\"> <a class=\"\" href=\"https:\/\/torredonjimenoactualidad.com\/index.php\/2023\/09\/29\/diputacion-aprueba-el-plan-especial-de-empleo-con-mas-de-diez-millones-para-generar-jornales\/\"> <span class=\"screen-reader-text\">Diputaci\u00f3n aprueba el Plan Especial de Empleo, con m\u00e1s de diez millones, para generar jornales<\/span> Leer m\u00e1s &raquo;<\/a><\/p>\n","protected":false},"author":2,"featured_media":1046,"comment_status":"open","ping_status":"open","sticky":false,"template":"","format":"standard","meta":{"site-sidebar-layout":"default","site-content-layout":"default","ast-global-header-display":"","ast-main-header-display":"","ast-hfb-above-header-display":"","ast-hfb-below-header-display":"","ast-hfb-mobile-header-display":"","site-post-title":"","ast-breadcrumbs-content":"","ast-featured-img":"","footer-sml-layout":"","theme-transparent-header-meta":"","adv-header-id-meta":"","stick-header-meta":"","header-above-stick-meta":"","header-main-stick-meta":"","header-below-stick-meta":"","footnotes":""},"categories":[8],"tags":[],"class_list":["post-1045","post","type-post","status-publish","format-standard","has-post-thumbnail","hentry","category-provincia"],"yoast_head":"<!-- This site is optimized with the Yoast SEO plugin v20.8 - https:\/\/yoast.com\/wordpress\/plugins\/seo\/ -->\n<title>Diputaci\u00f3n aprueba el Plan Especial de Empleo, con m\u00e1s de diez millones, para generar jornales - Torredonjimeno Actualidad<\/title>\n<meta name=\"robots\" content=\"index, follow, max-snippet:-1, max-image-preview:large, max-video-preview:-1\" \/>\n<link rel=\"canonical\" href=\"https:\/\/torredonjimenoactualidad.com\/index.php\/2023\/09\/29\/diputacion-aprueba-el-plan-especial-de-empleo-con-mas-de-diez-millones-para-generar-jornales\/\" \/>\n<meta property=\"og:locale\" content=\"es_ES\" \/>\n<meta property=\"og:type\" content=\"article\" \/>\n<meta property=\"og:title\" content=\"Diputaci\u00f3n aprueba el Plan Especial de Empleo, con m\u00e1s de diez millones, para generar jornales - Torredonjimeno Actualidad\" \/>\n<meta property=\"og:description\" content=\"El pleno de la Diputaci\u00f3n Provincial de Ja\u00e9n ha dado el visto bueno al Plan Especial de Empleo, dotado con m\u00e1s de diez millones de euros para generar jornales en los 97 municipios. La idea es contribuir a paliar la merma de jornales en los municipios ante la escasa cosecha de aceituna que se prev\u00e9 &hellip; Diputaci\u00f3n aprueba el Plan Especial de Empleo, con m\u00e1s de diez millones, para generar jornales Leer m\u00e1s &raquo;\" \/>\n<meta property=\"og:url\" content=\"https:\/\/torredonjimenoactualidad.com\/index.php\/2023\/09\/29\/diputacion-aprueba-el-plan-especial-de-empleo-con-mas-de-diez-millones-para-generar-jornales\/\" \/>\n<meta property=\"og:site_name\" content=\"Torredonjimeno Actualidad\" \/>\n<meta property=\"article:published_time\" content=\"2023-09-29T14:50:45+00:00\" \/>\n<meta property=\"article:modified_time\" content=\"2023-09-29T14:50:47+00:00\" \/>\n<meta property=\"og:image\" content=\"https:\/\/torredonjimenoactualidad.com\/wp-content\/uploads\/2023\/09\/fotonoticia_20230929140157_1920.jpg\" \/>\n\t<meta property=\"og:image:width\" content=\"1920\" \/>\n\t<meta property=\"og:image:height\" content=\"1098\" \/>\n\t<meta property=\"og:image:type\" content=\"image\/jpeg\" \/>\n<meta name=\"author\" content=\"Alba Mar\u00eda Torres\" \/>\n<meta name=\"twitter:card\" content=\"summary_large_image\" \/>\n<meta name=\"twitter:label1\" content=\"Escrito por\" \/>\n\t<meta name=\"twitter:data1\" content=\"Alba Mar\u00eda Torres\" \/>\n\t<meta name=\"twitter:label2\" content=\"Tiempo de lectura\" \/>\n\t<meta name=\"twitter:data2\" content=\"4 minutos\" \/>\n<script type=\"application\/ld+json\" class=\"yoast-schema-graph\">{\"@context\":\"https:\/\/schema.org\",\"@graph\":[{\"@type\":\"Article\",\"@id\":\"https:\/\/torredonjimenoactualidad.com\/index.php\/2023\/09\/29\/diputacion-aprueba-el-plan-especial-de-empleo-con-mas-de-diez-millones-para-generar-jornales\/#article\",\"isPartOf\":{\"@id\":\"https:\/\/torredonjimenoactualidad.com\/index.php\/2023\/09\/29\/diputacion-aprueba-el-plan-especial-de-empleo-con-mas-de-diez-millones-para-generar-jornales\/\"},\"author\":{\"name\":\"Alba Mar\u00eda Torres\",\"@id\":\"https:\/\/torredonjimenoactualidad.com\/#\/schema\/person\/84de5f233e783ef2c75151a532b54977\"},\"headline\":\"Diputaci\u00f3n aprueba el Plan Especial de Empleo, con m\u00e1s de diez millones, para generar jornales\",\"datePublished\":\"2023-09-29T14:50:45+00:00\",\"dateModified\":\"2023-09-29T14:50:47+00:00\",\"mainEntityOfPage\":{\"@id\":\"https:\/\/torredonjimenoactualidad.com\/index.php\/2023\/09\/29\/diputacion-aprueba-el-plan-especial-de-empleo-con-mas-de-diez-millones-para-generar-jornales\/\"},\"wordCount\":920,\"commentCount\":0,\"publisher\":{\"@id\":\"https:\/\/torredonjimenoactualidad.com\/#organization\"},\"articleSection\":[\"provincia\"],\"inLanguage\":\"es\",\"potentialAction\":[{\"@type\":\"CommentAction\",\"name\":\"Comment\",\"target\":[\"https:\/\/torredonjimenoactualidad.com\/index.php\/2023\/09\/29\/diputacion-aprueba-el-plan-especial-de-empleo-con-mas-de-diez-millones-para-generar-jornales\/#respond\"]}]},{\"@type\":\"WebPage\",\"@id\":\"https:\/\/torredonjimenoactualidad.com\/index.php\/2023\/09\/29\/diputacion-aprueba-el-plan-especial-de-empleo-con-mas-de-diez-millones-para-generar-jornales\/\",\"url\":\"https:\/\/torredonjimenoactualidad.com\/index.php\/2023\/09\/29\/diputacion-aprueba-el-plan-especial-de-empleo-con-mas-de-diez-millones-para-generar-jornales\/\",\"name\":\"Diputaci\u00f3n aprueba el Plan Especial de Empleo, con m\u00e1s de diez millones, para generar jornales - Torredonjimeno Actualidad\",\"isPartOf\":{\"@id\":\"https:\/\/torredonjimenoactualidad.com\/#website\"},\"datePublished\":\"2023-09-29T14:50:45+00:00\",\"dateModified\":\"2023-09-29T14:50:47+00:00\",\"breadcrumb\":{\"@id\":\"https:\/\/torredonjimenoactualidad.com\/index.php\/2023\/09\/29\/diputacion-aprueba-el-plan-especial-de-empleo-con-mas-de-diez-millones-para-generar-jornales\/#breadcrumb\"},\"inLanguage\":\"es\",\"potentialAction\":[{\"@type\":\"ReadAction\",\"target\":[\"https:\/\/torredonjimenoactualidad.com\/index.php\/2023\/09\/29\/diputacion-aprueba-el-plan-especial-de-empleo-con-mas-de-diez-millones-para-generar-jornales\/\"]}]},{\"@type\":\"BreadcrumbList\",\"@id\":\"https:\/\/torredonjimenoactualidad.com\/index.php\/2023\/09\/29\/diputacion-aprueba-el-plan-especial-de-empleo-con-mas-de-diez-millones-para-generar-jornales\/#breadcrumb\",\"itemListElement\":[{\"@type\":\"ListItem\",\"position\":1,\"name\":\"Portada\",\"item\":\"https:\/\/torredonjimenoactualidad.com\/\"},{\"@type\":\"ListItem\",\"position\":2,\"name\":\"Diputaci\u00f3n aprueba el Plan Especial de Empleo, con m\u00e1s de diez millones, para generar jornales\"}]},{\"@type\":\"WebSite\",\"@id\":\"https:\/\/torredonjimenoactualidad.com\/#website\",\"url\":\"https:\/\/torredonjimenoactualidad.com\/\",\"name\":\"Torredonjimeno Actualidad\",\"description\":\"\",\"publisher\":{\"@id\":\"https:\/\/torredonjimenoactualidad.com\/#organization\"},\"potentialAction\":[{\"@type\":\"SearchAction\",\"target\":{\"@type\":\"EntryPoint\",\"urlTemplate\":\"https:\/\/torredonjimenoactualidad.com\/?s={search_term_string}\"},\"query-input\":\"required name=search_term_string\"}],\"inLanguage\":\"es\"},{\"@type\":\"Organization\",\"@id\":\"https:\/\/torredonjimenoactualidad.com\/#organization\",\"name\":\"Torredonjimeno Actualidad\",\"url\":\"https:\/\/torredonjimenoactualidad.com\/\",\"logo\":{\"@type\":\"ImageObject\",\"inLanguage\":\"es\",\"@id\":\"https:\/\/torredonjimenoactualidad.com\/#\/schema\/logo\/image\/\",\"url\":\"https:\/\/torredonjimenoactualidad.com\/wp-content\/uploads\/2023\/02\/logo-torredonjimeno-544x180-1.png\",\"contentUrl\":\"https:\/\/torredonjimenoactualidad.com\/wp-content\/uploads\/2023\/02\/logo-torredonjimeno-544x180-1.png\",\"width\":545,\"height\":112,\"caption\":\"Torredonjimeno Actualidad\"},\"image\":{\"@id\":\"https:\/\/torredonjimenoactualidad.com\/#\/schema\/logo\/image\/\"}},{\"@type\":\"Person\",\"@id\":\"https:\/\/torredonjimenoactualidad.com\/#\/schema\/person\/84de5f233e783ef2c75151a532b54977\",\"name\":\"Alba Mar\u00eda Torres\",\"image\":{\"@type\":\"ImageObject\",\"inLanguage\":\"es\",\"@id\":\"https:\/\/torredonjimenoactualidad.com\/#\/schema\/person\/image\/\",\"url\":\"https:\/\/secure.gravatar.com\/avatar\/f9371f188c71501b4475a9ba2a71595850ec72967f800a2ed8e3e2102859ed65?s=96&d=mm&r=g\",\"contentUrl\":\"https:\/\/secure.gravatar.com\/avatar\/f9371f188c71501b4475a9ba2a71595850ec72967f800a2ed8e3e2102859ed65?s=96&d=mm&r=g\",\"caption\":\"Alba Mar\u00eda Torres\"},\"url\":\"https:\/\/torredonjimenoactualidad.com\/index.php\/author\/alba-torres\/\"}]}<\/script>\n<!-- \/ Yoast SEO plugin. -->","yoast_head_json":{"title":"Diputaci\u00f3n aprueba el Plan Especial de Empleo, con m\u00e1s de diez millones, para generar jornales - Torredonjimeno Actualidad","robots":{"index":"index","follow":"follow","max-snippet":"max-snippet:-1","max-image-preview":"max-image-preview:large","max-video-preview":"max-video-preview:-1"},"canonical":"https:\/\/torredonjimenoactualidad.com\/index.php\/2023\/09\/29\/diputacion-aprueba-el-plan-especial-de-empleo-con-mas-de-diez-millones-para-generar-jornales\/","og_locale":"es_ES","og_type":"article","og_title":"Diputaci\u00f3n aprueba el Plan Especial de Empleo, con m\u00e1s de diez millones, para generar jornales - Torredonjimeno Actualidad","og_description":"El pleno de la Diputaci\u00f3n Provincial de Ja\u00e9n ha dado el visto bueno al Plan Especial de Empleo, dotado con m\u00e1s de diez millones de euros para generar jornales en los 97 municipios. La idea es contribuir a paliar la merma de jornales en los municipios ante la escasa cosecha de aceituna que se prev\u00e9 &hellip; Diputaci\u00f3n aprueba el Plan Especial de Empleo, con m\u00e1s de diez millones, para generar jornales Leer m\u00e1s &raquo;","og_url":"https:\/\/torredonjimenoactualidad.com\/index.php\/2023\/09\/29\/diputacion-aprueba-el-plan-especial-de-empleo-con-mas-de-diez-millones-para-generar-jornales\/","og_site_name":"Torredonjimeno Actualidad","article_published_time":"2023-09-29T14:50:45+00:00","article_modified_time":"2023-09-29T14:50:47+00:00","og_image":[{"width":1920,"height":1098,"url":"https:\/\/torredonjimenoactualidad.com\/wp-content\/uploads\/2023\/09\/fotonoticia_20230929140157_1920.jpg","type":"image\/jpeg"}],"author":"Alba Mar\u00eda Torres","twitter_card":"summary_large_image","twitter_misc":{"Escrito por":"Alba Mar\u00eda Torres","Tiempo de lectura":"4 minutos"},"schema":{"@context":"https:\/\/schema.org","@graph":[{"@type":"Article","@id":"https:\/\/torredonjimenoactualidad.com\/index.php\/2023\/09\/29\/diputacion-aprueba-el-plan-especial-de-empleo-con-mas-de-diez-millones-para-generar-jornales\/#article","isPartOf":{"@id":"https:\/\/torredonjimenoactualidad.com\/index.php\/2023\/09\/29\/diputacion-aprueba-el-plan-especial-de-empleo-con-mas-de-diez-millones-para-generar-jornales\/"},"author":{"name":"Alba Mar\u00eda Torres","@id":"https:\/\/torredonjimenoactualidad.com\/#\/schema\/person\/84de5f233e783ef2c75151a532b54977"},"headline":"Diputaci\u00f3n aprueba el Plan Especial de Empleo, con m\u00e1s de diez millones, para generar jornales","datePublished":"2023-09-29T14:50:45+00:00","dateModified":"2023-09-29T14:50:47+00:00","mainEntityOfPage":{"@id":"https:\/\/torredonjimenoactualidad.com\/index.php\/2023\/09\/29\/diputacion-aprueba-el-plan-especial-de-empleo-con-mas-de-diez-millones-para-generar-jornales\/"},"wordCount":920,"commentCount":0,"publisher":{"@id":"https:\/\/torredonjimenoactualidad.com\/#organization"},"articleSection":["provincia"],"inLanguage":"es","potentialAction":[{"@type":"CommentAction","name":"Comment","target":["https:\/\/torredonjimenoactualidad.com\/index.php\/2023\/09\/29\/diputacion-aprueba-el-plan-especial-de-empleo-con-mas-de-diez-millones-para-generar-jornales\/#respond"]}]},{"@type":"WebPage","@id":"https:\/\/torredonjimenoactualidad.com\/index.php\/2023\/09\/29\/diputacion-aprueba-el-plan-especial-de-empleo-con-mas-de-diez-millones-para-generar-jornales\/","url":"https:\/\/torredonjimenoactualidad.com\/index.php\/2023\/09\/29\/diputacion-aprueba-el-plan-especial-de-empleo-con-mas-de-diez-millones-para-generar-jornales\/","name":"Diputaci\u00f3n aprueba el Plan Especial de Empleo, con m\u00e1s de diez millones, para generar jornales - Torredonjimeno Actualidad","isPartOf":{"@id":"https:\/\/torredonjimenoactualidad.com\/#website"},"datePublished":"2023-09-29T14:50:45+00:00","dateModified":"2023-09-29T14:50:47+00:00","breadcrumb":{"@id":"https:\/\/torredonjimenoactualidad.com\/index.php\/2023\/09\/29\/diputacion-aprueba-el-plan-especial-de-empleo-con-mas-de-diez-millones-para-generar-jornales\/#breadcrumb"},"inLanguage":"es","potentialAction":[{"@type":"ReadAction","target":["https:\/\/torredonjimenoactualidad.com\/index.php\/2023\/09\/29\/diputacion-aprueba-el-plan-especial-de-empleo-con-mas-de-diez-millones-para-generar-jornales\/"]}]},{"@type":"BreadcrumbList","@id":"https:\/\/torredonjimenoactualidad.com\/index.php\/2023\/09\/29\/diputacion-aprueba-el-plan-especial-de-empleo-con-mas-de-diez-millones-para-generar-jornales\/#breadcrumb","itemListElement":[{"@type":"ListItem","position":1,"name":"Portada","item":"https:\/\/torredonjimenoactualidad.com\/"},{"@type":"ListItem","position":2,"name":"Diputaci\u00f3n aprueba el Plan Especial de Empleo, con m\u00e1s de diez millones, para generar jornales"}]},{"@type":"WebSite","@id":"https:\/\/torredonjimenoactualidad.com\/#website","url":"https:\/\/torredonjimenoactualidad.com\/","name":"Torredonjimeno Actualidad","description":"","publisher":{"@id":"https:\/\/torredonjimenoactualidad.com\/#organization"},"potentialAction":[{"@type":"SearchAction","target":{"@type":"EntryPoint","urlTemplate":"https:\/\/torredonjimenoactualidad.com\/?s={search_term_string}"},"query-input":"required name=search_term_string"}],"inLanguage":"es"},{"@type":"Organization","@id":"https:\/\/torredonjimenoactualidad.com\/#organization","name":"Torredonjimeno Actualidad","url":"https:\/\/torredonjimenoactualidad.com\/","logo":{"@type":"ImageObject","inLanguage":"es","@id":"https:\/\/torredonjimenoactualidad.com\/#\/schema\/logo\/image\/","url":"https:\/\/torredonjimenoactualidad.com\/wp-content\/uploads\/2023\/02\/logo-torredonjimeno-544x180-1.png","contentUrl":"https:\/\/torredonjimenoactualidad.com\/wp-content\/uploads\/2023\/02\/logo-torredonjimeno-544x180-1.png","width":545,"height":112,"caption":"Torredonjimeno Actualidad"},"image":{"@id":"https:\/\/torredonjimenoactualidad.com\/#\/schema\/logo\/image\/"}},{"@type":"Person","@id":"https:\/\/torredonjimenoactualidad.com\/#\/schema\/person\/84de5f233e783ef2c75151a532b54977","name":"Alba Mar\u00eda Torres","image":{"@type":"ImageObject","inLanguage":"es","@id":"https:\/\/torredonjimenoactualidad.com\/#\/schema\/person\/image\/","url":"https:\/\/secure.gravatar.com\/avatar\/f9371f188c71501b4475a9ba2a71595850ec72967f800a2ed8e3e2102859ed65?s=96&d=mm&r=g","contentUrl":"https:\/\/secure.gravatar.com\/avatar\/f9371f188c71501b4475a9ba2a71595850ec72967f800a2ed8e3e2102859ed65?s=96&d=mm&r=g","caption":"Alba Mar\u00eda Torres"},"url":"https:\/\/torredonjimenoactualidad.com\/index.php\/author\/alba-torres\/"}]}},"_links":{"self":[{"href":"https:\/\/torredonjimenoactualidad.com\/index.php\/wp-json\/wp\/v2\/posts\/1045","targetHints":{"allow":["GET"]}}],"collection":[{"href":"https:\/\/torredonjimenoactualidad.com\/index.php\/wp-json\/wp\/v2\/posts"}],"about":[{"href":"https:\/\/torredonjimenoactualidad.com\/index.php\/wp-json\/wp\/v2\/types\/post"}],"author":[{"embeddable":true,"href":"https:\/\/torredonjimenoactualidad.com\/index.php\/wp-json\/wp\/v2\/users\/2"}],"replies":[{"embeddable":true,"href":"https:\/\/torredonjimenoactualidad.com\/index.php\/wp-json\/wp\/v2\/comments?post=1045"}],"version-history":[{"count":1,"href":"https:\/\/torredonjimenoactualidad.com\/index.php\/wp-json\/wp\/v2\/posts\/1045\/revisions"}],"predecessor-version":[{"id":1047,"href":"https:\/\/torredonjimenoactualidad.com\/index.php\/wp-json\/wp\/v2\/posts\/1045\/revisions\/1047"}],"wp:featuredmedia":[{"embeddable":true,"href":"https:\/\/torredonjimenoactualidad.com\/index.php\/wp-json\/wp\/v2\/media\/1046"}],"wp:attachment":[{"href":"https:\/\/torredonjimenoactualidad.com\/index.php\/wp-json\/wp\/v2\/media?parent=1045"}],"wp:term":[{"taxonomy":"category","embeddable":true,"href":"https:\/\/torredonjimenoactualidad.com\/index.php\/wp-json\/wp\/v2\/categories?post=1045"},{"taxonomy":"post_tag","embeddable":true,"href":"https:\/\/torredonjimenoactualidad.com\/index.php\/wp-json\/wp\/v2\/tags?post=1045"}],"curies":[{"name":"wp","href":"https:\/\/api.w.org\/{rel}","templated":true}]}}