{"id":1042,"date":"2023-09-28T13:44:18","date_gmt":"2023-09-28T13:44:18","guid":{"rendered":"https:\/\/torredonjimenoactualidad.com\/?p=1042"},"modified":"2023-09-28T13:44:19","modified_gmt":"2023-09-28T13:44:19","slug":"caritas-pone-en-marcha-una-campana-para-sumar-personal-voluntario-y-recursos-para-plantar-cara-a-la-exclusion","status":"publish","type":"post","link":"https:\/\/torredonjimenoactualidad.com\/index.php\/2023\/09\/28\/caritas-pone-en-marcha-una-campana-para-sumar-personal-voluntario-y-recursos-para-plantar-cara-a-la-exclusion\/","title":{"rendered":"C\u00e1ritas pone en marcha una campa\u00f1a para sumar personal voluntario y recursos para \u00abplantar cara\u00bb a la exclusi\u00f3n"},"content":{"rendered":"\n<p>C\u00e1ritas Diocesana de Ja\u00e9n ha puesto en marcha la campa\u00f1a\u00a0&#8216;\u00bfCu\u00e1l es tu excusa?&#8217; con la que pretende \u00abhacer una llamada a la solidaridad en la provincia de Ja\u00e9n frente a la cultura de la indiferencia\u00bb.<\/p>\n\n\n\n<p>El director de C\u00e1ritas, Rafael Ramos; el vicario de Caridad y delegado de C\u00e1ritas, Juan Raya, y el secretario de C\u00e1ritas, Diego Jim\u00e9nez, han presentado en rueda de prensa la iniciativa, que tiene como principales objetivos dar a conocer el trabajo que desempe\u00f1a este organismo de la Iglesia, aumentar el n\u00famero de personas voluntarias en la Di\u00f3cesis de Ja\u00e9n y conseguir nuevos apoyos, a trav\u00e9s de socios y donantes.<\/p>\n\n\n\n<p>Durante los d\u00edas previos al comienzo de la campa\u00f1a, voluntarios de C\u00e1ritas han colocado cartones con excusas en calles y plazas de decenas de municipios de la provincia jiennense, en los que se mostraban diversas excusas como &#8216;Lo siento, no tengo tiempo&#8217; o &#8216;Tengo&nbsp;<br>cosas m\u00e1s importantes que hacer&#8217;, entre otras.<\/p>\n\n\n\n<p>Estos mensajes responden a las excusas m\u00e1s habituales que recibe C\u00e1ritas de la sociedad para no implicarse con quienes peor lo pasan, seg\u00fan ha explicado el director, Rafael Ramos. \u00abQueremos llamar a atenci\u00f3n de la sociedad sobre la labor que hace C\u00e1ritas en nuestra provincia, a la que ellos tambi\u00e9n se pueden sumar con su tiempo o con su aportaci\u00f3n econ\u00f3mica\u00bb, ha a\u00f1adido.<\/p>\n\n\n\n<p>Ramos ha dicho que las principales v\u00edas de canalizar la campa\u00f1a ser\u00e1n las redes sociales, el voluntariado de C\u00e1ritas y la p\u00e1gina web&nbsp;<br>(caritasjaen.es), desde la que pueden contactar para sumarse como voluntarios, socios o donantes.<\/p>\n\n\n\n<p>El equipo directivo de C\u00e1ritas ha puesto de manifiesto su preocupaci\u00f3n ante el contexto social. Seg\u00fan datos del VIII Informe Foessa sobre desarrollo y exclusi\u00f3n social en Andaluc\u00eda, uno de cada cuatro habitantes se encuentra en situaci\u00f3n de exclusi\u00f3n social,&nbsp;<br>ya sea moderada o severa. El porcentaje se incrementa hasta el 35 por ciento, si se incluye a las personas en riesgo de exclusi\u00f3n social.<\/p>\n\n\n\n<p>Seg\u00fan ha explicado el secretario general de C\u00e1ritas, Diego Jim\u00e9nez, se han encadenado situaciones adversas, como la pandemia o la guerra de Ucrania, que han tenido y est\u00e1n conllevando ser\u00edas consecuencias econ\u00f3micas las familias, como las dificultades para&nbsp;<br>hacer frente al pago de la hipoteca o el alquiler de la vivienda, el aumento del precio de la electricidad y los carburantes, as\u00ed como de la cesta de la compra.<\/p>\n\n\n\n<p>As\u00ed, ha explicado que si en 2017 C\u00e1ritas emple\u00f3 en la provincia 4,7 millones de euros para su labor caritativa y social, esta se vio incrementada hasta los 6,3 millones de euros en 2022, lo supone un considerable aumento. Por el contrario, el n\u00famero de personas voluntarias en 2019 era de 2.093, mientras en que 2.022 la cifra se situ\u00f3 en 1.530, lo que implica 563 voluntarios menos.<\/p>\n\n\n\n<p>Todas estas cifras, seg\u00fan ha constatado, se pueden ver empeoradas por la dif\u00edcil situaci\u00f3n que atraviesa la agricultura como consecuencia de la sequ\u00eda. \u00abAsistimos a dos a\u00f1os consecutivos de malas cosechas y esto en el \u00e1mbito rural de nuestra provincia es&nbsp;<br>devastador porque suponen los \u00fanicos ingresos para muchas familias, que tienen en la campa\u00f1a de la aceituna su principal fuente de ingresos\u00bb, ha concretado Jim\u00e9nez.<\/p>\n\n\n\n<p>Por su parte, el vicario de Caridad y delegado de C\u00e1ritas, Juan Raya, ha apuntado que la campa\u00f1a pretende hacer una llamada colectiva frente a la indiferencia. \u00abDice el Papa Francisco que la indiferencia es la gran enfermedad de este tiempo. No podemos mirar&nbsp;<br>para otro lado ante estos datos. La campa\u00f1a es una invitaci\u00f3n a eliminar tantas excusas y a evitar que la indiferencia nos impida responder a esa realidad\u00bb, ha declarado, al tiempo que ha invitado a los jiennenses a sumarse a la campa\u00f1a.<\/p>\n","protected":false},"excerpt":{"rendered":"<p>C\u00e1ritas Diocesana de Ja\u00e9n ha puesto en marcha la campa\u00f1a\u00a0&#8216;\u00bfCu\u00e1l es tu excusa?&#8217; con la que pretende \u00abhacer una llamada a la solidaridad en la provincia de Ja\u00e9n frente a la cultura de la indiferencia\u00bb. El director de C\u00e1ritas, Rafael Ramos; el vicario de Caridad y delegado de C\u00e1ritas, Juan Raya, y el secretario de &hellip;<\/p>\n<p class=\"read-more\"> <a class=\"\" href=\"https:\/\/torredonjimenoactualidad.com\/index.php\/2023\/09\/28\/caritas-pone-en-marcha-una-campana-para-sumar-personal-voluntario-y-recursos-para-plantar-cara-a-la-exclusion\/\"> <span class=\"screen-reader-text\">C\u00e1ritas pone en marcha una campa\u00f1a para sumar personal voluntario y recursos para \u00abplantar cara\u00bb a la exclusi\u00f3n<\/span> Leer m\u00e1s &raquo;<\/a><\/p>\n","protected":false},"author":2,"featured_media":1043,"comment_status":"closed","ping_status":"open","sticky":false,"template":"","format":"standard","meta":{"site-sidebar-layout":"default","site-content-layout":"default","ast-global-header-display":"","ast-main-header-display":"","ast-hfb-above-header-display":"","ast-hfb-below-header-display":"","ast-hfb-mobile-header-display":"","site-post-title":"","ast-breadcrumbs-content":"","ast-featured-img":"","footer-sml-layout":"","theme-transparent-header-meta":"","adv-header-id-meta":"","stick-header-meta":"","header-above-stick-meta":"","header-main-stick-meta":"","header-below-stick-meta":"","footnotes":""},"categories":[8],"tags":[],"class_list":["post-1042","post","type-post","status-publish","format-standard","has-post-thumbnail","hentry","category-provincia"],"yoast_head":"<!-- This site is optimized with the Yoast SEO plugin v20.8 - https:\/\/yoast.com\/wordpress\/plugins\/seo\/ -->\n<title>C\u00e1ritas pone en marcha una campa\u00f1a para sumar personal voluntario y recursos para &quot;plantar cara&quot; a la exclusi\u00f3n - Torredonjimeno Actualidad<\/title>\n<meta name=\"robots\" content=\"index, follow, max-snippet:-1, max-image-preview:large, max-video-preview:-1\" \/>\n<link rel=\"canonical\" href=\"https:\/\/torredonjimenoactualidad.com\/index.php\/2023\/09\/28\/caritas-pone-en-marcha-una-campana-para-sumar-personal-voluntario-y-recursos-para-plantar-cara-a-la-exclusion\/\" \/>\n<meta property=\"og:locale\" content=\"es_ES\" \/>\n<meta property=\"og:type\" content=\"article\" \/>\n<meta property=\"og:title\" content=\"C\u00e1ritas pone en marcha una campa\u00f1a para sumar personal voluntario y recursos para &quot;plantar cara&quot; a la exclusi\u00f3n - Torredonjimeno Actualidad\" \/>\n<meta property=\"og:description\" content=\"C\u00e1ritas Diocesana de Ja\u00e9n ha puesto en marcha la campa\u00f1a\u00a0&#8216;\u00bfCu\u00e1l es tu excusa?&#8217; con la que pretende \u00abhacer una llamada a la solidaridad en la provincia de Ja\u00e9n frente a la cultura de la indiferencia\u00bb. El director de C\u00e1ritas, Rafael Ramos; el vicario de Caridad y delegado de C\u00e1ritas, Juan Raya, y el secretario de &hellip; C\u00e1ritas pone en marcha una campa\u00f1a para sumar personal voluntario y recursos para \u00abplantar cara\u00bb a la exclusi\u00f3n Leer m\u00e1s &raquo;\" \/>\n<meta property=\"og:url\" content=\"https:\/\/torredonjimenoactualidad.com\/index.php\/2023\/09\/28\/caritas-pone-en-marcha-una-campana-para-sumar-personal-voluntario-y-recursos-para-plantar-cara-a-la-exclusion\/\" \/>\n<meta property=\"og:site_name\" content=\"Torredonjimeno Actualidad\" \/>\n<meta property=\"article:published_time\" content=\"2023-09-28T13:44:18+00:00\" \/>\n<meta property=\"article:modified_time\" content=\"2023-09-28T13:44:19+00:00\" \/>\n<meta property=\"og:image\" content=\"https:\/\/torredonjimenoactualidad.com\/wp-content\/uploads\/2023\/09\/fotonoticia_20230928145111_1920.jpg\" \/>\n\t<meta property=\"og:image:width\" content=\"1701\" \/>\n\t<meta property=\"og:image:height\" content=\"972\" \/>\n\t<meta property=\"og:image:type\" content=\"image\/jpeg\" \/>\n<meta name=\"author\" content=\"Alba Mar\u00eda Torres\" \/>\n<meta name=\"twitter:card\" content=\"summary_large_image\" \/>\n<meta name=\"twitter:label1\" content=\"Escrito por\" \/>\n\t<meta name=\"twitter:data1\" content=\"Alba Mar\u00eda Torres\" \/>\n\t<meta name=\"twitter:label2\" content=\"Tiempo de lectura\" \/>\n\t<meta name=\"twitter:data2\" content=\"3 minutos\" \/>\n<script type=\"application\/ld+json\" class=\"yoast-schema-graph\">{\"@context\":\"https:\/\/schema.org\",\"@graph\":[{\"@type\":\"Article\",\"@id\":\"https:\/\/torredonjimenoactualidad.com\/index.php\/2023\/09\/28\/caritas-pone-en-marcha-una-campana-para-sumar-personal-voluntario-y-recursos-para-plantar-cara-a-la-exclusion\/#article\",\"isPartOf\":{\"@id\":\"https:\/\/torredonjimenoactualidad.com\/index.php\/2023\/09\/28\/caritas-pone-en-marcha-una-campana-para-sumar-personal-voluntario-y-recursos-para-plantar-cara-a-la-exclusion\/\"},\"author\":{\"name\":\"Alba Mar\u00eda Torres\",\"@id\":\"https:\/\/torredonjimenoactualidad.com\/#\/schema\/person\/84de5f233e783ef2c75151a532b54977\"},\"headline\":\"C\u00e1ritas pone en marcha una campa\u00f1a para sumar personal voluntario y recursos para \u00abplantar cara\u00bb a la exclusi\u00f3n\",\"datePublished\":\"2023-09-28T13:44:18+00:00\",\"dateModified\":\"2023-09-28T13:44:19+00:00\",\"mainEntityOfPage\":{\"@id\":\"https:\/\/torredonjimenoactualidad.com\/index.php\/2023\/09\/28\/caritas-pone-en-marcha-una-campana-para-sumar-personal-voluntario-y-recursos-para-plantar-cara-a-la-exclusion\/\"},\"wordCount\":687,\"publisher\":{\"@id\":\"https:\/\/torredonjimenoactualidad.com\/#organization\"},\"articleSection\":[\"provincia\"],\"inLanguage\":\"es\"},{\"@type\":\"WebPage\",\"@id\":\"https:\/\/torredonjimenoactualidad.com\/index.php\/2023\/09\/28\/caritas-pone-en-marcha-una-campana-para-sumar-personal-voluntario-y-recursos-para-plantar-cara-a-la-exclusion\/\",\"url\":\"https:\/\/torredonjimenoactualidad.com\/index.php\/2023\/09\/28\/caritas-pone-en-marcha-una-campana-para-sumar-personal-voluntario-y-recursos-para-plantar-cara-a-la-exclusion\/\",\"name\":\"C\u00e1ritas pone en marcha una campa\u00f1a para sumar personal voluntario y recursos para \\\"plantar cara\\\" a la exclusi\u00f3n - Torredonjimeno Actualidad\",\"isPartOf\":{\"@id\":\"https:\/\/torredonjimenoactualidad.com\/#website\"},\"datePublished\":\"2023-09-28T13:44:18+00:00\",\"dateModified\":\"2023-09-28T13:44:19+00:00\",\"breadcrumb\":{\"@id\":\"https:\/\/torredonjimenoactualidad.com\/index.php\/2023\/09\/28\/caritas-pone-en-marcha-una-campana-para-sumar-personal-voluntario-y-recursos-para-plantar-cara-a-la-exclusion\/#breadcrumb\"},\"inLanguage\":\"es\",\"potentialAction\":[{\"@type\":\"ReadAction\",\"target\":[\"https:\/\/torredonjimenoactualidad.com\/index.php\/2023\/09\/28\/caritas-pone-en-marcha-una-campana-para-sumar-personal-voluntario-y-recursos-para-plantar-cara-a-la-exclusion\/\"]}]},{\"@type\":\"BreadcrumbList\",\"@id\":\"https:\/\/torredonjimenoactualidad.com\/index.php\/2023\/09\/28\/caritas-pone-en-marcha-una-campana-para-sumar-personal-voluntario-y-recursos-para-plantar-cara-a-la-exclusion\/#breadcrumb\",\"itemListElement\":[{\"@type\":\"ListItem\",\"position\":1,\"name\":\"Portada\",\"item\":\"https:\/\/torredonjimenoactualidad.com\/\"},{\"@type\":\"ListItem\",\"position\":2,\"name\":\"C\u00e1ritas pone en marcha una campa\u00f1a para sumar personal voluntario y recursos para \u00abplantar cara\u00bb a la exclusi\u00f3n\"}]},{\"@type\":\"WebSite\",\"@id\":\"https:\/\/torredonjimenoactualidad.com\/#website\",\"url\":\"https:\/\/torredonjimenoactualidad.com\/\",\"name\":\"Torredonjimeno Actualidad\",\"description\":\"\",\"publisher\":{\"@id\":\"https:\/\/torredonjimenoactualidad.com\/#organization\"},\"potentialAction\":[{\"@type\":\"SearchAction\",\"target\":{\"@type\":\"EntryPoint\",\"urlTemplate\":\"https:\/\/torredonjimenoactualidad.com\/?s={search_term_string}\"},\"query-input\":\"required name=search_term_string\"}],\"inLanguage\":\"es\"},{\"@type\":\"Organization\",\"@id\":\"https:\/\/torredonjimenoactualidad.com\/#organization\",\"name\":\"Torredonjimeno Actualidad\",\"url\":\"https:\/\/torredonjimenoactualidad.com\/\",\"logo\":{\"@type\":\"ImageObject\",\"inLanguage\":\"es\",\"@id\":\"https:\/\/torredonjimenoactualidad.com\/#\/schema\/logo\/image\/\",\"url\":\"https:\/\/torredonjimenoactualidad.com\/wp-content\/uploads\/2023\/02\/logo-torredonjimeno-544x180-1.png\",\"contentUrl\":\"https:\/\/torredonjimenoactualidad.com\/wp-content\/uploads\/2023\/02\/logo-torredonjimeno-544x180-1.png\",\"width\":545,\"height\":112,\"caption\":\"Torredonjimeno Actualidad\"},\"image\":{\"@id\":\"https:\/\/torredonjimenoactualidad.com\/#\/schema\/logo\/image\/\"}},{\"@type\":\"Person\",\"@id\":\"https:\/\/torredonjimenoactualidad.com\/#\/schema\/person\/84de5f233e783ef2c75151a532b54977\",\"name\":\"Alba Mar\u00eda Torres\",\"image\":{\"@type\":\"ImageObject\",\"inLanguage\":\"es\",\"@id\":\"https:\/\/torredonjimenoactualidad.com\/#\/schema\/person\/image\/\",\"url\":\"https:\/\/secure.gravatar.com\/avatar\/f9371f188c71501b4475a9ba2a71595850ec72967f800a2ed8e3e2102859ed65?s=96&d=mm&r=g\",\"contentUrl\":\"https:\/\/secure.gravatar.com\/avatar\/f9371f188c71501b4475a9ba2a71595850ec72967f800a2ed8e3e2102859ed65?s=96&d=mm&r=g\",\"caption\":\"Alba Mar\u00eda Torres\"},\"url\":\"https:\/\/torredonjimenoactualidad.com\/index.php\/author\/alba-torres\/\"}]}<\/script>\n<!-- \/ Yoast SEO plugin. -->","yoast_head_json":{"title":"C\u00e1ritas pone en marcha una campa\u00f1a para sumar personal voluntario y recursos para \"plantar cara\" a la exclusi\u00f3n - Torredonjimeno Actualidad","robots":{"index":"index","follow":"follow","max-snippet":"max-snippet:-1","max-image-preview":"max-image-preview:large","max-video-preview":"max-video-preview:-1"},"canonical":"https:\/\/torredonjimenoactualidad.com\/index.php\/2023\/09\/28\/caritas-pone-en-marcha-una-campana-para-sumar-personal-voluntario-y-recursos-para-plantar-cara-a-la-exclusion\/","og_locale":"es_ES","og_type":"article","og_title":"C\u00e1ritas pone en marcha una campa\u00f1a para sumar personal voluntario y recursos para \"plantar cara\" a la exclusi\u00f3n - Torredonjimeno Actualidad","og_description":"C\u00e1ritas Diocesana de Ja\u00e9n ha puesto en marcha la campa\u00f1a\u00a0&#8216;\u00bfCu\u00e1l es tu excusa?&#8217; con la que pretende \u00abhacer una llamada a la solidaridad en la provincia de Ja\u00e9n frente a la cultura de la indiferencia\u00bb. El director de C\u00e1ritas, Rafael Ramos; el vicario de Caridad y delegado de C\u00e1ritas, Juan Raya, y el secretario de &hellip; C\u00e1ritas pone en marcha una campa\u00f1a para sumar personal voluntario y recursos para \u00abplantar cara\u00bb a la exclusi\u00f3n Leer m\u00e1s &raquo;","og_url":"https:\/\/torredonjimenoactualidad.com\/index.php\/2023\/09\/28\/caritas-pone-en-marcha-una-campana-para-sumar-personal-voluntario-y-recursos-para-plantar-cara-a-la-exclusion\/","og_site_name":"Torredonjimeno Actualidad","article_published_time":"2023-09-28T13:44:18+00:00","article_modified_time":"2023-09-28T13:44:19+00:00","og_image":[{"width":1701,"height":972,"url":"https:\/\/torredonjimenoactualidad.com\/wp-content\/uploads\/2023\/09\/fotonoticia_20230928145111_1920.jpg","type":"image\/jpeg"}],"author":"Alba Mar\u00eda Torres","twitter_card":"summary_large_image","twitter_misc":{"Escrito por":"Alba Mar\u00eda Torres","Tiempo de lectura":"3 minutos"},"schema":{"@context":"https:\/\/schema.org","@graph":[{"@type":"Article","@id":"https:\/\/torredonjimenoactualidad.com\/index.php\/2023\/09\/28\/caritas-pone-en-marcha-una-campana-para-sumar-personal-voluntario-y-recursos-para-plantar-cara-a-la-exclusion\/#article","isPartOf":{"@id":"https:\/\/torredonjimenoactualidad.com\/index.php\/2023\/09\/28\/caritas-pone-en-marcha-una-campana-para-sumar-personal-voluntario-y-recursos-para-plantar-cara-a-la-exclusion\/"},"author":{"name":"Alba Mar\u00eda Torres","@id":"https:\/\/torredonjimenoactualidad.com\/#\/schema\/person\/84de5f233e783ef2c75151a532b54977"},"headline":"C\u00e1ritas pone en marcha una campa\u00f1a para sumar personal voluntario y recursos para \u00abplantar cara\u00bb a la exclusi\u00f3n","datePublished":"2023-09-28T13:44:18+00:00","dateModified":"2023-09-28T13:44:19+00:00","mainEntityOfPage":{"@id":"https:\/\/torredonjimenoactualidad.com\/index.php\/2023\/09\/28\/caritas-pone-en-marcha-una-campana-para-sumar-personal-voluntario-y-recursos-para-plantar-cara-a-la-exclusion\/"},"wordCount":687,"publisher":{"@id":"https:\/\/torredonjimenoactualidad.com\/#organization"},"articleSection":["provincia"],"inLanguage":"es"},{"@type":"WebPage","@id":"https:\/\/torredonjimenoactualidad.com\/index.php\/2023\/09\/28\/caritas-pone-en-marcha-una-campana-para-sumar-personal-voluntario-y-recursos-para-plantar-cara-a-la-exclusion\/","url":"https:\/\/torredonjimenoactualidad.com\/index.php\/2023\/09\/28\/caritas-pone-en-marcha-una-campana-para-sumar-personal-voluntario-y-recursos-para-plantar-cara-a-la-exclusion\/","name":"C\u00e1ritas pone en marcha una campa\u00f1a para sumar personal voluntario y recursos para \"plantar cara\" a la exclusi\u00f3n - Torredonjimeno Actualidad","isPartOf":{"@id":"https:\/\/torredonjimenoactualidad.com\/#website"},"datePublished":"2023-09-28T13:44:18+00:00","dateModified":"2023-09-28T13:44:19+00:00","breadcrumb":{"@id":"https:\/\/torredonjimenoactualidad.com\/index.php\/2023\/09\/28\/caritas-pone-en-marcha-una-campana-para-sumar-personal-voluntario-y-recursos-para-plantar-cara-a-la-exclusion\/#breadcrumb"},"inLanguage":"es","potentialAction":[{"@type":"ReadAction","target":["https:\/\/torredonjimenoactualidad.com\/index.php\/2023\/09\/28\/caritas-pone-en-marcha-una-campana-para-sumar-personal-voluntario-y-recursos-para-plantar-cara-a-la-exclusion\/"]}]},{"@type":"BreadcrumbList","@id":"https:\/\/torredonjimenoactualidad.com\/index.php\/2023\/09\/28\/caritas-pone-en-marcha-una-campana-para-sumar-personal-voluntario-y-recursos-para-plantar-cara-a-la-exclusion\/#breadcrumb","itemListElement":[{"@type":"ListItem","position":1,"name":"Portada","item":"https:\/\/torredonjimenoactualidad.com\/"},{"@type":"ListItem","position":2,"name":"C\u00e1ritas pone en marcha una campa\u00f1a para sumar personal voluntario y recursos para \u00abplantar cara\u00bb a la exclusi\u00f3n"}]},{"@type":"WebSite","@id":"https:\/\/torredonjimenoactualidad.com\/#website","url":"https:\/\/torredonjimenoactualidad.com\/","name":"Torredonjimeno Actualidad","description":"","publisher":{"@id":"https:\/\/torredonjimenoactualidad.com\/#organization"},"potentialAction":[{"@type":"SearchAction","target":{"@type":"EntryPoint","urlTemplate":"https:\/\/torredonjimenoactualidad.com\/?s={search_term_string}"},"query-input":"required name=search_term_string"}],"inLanguage":"es"},{"@type":"Organization","@id":"https:\/\/torredonjimenoactualidad.com\/#organization","name":"Torredonjimeno Actualidad","url":"https:\/\/torredonjimenoactualidad.com\/","logo":{"@type":"ImageObject","inLanguage":"es","@id":"https:\/\/torredonjimenoactualidad.com\/#\/schema\/logo\/image\/","url":"https:\/\/torredonjimenoactualidad.com\/wp-content\/uploads\/2023\/02\/logo-torredonjimeno-544x180-1.png","contentUrl":"https:\/\/torredonjimenoactualidad.com\/wp-content\/uploads\/2023\/02\/logo-torredonjimeno-544x180-1.png","width":545,"height":112,"caption":"Torredonjimeno Actualidad"},"image":{"@id":"https:\/\/torredonjimenoactualidad.com\/#\/schema\/logo\/image\/"}},{"@type":"Person","@id":"https:\/\/torredonjimenoactualidad.com\/#\/schema\/person\/84de5f233e783ef2c75151a532b54977","name":"Alba Mar\u00eda Torres","image":{"@type":"ImageObject","inLanguage":"es","@id":"https:\/\/torredonjimenoactualidad.com\/#\/schema\/person\/image\/","url":"https:\/\/secure.gravatar.com\/avatar\/f9371f188c71501b4475a9ba2a71595850ec72967f800a2ed8e3e2102859ed65?s=96&d=mm&r=g","contentUrl":"https:\/\/secure.gravatar.com\/avatar\/f9371f188c71501b4475a9ba2a71595850ec72967f800a2ed8e3e2102859ed65?s=96&d=mm&r=g","caption":"Alba Mar\u00eda Torres"},"url":"https:\/\/torredonjimenoactualidad.com\/index.php\/author\/alba-torres\/"}]}},"_links":{"self":[{"href":"https:\/\/torredonjimenoactualidad.com\/index.php\/wp-json\/wp\/v2\/posts\/1042","targetHints":{"allow":["GET"]}}],"collection":[{"href":"https:\/\/torredonjimenoactualidad.com\/index.php\/wp-json\/wp\/v2\/posts"}],"about":[{"href":"https:\/\/torredonjimenoactualidad.com\/index.php\/wp-json\/wp\/v2\/types\/post"}],"author":[{"embeddable":true,"href":"https:\/\/torredonjimenoactualidad.com\/index.php\/wp-json\/wp\/v2\/users\/2"}],"replies":[{"embeddable":true,"href":"https:\/\/torredonjimenoactualidad.com\/index.php\/wp-json\/wp\/v2\/comments?post=1042"}],"version-history":[{"count":1,"href":"https:\/\/torredonjimenoactualidad.com\/index.php\/wp-json\/wp\/v2\/posts\/1042\/revisions"}],"predecessor-version":[{"id":1044,"href":"https:\/\/torredonjimenoactualidad.com\/index.php\/wp-json\/wp\/v2\/posts\/1042\/revisions\/1044"}],"wp:featuredmedia":[{"embeddable":true,"href":"https:\/\/torredonjimenoactualidad.com\/index.php\/wp-json\/wp\/v2\/media\/1043"}],"wp:attachment":[{"href":"https:\/\/torredonjimenoactualidad.com\/index.php\/wp-json\/wp\/v2\/media?parent=1042"}],"wp:term":[{"taxonomy":"category","embeddable":true,"href":"https:\/\/torredonjimenoactualidad.com\/index.php\/wp-json\/wp\/v2\/categories?post=1042"},{"taxonomy":"post_tag","embeddable":true,"href":"https:\/\/torredonjimenoactualidad.com\/index.php\/wp-json\/wp\/v2\/tags?post=1042"}],"curies":[{"name":"wp","href":"https:\/\/api.w.org\/{rel}","templated":true}]}}