{"id":1035,"date":"2023-09-27T17:02:36","date_gmt":"2023-09-27T17:02:36","guid":{"rendered":"https:\/\/torredonjimenoactualidad.com\/?p=1035"},"modified":"2023-09-27T17:02:37","modified_gmt":"2023-09-27T17:02:37","slug":"la-uja-promueve-visitas-culturales-a-torredonjimeno-en-su-programacion-para-el-proximo-trimestre","status":"publish","type":"post","link":"https:\/\/torredonjimenoactualidad.com\/index.php\/2023\/09\/27\/la-uja-promueve-visitas-culturales-a-torredonjimeno-en-su-programacion-para-el-proximo-trimestre\/","title":{"rendered":"La UJA promueve visitas culturales a Torredonjimeno en su programaci\u00f3n para el pr\u00f3ximo trimestre"},"content":{"rendered":"\n<p>La Universidad de Ja\u00e9n (UJA) ha dise\u00f1ado un \u00abvariado y ambicioso\u00bb programa de actividades culturales para el \u00faltimo trimestre del a\u00f1o, entre las que figuran conciertos, exposiciones o visitas a algunos municipios de la provincia.<\/p>\n\n\n\n<p>\u00abEs un programa cultural que da protagonismo a nuestros artistas, que pone en valor nuestro patrimonio y que, sobre todo, quiere sacar la cultura de los campus de Ja\u00e9n y de Linares y acercarla a la sociedad, con propuestas para todos los gustos y sensibilidades\u00bb, ha afirmado el rector, Nicol\u00e1s Ruiz, quien lo ha presentado este mi\u00e9rcoles junto a la vicerrectora de Cultura, Marta Torres.<\/p>\n\n\n\n<p>Ha se\u00f1alado que la cultura es un \u00e1mbito \u00abestrat\u00e9gico y prioritario\u00bb para la Universidad de Ja\u00e9n y se quiere \u00abdar un impulso a la actividad creativa en cualquiera de las ramas del arte, las humanidades, las ciencias y las tecnolog\u00edas\u00bb.<\/p>\n\n\n\n<p>De esta forma, se pretende tambi\u00e9n contribuir a que la UJA \u00abse fortalezca como un espacio para el encuentro y la reflexi\u00f3n, en el que conviven la diversidad y todas aquellas apuestas que ayuden a generar progreso y avance social\u00bb.<\/p>\n\n\n\n<p>Ruiz se ha referido al edificio de la antigua Escuela de Magisterio de Ja\u00e9n, nueva sede del Servicio de Actividades Culturales y del Vicerrectorado de Cultura. Tiene \u00abnuevos espacios que van a permitir desarrollar iniciativas innovadoras en relaci\u00f3n con la m\u00fasica, las artes visuales y esc\u00e9nicas, o el cine, todas ellas encaminadas a la formaci\u00f3n integral de toda la comunidad universitaria, pero que tambi\u00e9n deben tener proyecci\u00f3n a toda la sociedad\u00bb.<\/p>\n\n\n\n<p>En este sentido, y sobre la oferta cultura de la UJA, ha declarado que el objetivo se centra \u00aben ofrecer una agenda cultural abierta, inclusiva y participativa, que se visibilice y que genere un gran impacto social\u00bb.<\/p>\n\n\n\n<p>\u00abApostamos por una universidad cercana y comprometida con su entorno y, por ello, queremos seguir siendo un referente de la cultura en toda la provincia. Reforzamos la realizaci\u00f3n de actividades culturales y de extensi\u00f3n universitaria en los municipios de la provincia\u00bb, ha comentado.<\/p>\n\n\n\n<p>Al hilo, ha subrayado que la universidad busca promover y liderar una oferta cultural de calidad, pero tambi\u00e9n necesita la colaboraci\u00f3n coordinada con el resto de administraciones p\u00fablicas y con instituciones del \u00e1mbito privado \u00abpara conseguir estos objetivos, optimizando recursos, aprovechando sinergias e impulsando iniciativas que lleguen a m\u00e1s territorios y a m\u00e1s gente\u00bb.<\/p>\n\n\n\n<h2 class=\"wp-block-heading\">PROPUESTAS<\/h2>\n\n\n\n<p>Por su parte, la vicerrectora de Cultura ha desgranado el programa de actividades que se desarrollar\u00e1 hasta final a\u00f1o y que arranc\u00f3 con el concierto inaugural del curso ofrecido por la Orquesta de la UJA el pasado viernes y que se enmarca en la conmemoraci\u00f3n del 50 aniversario de la muerte de Picasso.<\/p>\n\n\n\n<p>Esta efem\u00e9ride que contar\u00e1 tambi\u00e9n con la organizaci\u00f3n de otras propuestas, como &#8216;Obra Invitada: influencias de Picasso en la colecci\u00f3n de la UJA&#8217;, Cine Club Universitario con la proyecci\u00f3n de &#8216;El joven Picasso&#8217; y &#8216;Sobrevivir a Picasso&#8217; y dos Encuentros con la Cultura: Picasso y la Tauromaquia.<\/p>\n\n\n\n<p>Respecto a las exposiciones, a la de Belin &#8216;La sencillez de lo complejo&#8217;, que alberga la antigua Escuela de Magisterio de Ja\u00e9n, se unir\u00e1n &#8216;Libro de Artista 2023&#8217; y &#8216;Micro-relato Ilustrado&#8217;, que podr\u00e1n visitarse en el Campus de Linares. Adem\u00e1s, &#8216;Contemporarte 2022&#8217; llegar\u00e1 al edificio Zabaleta del Campus Las Lagunillas.<\/p>\n\n\n\n<p>\u00abEn el \u00e1mbito musical, se mantiene el tan demandado Club de Jazz, con la actuaci\u00f3n de Daniel Cano Cuarteto, y disfrutaremos de conciertos de la Orquesta y Coro de la Universidad de Ja\u00e9n en distintos contextos, como el 363\u00ba aniversario de la consagraci\u00f3n de la Catedral de Ja\u00e9n, el Festival de Oto\u00f1o y el Festival de M\u00fasica Antigua de \u00dabeda y Baeza, terminando el a\u00f1o con el Concierto de Navidad\u00bb, ha explicado Torres.<\/p>\n\n\n\n<p>Adem\u00e1s, se han programado visitas culturales a Orcera y Segura de la Sierra y a Martos y Torredonjimeno y talleres FoCo de del Diploma de Extensi\u00f3n Universitaria en Cultura. Tambi\u00e9n se presentar\u00e1n las \u00faltimas novedades de UJA Editorial, con la celebraci\u00f3n en Ja\u00e9n de la Asamblea General de la Uni\u00f3n de Editoriales Universitarias Espa\u00f1olas, y tendr\u00e1 lugar el inicio del programa universitario para mayores Aula Abierta.<\/p>\n","protected":false},"excerpt":{"rendered":"<p>La Universidad de Ja\u00e9n (UJA) ha dise\u00f1ado un \u00abvariado y ambicioso\u00bb programa de actividades culturales para el \u00faltimo trimestre del a\u00f1o, entre las que figuran conciertos, exposiciones o visitas a algunos municipios de la provincia. \u00abEs un programa cultural que da protagonismo a nuestros artistas, que pone en valor nuestro patrimonio y que, sobre todo, &hellip;<\/p>\n<p class=\"read-more\"> <a class=\"\" href=\"https:\/\/torredonjimenoactualidad.com\/index.php\/2023\/09\/27\/la-uja-promueve-visitas-culturales-a-torredonjimeno-en-su-programacion-para-el-proximo-trimestre\/\"> <span class=\"screen-reader-text\">La UJA promueve visitas culturales a Torredonjimeno en su programaci\u00f3n para el pr\u00f3ximo trimestre<\/span> Leer m\u00e1s &raquo;<\/a><\/p>\n","protected":false},"author":2,"featured_media":1036,"comment_status":"closed","ping_status":"open","sticky":false,"template":"","format":"standard","meta":{"site-sidebar-layout":"default","site-content-layout":"default","ast-global-header-display":"","ast-main-header-display":"","ast-hfb-above-header-display":"","ast-hfb-below-header-display":"","ast-hfb-mobile-header-display":"","site-post-title":"","ast-breadcrumbs-content":"","ast-featured-img":"","footer-sml-layout":"","theme-transparent-header-meta":"","adv-header-id-meta":"","stick-header-meta":"","header-above-stick-meta":"","header-main-stick-meta":"","header-below-stick-meta":"","footnotes":""},"categories":[8],"tags":[],"class_list":["post-1035","post","type-post","status-publish","format-standard","has-post-thumbnail","hentry","category-provincia"],"yoast_head":"<!-- This site is optimized with the Yoast SEO plugin v20.8 - https:\/\/yoast.com\/wordpress\/plugins\/seo\/ -->\n<title>La UJA promueve visitas culturales a Torredonjimeno en su programaci\u00f3n para el pr\u00f3ximo trimestre - Torredonjimeno Actualidad<\/title>\n<meta name=\"robots\" content=\"index, follow, max-snippet:-1, max-image-preview:large, max-video-preview:-1\" \/>\n<link rel=\"canonical\" href=\"https:\/\/torredonjimenoactualidad.com\/index.php\/2023\/09\/27\/la-uja-promueve-visitas-culturales-a-torredonjimeno-en-su-programacion-para-el-proximo-trimestre\/\" \/>\n<meta property=\"og:locale\" content=\"es_ES\" \/>\n<meta property=\"og:type\" content=\"article\" \/>\n<meta property=\"og:title\" content=\"La UJA promueve visitas culturales a Torredonjimeno en su programaci\u00f3n para el pr\u00f3ximo trimestre - Torredonjimeno Actualidad\" \/>\n<meta property=\"og:description\" content=\"La Universidad de Ja\u00e9n (UJA) ha dise\u00f1ado un \u00abvariado y ambicioso\u00bb programa de actividades culturales para el \u00faltimo trimestre del a\u00f1o, entre las que figuran conciertos, exposiciones o visitas a algunos municipios de la provincia. \u00abEs un programa cultural que da protagonismo a nuestros artistas, que pone en valor nuestro patrimonio y que, sobre todo, &hellip; La UJA promueve visitas culturales a Torredonjimeno en su programaci\u00f3n para el pr\u00f3ximo trimestre Leer m\u00e1s &raquo;\" \/>\n<meta property=\"og:url\" content=\"https:\/\/torredonjimenoactualidad.com\/index.php\/2023\/09\/27\/la-uja-promueve-visitas-culturales-a-torredonjimeno-en-su-programacion-para-el-proximo-trimestre\/\" \/>\n<meta property=\"og:site_name\" content=\"Torredonjimeno Actualidad\" \/>\n<meta property=\"article:published_time\" content=\"2023-09-27T17:02:36+00:00\" \/>\n<meta property=\"article:modified_time\" content=\"2023-09-27T17:02:37+00:00\" \/>\n<meta property=\"og:image\" content=\"https:\/\/torredonjimenoactualidad.com\/wp-content\/uploads\/2023\/09\/fotonoticia_20230927182951_1920.jpg\" \/>\n\t<meta property=\"og:image:width\" content=\"1920\" \/>\n\t<meta property=\"og:image:height\" content=\"1098\" \/>\n\t<meta property=\"og:image:type\" content=\"image\/jpeg\" \/>\n<meta name=\"author\" content=\"Alba Mar\u00eda Torres\" \/>\n<meta name=\"twitter:card\" content=\"summary_large_image\" \/>\n<meta name=\"twitter:label1\" content=\"Escrito por\" \/>\n\t<meta name=\"twitter:data1\" content=\"Alba Mar\u00eda Torres\" \/>\n\t<meta name=\"twitter:label2\" content=\"Tiempo de lectura\" \/>\n\t<meta name=\"twitter:data2\" content=\"4 minutos\" \/>\n<script type=\"application\/ld+json\" class=\"yoast-schema-graph\">{\"@context\":\"https:\/\/schema.org\",\"@graph\":[{\"@type\":\"Article\",\"@id\":\"https:\/\/torredonjimenoactualidad.com\/index.php\/2023\/09\/27\/la-uja-promueve-visitas-culturales-a-torredonjimeno-en-su-programacion-para-el-proximo-trimestre\/#article\",\"isPartOf\":{\"@id\":\"https:\/\/torredonjimenoactualidad.com\/index.php\/2023\/09\/27\/la-uja-promueve-visitas-culturales-a-torredonjimeno-en-su-programacion-para-el-proximo-trimestre\/\"},\"author\":{\"name\":\"Alba Mar\u00eda Torres\",\"@id\":\"https:\/\/torredonjimenoactualidad.com\/#\/schema\/person\/84de5f233e783ef2c75151a532b54977\"},\"headline\":\"La UJA promueve visitas culturales a Torredonjimeno en su programaci\u00f3n para el pr\u00f3ximo trimestre\",\"datePublished\":\"2023-09-27T17:02:36+00:00\",\"dateModified\":\"2023-09-27T17:02:37+00:00\",\"mainEntityOfPage\":{\"@id\":\"https:\/\/torredonjimenoactualidad.com\/index.php\/2023\/09\/27\/la-uja-promueve-visitas-culturales-a-torredonjimeno-en-su-programacion-para-el-proximo-trimestre\/\"},\"wordCount\":739,\"publisher\":{\"@id\":\"https:\/\/torredonjimenoactualidad.com\/#organization\"},\"articleSection\":[\"provincia\"],\"inLanguage\":\"es\"},{\"@type\":\"WebPage\",\"@id\":\"https:\/\/torredonjimenoactualidad.com\/index.php\/2023\/09\/27\/la-uja-promueve-visitas-culturales-a-torredonjimeno-en-su-programacion-para-el-proximo-trimestre\/\",\"url\":\"https:\/\/torredonjimenoactualidad.com\/index.php\/2023\/09\/27\/la-uja-promueve-visitas-culturales-a-torredonjimeno-en-su-programacion-para-el-proximo-trimestre\/\",\"name\":\"La UJA promueve visitas culturales a Torredonjimeno en su programaci\u00f3n para el pr\u00f3ximo trimestre - Torredonjimeno Actualidad\",\"isPartOf\":{\"@id\":\"https:\/\/torredonjimenoactualidad.com\/#website\"},\"datePublished\":\"2023-09-27T17:02:36+00:00\",\"dateModified\":\"2023-09-27T17:02:37+00:00\",\"breadcrumb\":{\"@id\":\"https:\/\/torredonjimenoactualidad.com\/index.php\/2023\/09\/27\/la-uja-promueve-visitas-culturales-a-torredonjimeno-en-su-programacion-para-el-proximo-trimestre\/#breadcrumb\"},\"inLanguage\":\"es\",\"potentialAction\":[{\"@type\":\"ReadAction\",\"target\":[\"https:\/\/torredonjimenoactualidad.com\/index.php\/2023\/09\/27\/la-uja-promueve-visitas-culturales-a-torredonjimeno-en-su-programacion-para-el-proximo-trimestre\/\"]}]},{\"@type\":\"BreadcrumbList\",\"@id\":\"https:\/\/torredonjimenoactualidad.com\/index.php\/2023\/09\/27\/la-uja-promueve-visitas-culturales-a-torredonjimeno-en-su-programacion-para-el-proximo-trimestre\/#breadcrumb\",\"itemListElement\":[{\"@type\":\"ListItem\",\"position\":1,\"name\":\"Portada\",\"item\":\"https:\/\/torredonjimenoactualidad.com\/\"},{\"@type\":\"ListItem\",\"position\":2,\"name\":\"La UJA promueve visitas culturales a Torredonjimeno en su programaci\u00f3n para el pr\u00f3ximo trimestre\"}]},{\"@type\":\"WebSite\",\"@id\":\"https:\/\/torredonjimenoactualidad.com\/#website\",\"url\":\"https:\/\/torredonjimenoactualidad.com\/\",\"name\":\"Torredonjimeno Actualidad\",\"description\":\"\",\"publisher\":{\"@id\":\"https:\/\/torredonjimenoactualidad.com\/#organization\"},\"potentialAction\":[{\"@type\":\"SearchAction\",\"target\":{\"@type\":\"EntryPoint\",\"urlTemplate\":\"https:\/\/torredonjimenoactualidad.com\/?s={search_term_string}\"},\"query-input\":\"required name=search_term_string\"}],\"inLanguage\":\"es\"},{\"@type\":\"Organization\",\"@id\":\"https:\/\/torredonjimenoactualidad.com\/#organization\",\"name\":\"Torredonjimeno Actualidad\",\"url\":\"https:\/\/torredonjimenoactualidad.com\/\",\"logo\":{\"@type\":\"ImageObject\",\"inLanguage\":\"es\",\"@id\":\"https:\/\/torredonjimenoactualidad.com\/#\/schema\/logo\/image\/\",\"url\":\"https:\/\/torredonjimenoactualidad.com\/wp-content\/uploads\/2023\/02\/logo-torredonjimeno-544x180-1.png\",\"contentUrl\":\"https:\/\/torredonjimenoactualidad.com\/wp-content\/uploads\/2023\/02\/logo-torredonjimeno-544x180-1.png\",\"width\":545,\"height\":112,\"caption\":\"Torredonjimeno Actualidad\"},\"image\":{\"@id\":\"https:\/\/torredonjimenoactualidad.com\/#\/schema\/logo\/image\/\"}},{\"@type\":\"Person\",\"@id\":\"https:\/\/torredonjimenoactualidad.com\/#\/schema\/person\/84de5f233e783ef2c75151a532b54977\",\"name\":\"Alba Mar\u00eda Torres\",\"image\":{\"@type\":\"ImageObject\",\"inLanguage\":\"es\",\"@id\":\"https:\/\/torredonjimenoactualidad.com\/#\/schema\/person\/image\/\",\"url\":\"https:\/\/secure.gravatar.com\/avatar\/f9371f188c71501b4475a9ba2a71595850ec72967f800a2ed8e3e2102859ed65?s=96&d=mm&r=g\",\"contentUrl\":\"https:\/\/secure.gravatar.com\/avatar\/f9371f188c71501b4475a9ba2a71595850ec72967f800a2ed8e3e2102859ed65?s=96&d=mm&r=g\",\"caption\":\"Alba Mar\u00eda Torres\"},\"url\":\"https:\/\/torredonjimenoactualidad.com\/index.php\/author\/alba-torres\/\"}]}<\/script>\n<!-- \/ Yoast SEO plugin. -->","yoast_head_json":{"title":"La UJA promueve visitas culturales a Torredonjimeno en su programaci\u00f3n para el pr\u00f3ximo trimestre - Torredonjimeno Actualidad","robots":{"index":"index","follow":"follow","max-snippet":"max-snippet:-1","max-image-preview":"max-image-preview:large","max-video-preview":"max-video-preview:-1"},"canonical":"https:\/\/torredonjimenoactualidad.com\/index.php\/2023\/09\/27\/la-uja-promueve-visitas-culturales-a-torredonjimeno-en-su-programacion-para-el-proximo-trimestre\/","og_locale":"es_ES","og_type":"article","og_title":"La UJA promueve visitas culturales a Torredonjimeno en su programaci\u00f3n para el pr\u00f3ximo trimestre - Torredonjimeno Actualidad","og_description":"La Universidad de Ja\u00e9n (UJA) ha dise\u00f1ado un \u00abvariado y ambicioso\u00bb programa de actividades culturales para el \u00faltimo trimestre del a\u00f1o, entre las que figuran conciertos, exposiciones o visitas a algunos municipios de la provincia. \u00abEs un programa cultural que da protagonismo a nuestros artistas, que pone en valor nuestro patrimonio y que, sobre todo, &hellip; La UJA promueve visitas culturales a Torredonjimeno en su programaci\u00f3n para el pr\u00f3ximo trimestre Leer m\u00e1s &raquo;","og_url":"https:\/\/torredonjimenoactualidad.com\/index.php\/2023\/09\/27\/la-uja-promueve-visitas-culturales-a-torredonjimeno-en-su-programacion-para-el-proximo-trimestre\/","og_site_name":"Torredonjimeno Actualidad","article_published_time":"2023-09-27T17:02:36+00:00","article_modified_time":"2023-09-27T17:02:37+00:00","og_image":[{"width":1920,"height":1098,"url":"https:\/\/torredonjimenoactualidad.com\/wp-content\/uploads\/2023\/09\/fotonoticia_20230927182951_1920.jpg","type":"image\/jpeg"}],"author":"Alba Mar\u00eda Torres","twitter_card":"summary_large_image","twitter_misc":{"Escrito por":"Alba Mar\u00eda Torres","Tiempo de lectura":"4 minutos"},"schema":{"@context":"https:\/\/schema.org","@graph":[{"@type":"Article","@id":"https:\/\/torredonjimenoactualidad.com\/index.php\/2023\/09\/27\/la-uja-promueve-visitas-culturales-a-torredonjimeno-en-su-programacion-para-el-proximo-trimestre\/#article","isPartOf":{"@id":"https:\/\/torredonjimenoactualidad.com\/index.php\/2023\/09\/27\/la-uja-promueve-visitas-culturales-a-torredonjimeno-en-su-programacion-para-el-proximo-trimestre\/"},"author":{"name":"Alba Mar\u00eda Torres","@id":"https:\/\/torredonjimenoactualidad.com\/#\/schema\/person\/84de5f233e783ef2c75151a532b54977"},"headline":"La UJA promueve visitas culturales a Torredonjimeno en su programaci\u00f3n para el pr\u00f3ximo trimestre","datePublished":"2023-09-27T17:02:36+00:00","dateModified":"2023-09-27T17:02:37+00:00","mainEntityOfPage":{"@id":"https:\/\/torredonjimenoactualidad.com\/index.php\/2023\/09\/27\/la-uja-promueve-visitas-culturales-a-torredonjimeno-en-su-programacion-para-el-proximo-trimestre\/"},"wordCount":739,"publisher":{"@id":"https:\/\/torredonjimenoactualidad.com\/#organization"},"articleSection":["provincia"],"inLanguage":"es"},{"@type":"WebPage","@id":"https:\/\/torredonjimenoactualidad.com\/index.php\/2023\/09\/27\/la-uja-promueve-visitas-culturales-a-torredonjimeno-en-su-programacion-para-el-proximo-trimestre\/","url":"https:\/\/torredonjimenoactualidad.com\/index.php\/2023\/09\/27\/la-uja-promueve-visitas-culturales-a-torredonjimeno-en-su-programacion-para-el-proximo-trimestre\/","name":"La UJA promueve visitas culturales a Torredonjimeno en su programaci\u00f3n para el pr\u00f3ximo trimestre - Torredonjimeno Actualidad","isPartOf":{"@id":"https:\/\/torredonjimenoactualidad.com\/#website"},"datePublished":"2023-09-27T17:02:36+00:00","dateModified":"2023-09-27T17:02:37+00:00","breadcrumb":{"@id":"https:\/\/torredonjimenoactualidad.com\/index.php\/2023\/09\/27\/la-uja-promueve-visitas-culturales-a-torredonjimeno-en-su-programacion-para-el-proximo-trimestre\/#breadcrumb"},"inLanguage":"es","potentialAction":[{"@type":"ReadAction","target":["https:\/\/torredonjimenoactualidad.com\/index.php\/2023\/09\/27\/la-uja-promueve-visitas-culturales-a-torredonjimeno-en-su-programacion-para-el-proximo-trimestre\/"]}]},{"@type":"BreadcrumbList","@id":"https:\/\/torredonjimenoactualidad.com\/index.php\/2023\/09\/27\/la-uja-promueve-visitas-culturales-a-torredonjimeno-en-su-programacion-para-el-proximo-trimestre\/#breadcrumb","itemListElement":[{"@type":"ListItem","position":1,"name":"Portada","item":"https:\/\/torredonjimenoactualidad.com\/"},{"@type":"ListItem","position":2,"name":"La UJA promueve visitas culturales a Torredonjimeno en su programaci\u00f3n para el pr\u00f3ximo trimestre"}]},{"@type":"WebSite","@id":"https:\/\/torredonjimenoactualidad.com\/#website","url":"https:\/\/torredonjimenoactualidad.com\/","name":"Torredonjimeno Actualidad","description":"","publisher":{"@id":"https:\/\/torredonjimenoactualidad.com\/#organization"},"potentialAction":[{"@type":"SearchAction","target":{"@type":"EntryPoint","urlTemplate":"https:\/\/torredonjimenoactualidad.com\/?s={search_term_string}"},"query-input":"required name=search_term_string"}],"inLanguage":"es"},{"@type":"Organization","@id":"https:\/\/torredonjimenoactualidad.com\/#organization","name":"Torredonjimeno Actualidad","url":"https:\/\/torredonjimenoactualidad.com\/","logo":{"@type":"ImageObject","inLanguage":"es","@id":"https:\/\/torredonjimenoactualidad.com\/#\/schema\/logo\/image\/","url":"https:\/\/torredonjimenoactualidad.com\/wp-content\/uploads\/2023\/02\/logo-torredonjimeno-544x180-1.png","contentUrl":"https:\/\/torredonjimenoactualidad.com\/wp-content\/uploads\/2023\/02\/logo-torredonjimeno-544x180-1.png","width":545,"height":112,"caption":"Torredonjimeno Actualidad"},"image":{"@id":"https:\/\/torredonjimenoactualidad.com\/#\/schema\/logo\/image\/"}},{"@type":"Person","@id":"https:\/\/torredonjimenoactualidad.com\/#\/schema\/person\/84de5f233e783ef2c75151a532b54977","name":"Alba Mar\u00eda Torres","image":{"@type":"ImageObject","inLanguage":"es","@id":"https:\/\/torredonjimenoactualidad.com\/#\/schema\/person\/image\/","url":"https:\/\/secure.gravatar.com\/avatar\/f9371f188c71501b4475a9ba2a71595850ec72967f800a2ed8e3e2102859ed65?s=96&d=mm&r=g","contentUrl":"https:\/\/secure.gravatar.com\/avatar\/f9371f188c71501b4475a9ba2a71595850ec72967f800a2ed8e3e2102859ed65?s=96&d=mm&r=g","caption":"Alba Mar\u00eda Torres"},"url":"https:\/\/torredonjimenoactualidad.com\/index.php\/author\/alba-torres\/"}]}},"_links":{"self":[{"href":"https:\/\/torredonjimenoactualidad.com\/index.php\/wp-json\/wp\/v2\/posts\/1035","targetHints":{"allow":["GET"]}}],"collection":[{"href":"https:\/\/torredonjimenoactualidad.com\/index.php\/wp-json\/wp\/v2\/posts"}],"about":[{"href":"https:\/\/torredonjimenoactualidad.com\/index.php\/wp-json\/wp\/v2\/types\/post"}],"author":[{"embeddable":true,"href":"https:\/\/torredonjimenoactualidad.com\/index.php\/wp-json\/wp\/v2\/users\/2"}],"replies":[{"embeddable":true,"href":"https:\/\/torredonjimenoactualidad.com\/index.php\/wp-json\/wp\/v2\/comments?post=1035"}],"version-history":[{"count":1,"href":"https:\/\/torredonjimenoactualidad.com\/index.php\/wp-json\/wp\/v2\/posts\/1035\/revisions"}],"predecessor-version":[{"id":1037,"href":"https:\/\/torredonjimenoactualidad.com\/index.php\/wp-json\/wp\/v2\/posts\/1035\/revisions\/1037"}],"wp:featuredmedia":[{"embeddable":true,"href":"https:\/\/torredonjimenoactualidad.com\/index.php\/wp-json\/wp\/v2\/media\/1036"}],"wp:attachment":[{"href":"https:\/\/torredonjimenoactualidad.com\/index.php\/wp-json\/wp\/v2\/media?parent=1035"}],"wp:term":[{"taxonomy":"category","embeddable":true,"href":"https:\/\/torredonjimenoactualidad.com\/index.php\/wp-json\/wp\/v2\/categories?post=1035"},{"taxonomy":"post_tag","embeddable":true,"href":"https:\/\/torredonjimenoactualidad.com\/index.php\/wp-json\/wp\/v2\/tags?post=1035"}],"curies":[{"name":"wp","href":"https:\/\/api.w.org\/{rel}","templated":true}]}}