{"id":1019,"date":"2023-09-21T06:10:38","date_gmt":"2023-09-21T06:10:38","guid":{"rendered":"https:\/\/torredonjimenoactualidad.com\/?p=1019"},"modified":"2023-09-21T06:10:39","modified_gmt":"2023-09-21T06:10:39","slug":"compromiso-de-la-junta-con-la-promocion-del-aceite-de-oliva-virgen-extra","status":"publish","type":"post","link":"https:\/\/torredonjimenoactualidad.com\/index.php\/2023\/09\/21\/compromiso-de-la-junta-con-la-promocion-del-aceite-de-oliva-virgen-extra\/","title":{"rendered":"Compromiso de la Junta con la promoci\u00f3n del aceite de oliva virgen extra"},"content":{"rendered":"\n<p>La delegada territorial de Agricultura, Pesca, Agua y Desarrollo Rural de la Junta en Ja\u00e9n y presidenta de la Fundaci\u00f3n del Olivar, Soledad Aranda, ha destacado el compromiso de la Junta de Andaluc\u00eda con la promoci\u00f3n del aceite de oliva virgen extra (AOVE). As\u00ed lo ha indicado durante su participaci\u00f3n en Meng\u00edbar en la inauguraci\u00f3n de la Jornada Olimerca, celebrada en Terra Oleum y dirigida a profesionales del sector del oro verde.<\/p>\n\n\n\n<p>Durante el encuentro se han abordado los retos del futuro del AOVE en torno a la confianza del consumidor a trav\u00e9s de expertos de la cadena de valor. M\u00e1s de 200 personas han participado en esta cita en la que Aranda ha se\u00f1alado \u00abla importancia de analizar la actualidad del sector para continuar en la senda del crecimiento y del \u00e9xito para nuestro oro l\u00edquido\u00bb.<\/p>\n\n\n\n<p>\u00abEsta jornada es m\u00e1s que oportuna en el contexto que est\u00e1 viviendo el olivar, a quienes trasladamos desde la Consejer\u00eda un mensaje de confianza y de apoyo a los hombres y mujeres que han colaborado para que, a d\u00eda de hoy, el AOVE sea considerado el oro de la gastronom\u00eda mundial y base de la dieta mediterr\u00e1nea\u00bb, ha dicho Aranda.<\/p>\n\n\n\n<p>Asimismo, ha hecho hincapi\u00e9 en \u00abla apuesta de la Consejer\u00eda por el trabajo en la fidelizaci\u00f3n de los mercados ya alcanzados y en la conquista de nuevos mercados emergentes en el sector\u00bb.<\/p>\n\n\n\n<p>Se ha referido a que el consumo mundial de grasas vegetales el aceite de oliva apenas representa un dos por ciento, \u00abpero es un dato que debemos ver como una oportunidad y no como una debilidad\u00bb. En este sentido, ha detallado el compromiso con la promoci\u00f3n de los productos agroalimentarios de calidad.<\/p>\n\n\n\n<p>En este punto ha aludido a iniciativas como la campa\u00f1a de promoci\u00f3n junto a los Consejos Reguladores de las Denominaciones de Origen Protegida (CRDOP), dotada con 1,3 millones de euros, o las ayudas puestas a disposici\u00f3n de los CRDOP para acciones de promoci\u00f3n de los productos de calidad certificada en el mercado de interior, a los que la Consejer\u00eda ha destinado 356.000 euros en la provincia de Ja\u00e9n y cuya \u00faltima convocatoria est\u00e1 pendiente de resolverse.<\/p>\n\n\n\n<p>Por otro lado, la delegada ha subrayado la \u00abescucha activa de esta Consejer\u00eda, conscientes de las dificultades por las que est\u00e1n pasando los consejos reguladores, por lo que hemos puesto en marcha una l\u00ednea nueva de ayudas directas para apoyarles con los gastos de funcionamiento, con un presupuesto de 300.000 euros\u00bb.<\/p>\n\n\n\n<p>Al mismo tiempo, Soledad Aranda ha destacado la creaci\u00f3n de la marca Gusto del Sur, reconocida por Europa, que certifica a los productos agroalimentarios de Andaluc\u00eda de calidad que quieran acogerse, de una manera \u00e1gil y r\u00e1pida, \u00abun sello que pretendemos sea tambi\u00e9n un empuje para mejorar el posicionamiento en los mercados de nuestro aceite de oliva y aumentar por tanto su consumo\u00bb.<\/p>\n\n\n\n<p>La delegada ha mostrado ante el sector su satisfacci\u00f3n por la apertura de la Uni\u00f3n Europea a estudiar prorrogar la Medida 22 tras la reciente reuni\u00f3n mantenida por la consejera del ramo, Carmen Crespo, con el equipo del comisario Europeo de Agricultura y Desarrollo Rural en Bruselas.<\/p>\n\n\n\n<p>\u00abHablamos de una medida fundamental para el olivar que permitir\u00eda una mayor liquidez para nuestros agricultores en una situaci\u00f3n, como la actual, de elevados costes de producci\u00f3n que se suman a la sequ\u00eda y que presenta p\u00e9rdidas de producci\u00f3n del 60 por ciento\u00bb, ha dicho Aranda, que ha calificado de \u00abbuena noticia\u00bb que la UE est\u00e9 abierta a conceder dicha pr\u00f3rroga o, en su defecto, a articular una bater\u00eda de medidas similar.<br>Durante la inauguraci\u00f3n de la Jornada Olimerca, Soledad Aranda ha incidido en el compromiso de la Consejer\u00eda de Agricultura, Pesca, Agua y Desarrollo Rural con el sector agroganadero que es, como ha se\u00f1alado, \u00abel principal motor socioecon\u00f3mico de nuestra tierra\u00bb.<\/p>\n\n\n\n<p>Por otro lado, la delegada ha subrayado la celebraci\u00f3n de este ciclo de ponencias en Terra Oleum, sede de la Fundaci\u00f3n del Olivar, \u00abpunto neur\u00e1lgico del aceite de oliva y en la capital mundial del AOVE\u00bb.<\/p>\n\n\n\n<p>Paralelamente, la delegada ha trasladado la felicitaci\u00f3n de la Consejer\u00eda a los profesionales del Ifapa Venta del Llano, \u00abque desarrollan una impagable labor en favor del sector del olivar\u00bb, as\u00ed como a la Universidad de Ja\u00e9n, ambas entidades reconocidas en los Premios Olimerca 2023.<\/p>\n","protected":false},"excerpt":{"rendered":"<p>La delegada territorial de Agricultura, Pesca, Agua y Desarrollo Rural de la Junta en Ja\u00e9n y presidenta de la Fundaci\u00f3n del Olivar, Soledad Aranda, ha destacado el compromiso de la Junta de Andaluc\u00eda con la promoci\u00f3n del aceite de oliva virgen extra (AOVE). As\u00ed lo ha indicado durante su participaci\u00f3n en Meng\u00edbar en la inauguraci\u00f3n &hellip;<\/p>\n<p class=\"read-more\"> <a class=\"\" href=\"https:\/\/torredonjimenoactualidad.com\/index.php\/2023\/09\/21\/compromiso-de-la-junta-con-la-promocion-del-aceite-de-oliva-virgen-extra\/\"> <span class=\"screen-reader-text\">Compromiso de la Junta con la promoci\u00f3n del aceite de oliva virgen extra<\/span> Leer m\u00e1s &raquo;<\/a><\/p>\n","protected":false},"author":1,"featured_media":1020,"comment_status":"closed","ping_status":"open","sticky":false,"template":"","format":"standard","meta":{"site-sidebar-layout":"default","site-content-layout":"default","ast-global-header-display":"","ast-main-header-display":"","ast-hfb-above-header-display":"","ast-hfb-below-header-display":"","ast-hfb-mobile-header-display":"","site-post-title":"","ast-breadcrumbs-content":"","ast-featured-img":"","footer-sml-layout":"","theme-transparent-header-meta":"","adv-header-id-meta":"","stick-header-meta":"","header-above-stick-meta":"","header-main-stick-meta":"","header-below-stick-meta":"","footnotes":""},"categories":[8],"tags":[],"class_list":["post-1019","post","type-post","status-publish","format-standard","has-post-thumbnail","hentry","category-provincia"],"yoast_head":"<!-- This site is optimized with the Yoast SEO plugin v20.8 - https:\/\/yoast.com\/wordpress\/plugins\/seo\/ -->\n<title>Compromiso de la Junta con la promoci\u00f3n del aceite de oliva virgen extra - Torredonjimeno Actualidad<\/title>\n<meta name=\"robots\" content=\"index, follow, max-snippet:-1, max-image-preview:large, max-video-preview:-1\" \/>\n<link rel=\"canonical\" href=\"https:\/\/torredonjimenoactualidad.com\/index.php\/2023\/09\/21\/compromiso-de-la-junta-con-la-promocion-del-aceite-de-oliva-virgen-extra\/\" \/>\n<meta property=\"og:locale\" content=\"es_ES\" \/>\n<meta property=\"og:type\" content=\"article\" \/>\n<meta property=\"og:title\" content=\"Compromiso de la Junta con la promoci\u00f3n del aceite de oliva virgen extra - Torredonjimeno Actualidad\" \/>\n<meta property=\"og:description\" content=\"La delegada territorial de Agricultura, Pesca, Agua y Desarrollo Rural de la Junta en Ja\u00e9n y presidenta de la Fundaci\u00f3n del Olivar, Soledad Aranda, ha destacado el compromiso de la Junta de Andaluc\u00eda con la promoci\u00f3n del aceite de oliva virgen extra (AOVE). As\u00ed lo ha indicado durante su participaci\u00f3n en Meng\u00edbar en la inauguraci\u00f3n &hellip; Compromiso de la Junta con la promoci\u00f3n del aceite de oliva virgen extra Leer m\u00e1s &raquo;\" \/>\n<meta property=\"og:url\" content=\"https:\/\/torredonjimenoactualidad.com\/index.php\/2023\/09\/21\/compromiso-de-la-junta-con-la-promocion-del-aceite-de-oliva-virgen-extra\/\" \/>\n<meta property=\"og:site_name\" content=\"Torredonjimeno Actualidad\" \/>\n<meta property=\"article:published_time\" content=\"2023-09-21T06:10:38+00:00\" \/>\n<meta property=\"article:modified_time\" content=\"2023-09-21T06:10:39+00:00\" \/>\n<meta property=\"og:image\" content=\"https:\/\/torredonjimenoactualidad.com\/wp-content\/uploads\/2023\/09\/fotonoticia_20230920130325_1920.jpg\" \/>\n\t<meta property=\"og:image:width\" content=\"1920\" \/>\n\t<meta property=\"og:image:height\" content=\"1098\" \/>\n\t<meta property=\"og:image:type\" content=\"image\/jpeg\" \/>\n<meta name=\"author\" content=\"jimenoactualidad\" \/>\n<meta name=\"twitter:card\" content=\"summary_large_image\" \/>\n<meta name=\"twitter:label1\" content=\"Escrito por\" \/>\n\t<meta name=\"twitter:data1\" content=\"jimenoactualidad\" \/>\n\t<meta name=\"twitter:label2\" content=\"Tiempo de lectura\" \/>\n\t<meta name=\"twitter:data2\" content=\"4 minutos\" \/>\n<script type=\"application\/ld+json\" class=\"yoast-schema-graph\">{\"@context\":\"https:\/\/schema.org\",\"@graph\":[{\"@type\":\"Article\",\"@id\":\"https:\/\/torredonjimenoactualidad.com\/index.php\/2023\/09\/21\/compromiso-de-la-junta-con-la-promocion-del-aceite-de-oliva-virgen-extra\/#article\",\"isPartOf\":{\"@id\":\"https:\/\/torredonjimenoactualidad.com\/index.php\/2023\/09\/21\/compromiso-de-la-junta-con-la-promocion-del-aceite-de-oliva-virgen-extra\/\"},\"author\":{\"name\":\"jimenoactualidad\",\"@id\":\"https:\/\/torredonjimenoactualidad.com\/#\/schema\/person\/890fea51f5dcffe6a02d0233f5282106\"},\"headline\":\"Compromiso de la Junta con la promoci\u00f3n del aceite de oliva virgen extra\",\"datePublished\":\"2023-09-21T06:10:38+00:00\",\"dateModified\":\"2023-09-21T06:10:39+00:00\",\"mainEntityOfPage\":{\"@id\":\"https:\/\/torredonjimenoactualidad.com\/index.php\/2023\/09\/21\/compromiso-de-la-junta-con-la-promocion-del-aceite-de-oliva-virgen-extra\/\"},\"wordCount\":770,\"publisher\":{\"@id\":\"https:\/\/torredonjimenoactualidad.com\/#organization\"},\"articleSection\":[\"provincia\"],\"inLanguage\":\"es\"},{\"@type\":\"WebPage\",\"@id\":\"https:\/\/torredonjimenoactualidad.com\/index.php\/2023\/09\/21\/compromiso-de-la-junta-con-la-promocion-del-aceite-de-oliva-virgen-extra\/\",\"url\":\"https:\/\/torredonjimenoactualidad.com\/index.php\/2023\/09\/21\/compromiso-de-la-junta-con-la-promocion-del-aceite-de-oliva-virgen-extra\/\",\"name\":\"Compromiso de la Junta con la promoci\u00f3n del aceite de oliva virgen extra - Torredonjimeno Actualidad\",\"isPartOf\":{\"@id\":\"https:\/\/torredonjimenoactualidad.com\/#website\"},\"datePublished\":\"2023-09-21T06:10:38+00:00\",\"dateModified\":\"2023-09-21T06:10:39+00:00\",\"breadcrumb\":{\"@id\":\"https:\/\/torredonjimenoactualidad.com\/index.php\/2023\/09\/21\/compromiso-de-la-junta-con-la-promocion-del-aceite-de-oliva-virgen-extra\/#breadcrumb\"},\"inLanguage\":\"es\",\"potentialAction\":[{\"@type\":\"ReadAction\",\"target\":[\"https:\/\/torredonjimenoactualidad.com\/index.php\/2023\/09\/21\/compromiso-de-la-junta-con-la-promocion-del-aceite-de-oliva-virgen-extra\/\"]}]},{\"@type\":\"BreadcrumbList\",\"@id\":\"https:\/\/torredonjimenoactualidad.com\/index.php\/2023\/09\/21\/compromiso-de-la-junta-con-la-promocion-del-aceite-de-oliva-virgen-extra\/#breadcrumb\",\"itemListElement\":[{\"@type\":\"ListItem\",\"position\":1,\"name\":\"Portada\",\"item\":\"https:\/\/torredonjimenoactualidad.com\/\"},{\"@type\":\"ListItem\",\"position\":2,\"name\":\"Compromiso de la Junta con la promoci\u00f3n del aceite de oliva virgen extra\"}]},{\"@type\":\"WebSite\",\"@id\":\"https:\/\/torredonjimenoactualidad.com\/#website\",\"url\":\"https:\/\/torredonjimenoactualidad.com\/\",\"name\":\"Torredonjimeno Actualidad\",\"description\":\"\",\"publisher\":{\"@id\":\"https:\/\/torredonjimenoactualidad.com\/#organization\"},\"potentialAction\":[{\"@type\":\"SearchAction\",\"target\":{\"@type\":\"EntryPoint\",\"urlTemplate\":\"https:\/\/torredonjimenoactualidad.com\/?s={search_term_string}\"},\"query-input\":\"required name=search_term_string\"}],\"inLanguage\":\"es\"},{\"@type\":\"Organization\",\"@id\":\"https:\/\/torredonjimenoactualidad.com\/#organization\",\"name\":\"Torredonjimeno Actualidad\",\"url\":\"https:\/\/torredonjimenoactualidad.com\/\",\"logo\":{\"@type\":\"ImageObject\",\"inLanguage\":\"es\",\"@id\":\"https:\/\/torredonjimenoactualidad.com\/#\/schema\/logo\/image\/\",\"url\":\"https:\/\/torredonjimenoactualidad.com\/wp-content\/uploads\/2023\/02\/logo-torredonjimeno-544x180-1.png\",\"contentUrl\":\"https:\/\/torredonjimenoactualidad.com\/wp-content\/uploads\/2023\/02\/logo-torredonjimeno-544x180-1.png\",\"width\":545,\"height\":112,\"caption\":\"Torredonjimeno Actualidad\"},\"image\":{\"@id\":\"https:\/\/torredonjimenoactualidad.com\/#\/schema\/logo\/image\/\"}},{\"@type\":\"Person\",\"@id\":\"https:\/\/torredonjimenoactualidad.com\/#\/schema\/person\/890fea51f5dcffe6a02d0233f5282106\",\"name\":\"jimenoactualidad\",\"image\":{\"@type\":\"ImageObject\",\"inLanguage\":\"es\",\"@id\":\"https:\/\/torredonjimenoactualidad.com\/#\/schema\/person\/image\/\",\"url\":\"https:\/\/secure.gravatar.com\/avatar\/0668216c1d3ac3a25632718dbd8be89f94bdec298cfd7c7031591681cd0724b1?s=96&d=mm&r=g\",\"contentUrl\":\"https:\/\/secure.gravatar.com\/avatar\/0668216c1d3ac3a25632718dbd8be89f94bdec298cfd7c7031591681cd0724b1?s=96&d=mm&r=g\",\"caption\":\"jimenoactualidad\"},\"sameAs\":[\"https:\/\/torredonjimenoactualidad.com\"],\"url\":\"https:\/\/torredonjimenoactualidad.com\/index.php\/author\/jimenoactualidad\/\"}]}<\/script>\n<!-- \/ Yoast SEO plugin. -->","yoast_head_json":{"title":"Compromiso de la Junta con la promoci\u00f3n del aceite de oliva virgen extra - Torredonjimeno Actualidad","robots":{"index":"index","follow":"follow","max-snippet":"max-snippet:-1","max-image-preview":"max-image-preview:large","max-video-preview":"max-video-preview:-1"},"canonical":"https:\/\/torredonjimenoactualidad.com\/index.php\/2023\/09\/21\/compromiso-de-la-junta-con-la-promocion-del-aceite-de-oliva-virgen-extra\/","og_locale":"es_ES","og_type":"article","og_title":"Compromiso de la Junta con la promoci\u00f3n del aceite de oliva virgen extra - Torredonjimeno Actualidad","og_description":"La delegada territorial de Agricultura, Pesca, Agua y Desarrollo Rural de la Junta en Ja\u00e9n y presidenta de la Fundaci\u00f3n del Olivar, Soledad Aranda, ha destacado el compromiso de la Junta de Andaluc\u00eda con la promoci\u00f3n del aceite de oliva virgen extra (AOVE). As\u00ed lo ha indicado durante su participaci\u00f3n en Meng\u00edbar en la inauguraci\u00f3n &hellip; Compromiso de la Junta con la promoci\u00f3n del aceite de oliva virgen extra Leer m\u00e1s &raquo;","og_url":"https:\/\/torredonjimenoactualidad.com\/index.php\/2023\/09\/21\/compromiso-de-la-junta-con-la-promocion-del-aceite-de-oliva-virgen-extra\/","og_site_name":"Torredonjimeno Actualidad","article_published_time":"2023-09-21T06:10:38+00:00","article_modified_time":"2023-09-21T06:10:39+00:00","og_image":[{"width":1920,"height":1098,"url":"https:\/\/torredonjimenoactualidad.com\/wp-content\/uploads\/2023\/09\/fotonoticia_20230920130325_1920.jpg","type":"image\/jpeg"}],"author":"jimenoactualidad","twitter_card":"summary_large_image","twitter_misc":{"Escrito por":"jimenoactualidad","Tiempo de lectura":"4 minutos"},"schema":{"@context":"https:\/\/schema.org","@graph":[{"@type":"Article","@id":"https:\/\/torredonjimenoactualidad.com\/index.php\/2023\/09\/21\/compromiso-de-la-junta-con-la-promocion-del-aceite-de-oliva-virgen-extra\/#article","isPartOf":{"@id":"https:\/\/torredonjimenoactualidad.com\/index.php\/2023\/09\/21\/compromiso-de-la-junta-con-la-promocion-del-aceite-de-oliva-virgen-extra\/"},"author":{"name":"jimenoactualidad","@id":"https:\/\/torredonjimenoactualidad.com\/#\/schema\/person\/890fea51f5dcffe6a02d0233f5282106"},"headline":"Compromiso de la Junta con la promoci\u00f3n del aceite de oliva virgen extra","datePublished":"2023-09-21T06:10:38+00:00","dateModified":"2023-09-21T06:10:39+00:00","mainEntityOfPage":{"@id":"https:\/\/torredonjimenoactualidad.com\/index.php\/2023\/09\/21\/compromiso-de-la-junta-con-la-promocion-del-aceite-de-oliva-virgen-extra\/"},"wordCount":770,"publisher":{"@id":"https:\/\/torredonjimenoactualidad.com\/#organization"},"articleSection":["provincia"],"inLanguage":"es"},{"@type":"WebPage","@id":"https:\/\/torredonjimenoactualidad.com\/index.php\/2023\/09\/21\/compromiso-de-la-junta-con-la-promocion-del-aceite-de-oliva-virgen-extra\/","url":"https:\/\/torredonjimenoactualidad.com\/index.php\/2023\/09\/21\/compromiso-de-la-junta-con-la-promocion-del-aceite-de-oliva-virgen-extra\/","name":"Compromiso de la Junta con la promoci\u00f3n del aceite de oliva virgen extra - Torredonjimeno Actualidad","isPartOf":{"@id":"https:\/\/torredonjimenoactualidad.com\/#website"},"datePublished":"2023-09-21T06:10:38+00:00","dateModified":"2023-09-21T06:10:39+00:00","breadcrumb":{"@id":"https:\/\/torredonjimenoactualidad.com\/index.php\/2023\/09\/21\/compromiso-de-la-junta-con-la-promocion-del-aceite-de-oliva-virgen-extra\/#breadcrumb"},"inLanguage":"es","potentialAction":[{"@type":"ReadAction","target":["https:\/\/torredonjimenoactualidad.com\/index.php\/2023\/09\/21\/compromiso-de-la-junta-con-la-promocion-del-aceite-de-oliva-virgen-extra\/"]}]},{"@type":"BreadcrumbList","@id":"https:\/\/torredonjimenoactualidad.com\/index.php\/2023\/09\/21\/compromiso-de-la-junta-con-la-promocion-del-aceite-de-oliva-virgen-extra\/#breadcrumb","itemListElement":[{"@type":"ListItem","position":1,"name":"Portada","item":"https:\/\/torredonjimenoactualidad.com\/"},{"@type":"ListItem","position":2,"name":"Compromiso de la Junta con la promoci\u00f3n del aceite de oliva virgen extra"}]},{"@type":"WebSite","@id":"https:\/\/torredonjimenoactualidad.com\/#website","url":"https:\/\/torredonjimenoactualidad.com\/","name":"Torredonjimeno Actualidad","description":"","publisher":{"@id":"https:\/\/torredonjimenoactualidad.com\/#organization"},"potentialAction":[{"@type":"SearchAction","target":{"@type":"EntryPoint","urlTemplate":"https:\/\/torredonjimenoactualidad.com\/?s={search_term_string}"},"query-input":"required name=search_term_string"}],"inLanguage":"es"},{"@type":"Organization","@id":"https:\/\/torredonjimenoactualidad.com\/#organization","name":"Torredonjimeno Actualidad","url":"https:\/\/torredonjimenoactualidad.com\/","logo":{"@type":"ImageObject","inLanguage":"es","@id":"https:\/\/torredonjimenoactualidad.com\/#\/schema\/logo\/image\/","url":"https:\/\/torredonjimenoactualidad.com\/wp-content\/uploads\/2023\/02\/logo-torredonjimeno-544x180-1.png","contentUrl":"https:\/\/torredonjimenoactualidad.com\/wp-content\/uploads\/2023\/02\/logo-torredonjimeno-544x180-1.png","width":545,"height":112,"caption":"Torredonjimeno Actualidad"},"image":{"@id":"https:\/\/torredonjimenoactualidad.com\/#\/schema\/logo\/image\/"}},{"@type":"Person","@id":"https:\/\/torredonjimenoactualidad.com\/#\/schema\/person\/890fea51f5dcffe6a02d0233f5282106","name":"jimenoactualidad","image":{"@type":"ImageObject","inLanguage":"es","@id":"https:\/\/torredonjimenoactualidad.com\/#\/schema\/person\/image\/","url":"https:\/\/secure.gravatar.com\/avatar\/0668216c1d3ac3a25632718dbd8be89f94bdec298cfd7c7031591681cd0724b1?s=96&d=mm&r=g","contentUrl":"https:\/\/secure.gravatar.com\/avatar\/0668216c1d3ac3a25632718dbd8be89f94bdec298cfd7c7031591681cd0724b1?s=96&d=mm&r=g","caption":"jimenoactualidad"},"sameAs":["https:\/\/torredonjimenoactualidad.com"],"url":"https:\/\/torredonjimenoactualidad.com\/index.php\/author\/jimenoactualidad\/"}]}},"_links":{"self":[{"href":"https:\/\/torredonjimenoactualidad.com\/index.php\/wp-json\/wp\/v2\/posts\/1019","targetHints":{"allow":["GET"]}}],"collection":[{"href":"https:\/\/torredonjimenoactualidad.com\/index.php\/wp-json\/wp\/v2\/posts"}],"about":[{"href":"https:\/\/torredonjimenoactualidad.com\/index.php\/wp-json\/wp\/v2\/types\/post"}],"author":[{"embeddable":true,"href":"https:\/\/torredonjimenoactualidad.com\/index.php\/wp-json\/wp\/v2\/users\/1"}],"replies":[{"embeddable":true,"href":"https:\/\/torredonjimenoactualidad.com\/index.php\/wp-json\/wp\/v2\/comments?post=1019"}],"version-history":[{"count":1,"href":"https:\/\/torredonjimenoactualidad.com\/index.php\/wp-json\/wp\/v2\/posts\/1019\/revisions"}],"predecessor-version":[{"id":1021,"href":"https:\/\/torredonjimenoactualidad.com\/index.php\/wp-json\/wp\/v2\/posts\/1019\/revisions\/1021"}],"wp:featuredmedia":[{"embeddable":true,"href":"https:\/\/torredonjimenoactualidad.com\/index.php\/wp-json\/wp\/v2\/media\/1020"}],"wp:attachment":[{"href":"https:\/\/torredonjimenoactualidad.com\/index.php\/wp-json\/wp\/v2\/media?parent=1019"}],"wp:term":[{"taxonomy":"category","embeddable":true,"href":"https:\/\/torredonjimenoactualidad.com\/index.php\/wp-json\/wp\/v2\/categories?post=1019"},{"taxonomy":"post_tag","embeddable":true,"href":"https:\/\/torredonjimenoactualidad.com\/index.php\/wp-json\/wp\/v2\/tags?post=1019"}],"curies":[{"name":"wp","href":"https:\/\/api.w.org\/{rel}","templated":true}]}}